{"id":119026,"date":"2025-10-03T11:48:25","date_gmt":"2025-10-03T09:48:25","guid":{"rendered":"https:\/\/www.lasalle.org\/?p=119026"},"modified":"2025-10-12T07:47:07","modified_gmt":"2025-10-12T05:47:07","slug":"in-memoriam-brother-vincent-de-paul-rabemahafaly-1933-2025","status":"publish","type":"post","link":"https:\/\/www.lasalle.org\/en\/in-memoriam-brother-vincent-de-paul-rabemahafaly-1933-2025\/","title":{"rendered":"In memoriam  Brother Vincent de Paul Rabemahafaly (1933-2025)"},"content":{"rendered":"<div class=\"pdfprnt-buttons pdfprnt-buttons-post pdfprnt-top-right\"><a href=\"https:\/\/www.lasalle.org\/en\/wp-json\/wp\/v2\/posts\/119026?print=pdf\" class=\"pdfprnt-button pdfprnt-button-pdf\" target=\"_blank\" ><img decoding=\"async\" src=\"https:\/\/www.lasalle.org\/wp-content\/plugins\/pdf-print\/images\/pdf.png\" alt=\"image_pdf\" title=\"Download PDF\" \/><span class=\"pdfprnt-button-title pdfprnt-button-pdf-title\">PDF<\/span><\/a><a href=\"https:\/\/www.lasalle.org\/en\/wp-json\/wp\/v2\/posts\/119026?print=print\" class=\"pdfprnt-button pdfprnt-button-print\" target=\"_blank\" ><img decoding=\"async\" src=\"https:\/\/www.lasalle.org\/wp-content\/plugins\/pdf-print\/images\/print.png\" alt=\"image_print\" title=\"Print Content\" \/><span class=\"pdfprnt-button-title pdfprnt-button-print-title\">PRINT<\/span><\/a><\/div><div class=\"fusion-fullwidth fullwidth-box fusion-builder-row-1 fusion-flex-container nonhundred-percent-fullwidth non-hundred-percent-height-scrolling\" style=\"--awb-border-radius-top-left:0px;--awb-border-radius-top-right:0px;--awb-border-radius-bottom-right:0px;--awb-border-radius-bottom-left:0px;--awb-flex-wrap:wrap;\" ><div class=\"fusion-builder-row fusion-row fusion-flex-align-items-flex-start fusion-flex-content-wrap\" style=\"max-width:1248px;margin-left: calc(-4% \/ 2 );margin-right: calc(-4% \/ 2 );\"><div class=\"fusion-layout-column fusion_builder_column fusion-builder-column-0 fusion_builder_column_1_1 1_1 fusion-flex-column\" style=\"--awb-bg-size:cover;--awb-width-large:100%;--awb-margin-top-large:0px;--awb-spacing-right-large:1.92%;--awb-margin-bottom-large:0px;--awb-spacing-left-large:1.92%;--awb-width-medium:100%;--awb-spacing-right-medium:1.92%;--awb-spacing-left-medium:1.92%;--awb-width-small:100%;--awb-spacing-right-small:1.92%;--awb-spacing-left-small:1.92%;\"><div class=\"fusion-column-wrapper fusion-flex-justify-content-flex-start fusion-content-layout-column\"><div class=\"fusion-text fusion-text-1\"><p><span style=\"font-weight: 400;\">On 27 September 2025, at the age of 92, <\/span><b>Brother Vincent de Paul Rabemahafaly <\/b><span style=\"font-weight: 400;\">passed away. He had been General Councillor of the Institute for 17 years, during the time when Brother Jos\u00e9 Pablo Basterrechea (1976-1986) was Superior General and during the first term of Brother John Johnston as Superior General (1986-1993).<\/span><\/p>\n<p><span style=\"font-weight: 400;\">Brother Vincent belonged to the District of Madagascar. He was born on 26 March 1933 in Ambositra, in the central region of Madagascar. In 1951, at the age of 18, he entered the Novitiate of the Brothers of the Christian Schools in Soavimbohoaka and took his first vows in 1952. Later, in 1958, after completing his formation at the Scholasticate and teaching at several Lasallian institutions, such as the <\/span><i><span style=\"font-weight: 400;\">\u00c9cole Fr\u00e8re Rapha\u00ebl Rafiringa <\/span><\/i><span style=\"font-weight: 400;\">and the <\/span><i><span style=\"font-weight: 400;\">Juvenat Notre-Dame de Lourdes, <\/span><\/i><span style=\"font-weight: 400;\">he made his perpetual vows.\u00a0<\/span><\/p>\n<p><span style=\"font-weight: 400;\">Between 1961 and 1965, he continued his academic studies at the Jesus Magister Institute in Rome, and from 1966 onwards he was entrusted with various responsibilities in his District, first as deputy headmaster and headmaster of <\/span><i><span style=\"font-weight: 400;\">the Coll\u00e8ge Stella-Maris <\/span><\/i><span style=\"font-weight: 400;\">in Toamasina, and then as Visitor between 1968 and 1973.<\/span><\/p>\n<\/div><div class=\"fusion-title title fusion-title-1 fusion-sep-none fusion-title-text fusion-title-size-two\" style=\"--awb-text-color:var(--awb-custom17);--awb-font-size:22px;\"><h2 class=\"fusion-title-heading title-heading-left\" style=\"margin:0;font-size:1em;\"><b>Pioneering leadership<\/b><\/h2><\/div><div class=\"fusion-text fusion-text-2\"><p><span style=\"font-weight: 400;\">In 1973, Brother Vincent moved to the Generalate in Rome to take up the position of deputy director of the International Lasallian Centre (CIL) until his appointment as General Councillor for the Lasallian Region of Africa-Madagascar (RELAF) in 1976, a responsibility he took for two terms until 1993, when he returned to the District of Madagascar to take up a new term as Visitor (1993-1996).<\/span><\/p>\n<p><span style=\"font-weight: 400;\">Widely recognised for his intense pioneering work in the establishment of RELAF, Brother Vincent also rendered various services to the Church in his country, serving as Secretary of the Episcopal Conference of Madagascar for several years.\u00a0<\/span><\/p>\n<p><span style=\"font-weight: 400;\">Since 2019, he had been residing at the <\/span><i><span style=\"font-weight: 400;\">Communaut\u00e9 de Saint Joseph Maison de Retraite. <\/span><\/i><span style=\"font-weight: 400;\">\u201cMy last meeting with Brother Vincent dates back to 8 August 2025, when I visited him in his community in Ambohimangakely\u201d, says Brother Anatole Diretenadji, General Councillor. &#8220;Although he was in a wheelchair, he was in good spirits and participated fully in our conversation. His joy was evident, especially when I conveyed the greetings of the Superior General and the General Council&#8221;.<\/span><\/p>\n<p><span style=\"font-weight: 400;\">Upon his departure to the Father&#8217;s house, Brother Anatole gives thanks to God for his life \u201cdedicated to the faith and to the Lasallian Educational Mission, lived with constant joy and exemplary humility. Brother Vincent was a true model of fidelity for all of us, and his commitment and devotion to his vocation have illuminated the path of many Brothers\u201d. \u201cMay his legacy of love, service and faith continue to inspire us all to live\u00a0 our commitments with the same enthusiasm and kindness\u201d, adds the General Councillor of RELAF.<\/span><\/p>\n<\/div><div class=\"fusion-title title fusion-title-2 fusion-sep-none fusion-title-text fusion-title-size-two\" style=\"--awb-text-color:var(--awb-custom17);--awb-font-size:22px;\"><h2 class=\"fusion-title-heading title-heading-left\" style=\"margin:0;font-size:1em;\"><b>\u201cAn icon for our Institute\u201d<\/b><\/h2><\/div><div class=\"fusion-text fusion-text-3\"><p><span style=\"font-weight: 400;\">For his part, Brother Julien Ratsimbazafy, Visitor of the District of Madagascar, remembers him with affection and gratitude: \u201cBrother Vincent was a religious who had his place in the Church, in the Congregation and in his family. He always maintained communion and fraternity; he was always ready to help those in need\u201d. \u201cNot only was he an exemplary Brother in his way of being\u201d, adds Brother Julien, &#8220;but he was also an icon for our Institute\u201d. He was no stranger to a commitment to integral ecology, as \u201che was distinguished by his love of planting trees, thus responding to the ecological question\u201d.\u00a0<\/span><\/p>\n<p><span style=\"font-weight: 400;\">Brother Urbain Andrinirina, Secretary of RELAF, who also belongs to the District of Madagascar, remembers Brother Vincent with deep appreciation and admiration: &#8220;In 2017, I had the good fortune to work alongside him at the Sanctuary of Blessed Rafiringa in Soavimbahoaka (Antananarivo). We had interesting anecdotes to share and deep conversations about our vocation as educators and lay religious in the Catholic Church\u201d. Since then, Brother Urbain continues, \u201cI have always remembered his great intelligence, his humility and his serenity. His dedication as a Brother has convinced me that it is possible to achieve great things in a beautiful and quiet way\u201d, he adds, acknowledging that \u201che is a true hero for today&#8217;s new generation and is the person who inspired me to become a De La Salle Brother\u201d.<\/span><\/p>\n<p><span style=\"font-weight: 400;\">\u201cI can bear witness\u201d, Brother Urbain asserts, \u201cthat Brother Vincent knew how to combine our Malagasy traditions and the message of the Gospel. He knew how to use his sharp wit and his ability to speak, I believe, more than five languages, to share his wisdom and reflections. His example encouraged me to continue my intellectual adventure in literature, languages and culture\u201d.<\/span><\/p>\n<\/div><div class=\"fusion-title title fusion-title-3 fusion-sep-none fusion-title-text fusion-title-size-two\" style=\"--awb-text-color:var(--awb-custom17);--awb-font-size:22px;\"><h2 class=\"fusion-title-heading title-heading-left\" style=\"margin:0;font-size:1em;\"><b>His last days<\/b><\/h2><\/div><div class=\"fusion-text fusion-text-4\"><p><span style=\"font-weight: 400;\">Recalling his last emotive encounter with Brother Vincent Vincent in November 2024, when the Standing Committee of Young Brothers visited the residence of elderly Brothers in Ambohimangakely, Brother Urbain comments that, although \u201che could not articulate his words well, his agile mind remained the same, and we all listened attentively to his interesting stories as General Councillor of the Institute of the Brothers of the Christian Schools\u201d. \u201cI remember that his body was weakened, but his mind was still that of a true intellectual: wise, prudent, calm and attentive\u201d.<\/span><\/p>\n<p><span style=\"font-weight: 400;\">Brother Urbain Andrinirina trusts in his intercession and that of the Blessed Brothers Scubilion and Rafiringa for \u201cour beloved country, Madagascar, which is going through a difficult period, both politically and socially\u201d. Furthermore, he considers that \u201cit is very significant that the Catholic Church commemorates, on the same day as Brother Vincent&#8217;s death, the entry into heaven of its patron saint, a true apostle of charity, Saint Vincent de Paul, and that our Institute also celebrates the feast of our Blessed Brother Scubilion, who made the voice of the slaves on the island of La R\u00e9union heard\u201d.<\/span><\/p>\n<p><span style=\"font-weight: 400;\">\u201cHis death has left a great feeling of emptiness. May he rest in peace in the Lord\u201d, concludes Brother Julien <\/span><span style=\"font-weight: 400;\">Ratsimbazafy<\/span><span style=\"font-weight: 400;\">, Visitor of the District of Madagascar.<\/span><\/p>\n<\/div><\/div><\/div><\/div><\/div>\n","protected":false},"excerpt":{"rendered":"","protected":false},"author":9,"featured_media":119028,"comment_status":"closed","ping_status":"closed","sticky":false,"template":"","format":"standard","meta":{"_tec_requires_first_save":true,"_monsterinsights_skip_tracking":false,"_monsterinsights_sitenote_active":false,"_monsterinsights_sitenote_note":"","_monsterinsights_sitenote_category":0,"_EventAllDay":false,"_EventTimezone":"","_EventStartDate":"","_EventEndDate":"","_EventStartDateUTC":"","_EventEndDateUTC":"","_EventShowMap":false,"_EventShowMapLink":false,"_EventURL":"","_EventCost":"","_EventCostDescription":"","_EventCurrencySymbol":"","_EventCurrencyCode":"","_EventCurrencyPosition":"","_EventDateTimeSeparator":"","_EventTimeRangeSeparator":"","_EventOrganizerID":[],"_EventVenueID":[],"_OrganizerEmail":"","_OrganizerPhone":"","_OrganizerWebsite":"","_VenueAddress":"","_VenueCity":"","_VenueCountry":"","_VenueProvince":"","_VenueState":"","_VenueZip":"","_VenuePhone":"","_VenueURL":"","_VenueStateProvince":"","_VenueLat":"","_VenueLng":"","_VenueShowMap":false,"_VenueShowMapLink":false,"_tribe_blocks_recurrence_rules":"","_tribe_blocks_recurrence_description":"","_tribe_blocks_recurrence_exclusions":"","footnotes":""},"categories":[3272,3367,3462],"tags":[],"class_list":["post-119026","post","type-post","status-publish","format-standard","has-post-thumbnail","hentry","category-general-council","category-news","category-relaf-en"],"_links":{"self":[{"href":"https:\/\/www.lasalle.org\/en\/wp-json\/wp\/v2\/posts\/119026","targetHints":{"allow":["GET"]}}],"collection":[{"href":"https:\/\/www.lasalle.org\/en\/wp-json\/wp\/v2\/posts"}],"about":[{"href":"https:\/\/www.lasalle.org\/en\/wp-json\/wp\/v2\/types\/post"}],"author":[{"embeddable":true,"href":"https:\/\/www.lasalle.org\/en\/wp-json\/wp\/v2\/users\/9"}],"replies":[{"embeddable":true,"href":"https:\/\/www.lasalle.org\/en\/wp-json\/wp\/v2\/comments?post=119026"}],"version-history":[{"count":2,"href":"https:\/\/www.lasalle.org\/en\/wp-json\/wp\/v2\/posts\/119026\/revisions"}],"predecessor-version":[{"id":119181,"href":"https:\/\/www.lasalle.org\/en\/wp-json\/wp\/v2\/posts\/119026\/revisions\/119181"}],"wp:featuredmedia":[{"embeddable":true,"href":"https:\/\/www.lasalle.org\/en\/wp-json\/wp\/v2\/media\/119028"}],"wp:attachment":[{"href":"https:\/\/www.lasalle.org\/en\/wp-json\/wp\/v2\/media?parent=119026"}],"wp:term":[{"taxonomy":"category","embeddable":true,"href":"https:\/\/www.lasalle.org\/en\/wp-json\/wp\/v2\/categories?post=119026"},{"taxonomy":"post_tag","embeddable":true,"href":"https:\/\/www.lasalle.org\/en\/wp-json\/wp\/v2\/tags?post=119026"}],"curies":[{"name":"wp","href":"https:\/\/api.w.org\/{rel}","templated":true}]}}