{"id":119822,"date":"2025-10-22T13:41:06","date_gmt":"2025-10-22T11:41:06","guid":{"rendered":"https:\/\/www.lasalle.org\/?p=119822"},"modified":"2025-10-22T13:41:06","modified_gmt":"2025-10-22T11:41:06","slug":"la-salle-spain-and-portugal-commit-to-the-comprehen","status":"publish","type":"post","link":"https:\/\/www.lasalle.org\/en\/la-salle-spain-and-portugal-commit-to-the-comprehen\/","title":{"rendered":"La Salle Spain and Portugal commit to the comprehen"},"content":{"rendered":"<div class=\"pdfprnt-buttons pdfprnt-buttons-post pdfprnt-top-right\"><a href=\"https:\/\/www.lasalle.org\/en\/wp-json\/wp\/v2\/posts\/119822?print=pdf\" class=\"pdfprnt-button pdfprnt-button-pdf\" target=\"_blank\" ><img decoding=\"async\" src=\"https:\/\/www.lasalle.org\/wp-content\/plugins\/pdf-print\/images\/pdf.png\" alt=\"image_pdf\" title=\"Download PDF\" \/><span class=\"pdfprnt-button-title pdfprnt-button-pdf-title\">PDF<\/span><\/a><a href=\"https:\/\/www.lasalle.org\/en\/wp-json\/wp\/v2\/posts\/119822?print=print\" class=\"pdfprnt-button pdfprnt-button-print\" target=\"_blank\" ><img decoding=\"async\" src=\"https:\/\/www.lasalle.org\/wp-content\/plugins\/pdf-print\/images\/print.png\" alt=\"image_print\" title=\"Print Content\" \/><span class=\"pdfprnt-button-title pdfprnt-button-print-title\">PRINT<\/span><\/a><\/div><div class=\"fusion-fullwidth fullwidth-box fusion-builder-row-1 fusion-flex-container nonhundred-percent-fullwidth non-hundred-percent-height-scrolling\" style=\"--awb-border-radius-top-left:0px;--awb-border-radius-top-right:0px;--awb-border-radius-bottom-right:0px;--awb-border-radius-bottom-left:0px;--awb-flex-wrap:wrap;\" ><div class=\"fusion-builder-row fusion-row fusion-flex-align-items-flex-start fusion-flex-content-wrap\" style=\"max-width:1248px;margin-left: calc(-4% \/ 2 );margin-right: calc(-4% \/ 2 );\"><div class=\"fusion-layout-column fusion_builder_column fusion-builder-column-0 fusion_builder_column_1_1 1_1 fusion-flex-column\" style=\"--awb-bg-size:cover;--awb-width-large:100%;--awb-margin-top-large:0px;--awb-spacing-right-large:1.92%;--awb-margin-bottom-large:0px;--awb-spacing-left-large:1.92%;--awb-width-medium:100%;--awb-spacing-right-medium:1.92%;--awb-spacing-left-medium:1.92%;--awb-width-small:100%;--awb-spacing-right-small:1.92%;--awb-spacing-left-small:1.92%;\"><div class=\"fusion-column-wrapper fusion-flex-justify-content-flex-start fusion-content-layout-column\"><div class=\"fusion-text fusion-text-1\"><p><span style=\"font-weight: 400;\">\u201c<\/span><b>Composing the comprehensive well-being of children and young people<\/b><span style=\"font-weight: 400;\">\u201d. <\/span><b>This is the theme of the <\/b><a href=\"https:\/\/congresoharmonia.com\/\" target=\"_blank\" rel=\"noopener\"><b>Harmonia Congress<\/b><\/a><span style=\"font-weight: 400;\">, an educational initiative of the Arlep District (La Salle in Spain and Portugal), which will bring together Lasallian leaders and educators in Valencia (Spain) on 28 October, Lasallian leaders and educators who seek to place \u201cat the centre of social reflection the importance of children, adolescents and young people being cared for and caring for themselves so that they can grow as individuals capable of transforming the world in which they live and making it a better place\u201d.<\/span><\/p>\n<p><span style=\"font-weight: 400;\">The term \u2018harmonia\u2019, which gives the Congress its title, comes from the Greek<\/span><i><span style=\"font-weight: 400;\"> \u1f01\u03c1\u03bc\u03bf\u03bd\u03af\u03b1 <\/span><\/i><span style=\"font-weight: 400;\">and is written in Latin with an \u2018h\u2019 and without an accent, to express balance, an appropriate combination of elements that form a harmonious and coherent whole. <\/span><\/p>\n<\/div><div class=\"fusion-title title fusion-title-1 fusion-sep-none fusion-title-text fusion-title-size-two\" style=\"--awb-text-color:var(--awb-custom17);--awb-font-size:22px;\"><h2 class=\"fusion-title-heading title-heading-left\" style=\"margin:0;font-size:1em;\"><b>Commitment to well-being<\/b><\/h2><\/div><div class=\"fusion-text fusion-text-2\"><p><span style=\"font-weight: 400;\">\u201cThis Congress stems from our desire to work for a better world, starting with the children and young people we have in our classrooms\u201d, says Brother Esteban de Vega, Visitor of the Arlep District. \u201cTheir well-being, understood in a holistic way, is for us an objective in itself and, at the same time, an objective that goes further, as a platform <\/span><b>to enable our students to commit themselves to the well-being of others, <\/b><span style=\"font-weight: 400;\">as something we strive for and advance together, because we cannot be well on our own\u201d.<\/span><\/p>\n<p><span style=\"font-weight: 400;\">On the other hand, the <\/span><b>Harmonia Congress is also a response to current challenges, in <\/b><span style=\"font-weight: 400;\">\u201c<\/span><b>a reality that speaks to us of tensions<\/b><span style=\"font-weight: 400;\">, lack of communication, lack of relationships, social unrest, deteriorating mental health, fragile trust, self-harm\u2026\u201d, explains Brother Esteban, adding that these are situations that \u201cwe want to address, raise awareness about, learn from, and do so \u2018in harmony\u2019, in order to work towards a more harmonious world\u201d.<\/span><\/p>\n<\/div><div class=\"fusion-title title fusion-title-2 fusion-sep-none fusion-title-text fusion-title-size-two\" style=\"--awb-text-color:var(--awb-custom17);--awb-font-size:22px;\"><h2 class=\"fusion-title-heading title-heading-left\" style=\"margin:0;font-size:1em;\"><b>Building safe environments<\/b><\/h2><\/div><div class=\"fusion-text fusion-text-3\"><p><span style=\"font-weight: 400;\">Faced with these realities, the Congress seeks to inspire a unique melody, composed of notes that remind us of the importance of caring for and attending to the &#8216;being&#8217; from different areas, as Brother Julio Gonz\u00e1lez, Director of the Network of Lasallian Educational Works in Spain and Portugal, comments, explaining that \u201c<\/span><b>the fundamental objective is to highlight the issue of the comprehensive well-being of people in our society<\/b><span style=\"font-weight: 400;\">. This is an issue on which Lasallian schools want to offer avenues for reflection so that this theme is not just an addition to our educational proposal but, as the latest Mission Assembly of the Arlep District points out, becomes a point of reference in our educational proposal\u201d. Similarly, Brother Julio continues, \u201cwe want to generate synergies with other educational institutions and create areas of research and reflection in our society in order to build safe environments for people\u201d.\u00a0<\/span><\/p>\n<p><span style=\"font-weight: 400;\">What will the dynamics of this event be like? Brother Jes\u00fas F\u00e9lix Mart\u00ednez, coordinator of the congress, refers to this: \u201cIt is based on a series of presentations that aim to shed light and provide clues so that integral well-being in childhood, adolescence and youth can become a reality. The aim is to highlight the importance of <\/span><b>combining synergies between all those involved in personal growth: the family, the school, the environment around them, society as a whole, and with an emphasis on the contribution that public administrations must make <\/b><span style=\"font-weight: 400;\">to address situations that arise when this wellbeing is not a reality, which is particularly worrying in the current situation in our society\u201d.<\/span><\/p>\n<\/div><div class=\"fusion-title title fusion-title-3 fusion-sep-none fusion-title-text fusion-title-size-two\" style=\"--awb-text-color:var(--awb-custom17);--awb-font-size:22px;\"><h2 class=\"fusion-title-heading title-heading-left\" style=\"margin:0;font-size:1em;\"><b>Speakers and registration<\/b><\/h2><\/div><div class=\"fusion-text fusion-text-4\"><p><span style=\"font-weight: 400;\">\u201cFor this reason\u201d, adds Brother Jes\u00fas F\u00e9lix, \u201cthe speakers will include people from organisations such as UNICEF, the FAD, Oxford University, and two centres that deal with mental health issues. <\/span><b>We have not forgotten the well-being of educators<\/b><span style=\"font-weight: 400;\">, and so we will have a presentation on how to facilitate that well-being\u201d. \u201cWe will also have a space to learn how a judge of a Family Court\u00a0 writes letters to children to help them better understand the difficult situations they are facing\u201d.<\/span><\/p>\n<p><span style=\"font-weight: 400;\">Although the congress is open to the general public and <\/span><a href=\"https:\/\/congresoharmonia.com\/entradas\/\" target=\"_blank\" rel=\"noopener\"><span style=\"font-weight: 400;\">offers the possibility of participating online via streaming<\/span><\/a><span style=\"font-weight: 400;\">, it also includes two days of internal work, on 30 and 31 October, for the ARLEP District&#8217;s network of educational works.\u00a0<\/span><\/p>\n<p><span style=\"font-weight: 400;\">\u201cDuring the internal part of the congress, Mr Fran\u00e7esc Torralba will present how interiority and spirituality must be part of personal growth in order to achieve integral well-being\u201d, points out Brother Jes\u00fas F\u00e9lix.<\/span><\/p>\n<p><span style=\"font-weight: 400;\">Anyone wishing to participate, either in person or online, can <\/span><a href=\"https:\/\/congresoharmonia.com\/entradas\/\" target=\"_blank\" rel=\"noopener\"><span style=\"font-weight: 400;\">register<\/span><\/a><span style=\"font-weight: 400;\"> via the <\/span><a href=\"https:\/\/congresoharmonia.com\/\" target=\"_blank\" rel=\"noopener\"><span style=\"font-weight: 400;\">Harmonia Congress<\/span><\/a><span style=\"font-weight: 400;\"> website, where you can also find the <\/span><a href=\"https:\/\/congresoharmonia.com\/agenda\/\" target=\"_blank\" rel=\"noopener\"><span style=\"font-weight: 400;\">agenda<\/span><\/a><span style=\"font-weight: 400;\"> and list of <\/span><a href=\"https:\/\/congresoharmonia.com\/ponentes\/\" target=\"_blank\" rel=\"noopener\"><span style=\"font-weight: 400;\">speakers<\/span><\/a><span style=\"font-weight: 400;\">.<\/span><\/p>\n<\/div><\/div><\/div><\/div><\/div>\n","protected":false},"excerpt":{"rendered":"","protected":false},"author":9,"featured_media":119709,"comment_status":"closed","ping_status":"closed","sticky":false,"template":"","format":"standard","meta":{"_tec_requires_first_save":true,"_monsterinsights_skip_tracking":false,"_monsterinsights_sitenote_active":false,"_monsterinsights_sitenote_note":"","_monsterinsights_sitenote_category":0,"_EventAllDay":false,"_EventTimezone":"","_EventStartDate":"","_EventEndDate":"","_EventStartDateUTC":"","_EventEndDateUTC":"","_EventShowMap":false,"_EventShowMapLink":false,"_EventURL":"","_EventCost":"","_EventCostDescription":"","_EventCurrencySymbol":"","_EventCurrencyCode":"","_EventCurrencyPosition":"","_EventDateTimeSeparator":"","_EventTimeRangeSeparator":"","_EventOrganizerID":[],"_EventVenueID":[],"_OrganizerEmail":"","_OrganizerPhone":"","_OrganizerWebsite":"","_VenueAddress":"","_VenueCity":"","_VenueCountry":"","_VenueProvince":"","_VenueState":"","_VenueZip":"","_VenuePhone":"","_VenueURL":"","_VenueStateProvince":"","_VenueLat":"","_VenueLng":"","_VenueShowMap":false,"_VenueShowMapLink":false,"_tribe_blocks_recurrence_rules":"","_tribe_blocks_recurrence_description":"","_tribe_blocks_recurrence_exclusions":"","footnotes":""},"categories":[3367,3528],"tags":[],"class_list":["post-119822","post","type-post","status-publish","format-standard","has-post-thumbnail","hentry","category-news","category-relem-en"],"_links":{"self":[{"href":"https:\/\/www.lasalle.org\/en\/wp-json\/wp\/v2\/posts\/119822","targetHints":{"allow":["GET"]}}],"collection":[{"href":"https:\/\/www.lasalle.org\/en\/wp-json\/wp\/v2\/posts"}],"about":[{"href":"https:\/\/www.lasalle.org\/en\/wp-json\/wp\/v2\/types\/post"}],"author":[{"embeddable":true,"href":"https:\/\/www.lasalle.org\/en\/wp-json\/wp\/v2\/users\/9"}],"replies":[{"embeddable":true,"href":"https:\/\/www.lasalle.org\/en\/wp-json\/wp\/v2\/comments?post=119822"}],"version-history":[{"count":1,"href":"https:\/\/www.lasalle.org\/en\/wp-json\/wp\/v2\/posts\/119822\/revisions"}],"predecessor-version":[{"id":119823,"href":"https:\/\/www.lasalle.org\/en\/wp-json\/wp\/v2\/posts\/119822\/revisions\/119823"}],"wp:featuredmedia":[{"embeddable":true,"href":"https:\/\/www.lasalle.org\/en\/wp-json\/wp\/v2\/media\/119709"}],"wp:attachment":[{"href":"https:\/\/www.lasalle.org\/en\/wp-json\/wp\/v2\/media?parent=119822"}],"wp:term":[{"taxonomy":"category","embeddable":true,"href":"https:\/\/www.lasalle.org\/en\/wp-json\/wp\/v2\/categories?post=119822"},{"taxonomy":"post_tag","embeddable":true,"href":"https:\/\/www.lasalle.org\/en\/wp-json\/wp\/v2\/tags?post=119822"}],"curies":[{"name":"wp","href":"https:\/\/api.w.org\/{rel}","templated":true}]}}