{"id":103400,"date":"2024-09-17T14:46:32","date_gmt":"2024-09-17T13:46:32","guid":{"rendered":"https:\/\/www.lasalle.org\/?p=103400"},"modified":"2024-09-17T14:46:32","modified_gmt":"2024-09-17T13:46:32","slug":"luniversite-de-bethleem-est-un-phare-despoir-en-terre-sainte","status":"publish","type":"post","link":"https:\/\/www.lasalle.org\/fr\/luniversite-de-bethleem-est-un-phare-despoir-en-terre-sainte\/","title":{"rendered":"L&rsquo;Universit\u00e9 de Bethl\u00e9em est un phare d&rsquo;espoir en Terre Sainte"},"content":{"rendered":"<div class=\"pdfprnt-buttons pdfprnt-buttons-post pdfprnt-top-right\"><a href=\"https:\/\/www.lasalle.org\/fr\/wp-json\/wp\/v2\/posts\/103400?print=pdf\" class=\"pdfprnt-button pdfprnt-button-pdf\" target=\"_blank\" ><img decoding=\"async\" src=\"https:\/\/www.lasalle.org\/wp-content\/plugins\/pdf-print\/images\/pdf.png\" alt=\"image_pdf\" title=\"T\u00e9l\u00e9charger le PDF\" \/><span class=\"pdfprnt-button-title pdfprnt-button-pdf-title\">PDF<\/span><\/a><a href=\"https:\/\/www.lasalle.org\/fr\/wp-json\/wp\/v2\/posts\/103400?print=print\" class=\"pdfprnt-button pdfprnt-button-print\" target=\"_blank\" ><img decoding=\"async\" src=\"https:\/\/www.lasalle.org\/wp-content\/plugins\/pdf-print\/images\/print.png\" alt=\"image_print\" title=\"Contenu imprim\u00e9\" \/><span class=\"pdfprnt-button-title pdfprnt-button-print-title\">PRINT<\/span><\/a><\/div><div class=\"fusion-fullwidth fullwidth-box fusion-builder-row-1 fusion-flex-container nonhundred-percent-fullwidth non-hundred-percent-height-scrolling\" style=\"--awb-border-radius-top-left:0px;--awb-border-radius-top-right:0px;--awb-border-radius-bottom-right:0px;--awb-border-radius-bottom-left:0px;--awb-flex-wrap:wrap;\" ><div class=\"fusion-builder-row fusion-row fusion-flex-align-items-flex-start fusion-flex-content-wrap\" style=\"max-width:1248px;margin-left: calc(-4% \/ 2 );margin-right: calc(-4% \/ 2 );\"><div class=\"fusion-layout-column fusion_builder_column fusion-builder-column-0 fusion_builder_column_1_1 1_1 fusion-flex-column\" style=\"--awb-bg-size:cover;--awb-width-large:100%;--awb-margin-top-large:0px;--awb-spacing-right-large:1.92%;--awb-margin-bottom-large:0px;--awb-spacing-left-large:1.92%;--awb-width-medium:100%;--awb-spacing-right-medium:1.92%;--awb-spacing-left-medium:1.92%;--awb-width-small:100%;--awb-spacing-right-small:1.92%;--awb-spacing-left-small:1.92%;\"><div class=\"fusion-column-wrapper fusion-flex-justify-content-flex-start fusion-content-layout-column\"><div class=\"fusion-text fusion-text-1\"><p><strong>Des repr\u00e9sentants de la seule universit\u00e9 catholique de Terre Sainte se sont r\u00e9unis avec un groupe d&rsquo;ambassadeurs du Saint-Si\u00e8ge \u00e0 Rome<\/strong>\u00a0pour leur faire part de la situation de l&rsquo;universit\u00e9, un point de r\u00e9f\u00e9rence multiculturel et acad\u00e9mique dans la r\u00e9gion. Les 3400 \u00e9tudiants inscrits rencontrent de plus en plus de difficult\u00e9s pour acc\u00e9der au campus depuis le d\u00e9but de la guerre.<\/p>\n<p><strong>\u00ab L&rsquo;Universit\u00e9 de Bethl\u00e9em est plus qu&rsquo;une universit\u00e9. C&rsquo;est un phare d&rsquo;espoir pour le peuple palestinien et pour les personnes de toutes religions du monde qui se soucient de la Terre Sainte et de son peuple.\u00a0<\/strong>Elle forme de futurs leaders qui joueront un r\u00f4le crucial dans la reconstruction de leurs communaut\u00e9s et dans la promotion de la paix au Moyen-Orient \u00bb. C&rsquo;est ce qu&rsquo;a d\u00e9clar\u00e9 le Fr\u00e8re lassalien Jack Curran, Vice-recteur au D\u00e9veloppement de l&rsquo;universit\u00e9, lors d&rsquo;une rencontre tenue le 12 septembre dernier \u00e0 la Maison G\u00e9n\u00e9rale des Fr\u00e8res des \u00c9coles Chr\u00e9tiennes, \u00e0 Rome, entre des repr\u00e9sentants de la seule universit\u00e9 catholique de Palestine et des ambassadeurs pr\u00e8s le Saint-Si\u00e8ge, ax\u00e9e sur la r\u00e9alit\u00e9 dramatique des \u00e9tudiants et leurs d\u00e9fis, qui ont consid\u00e9rablement augment\u00e9 depuis la crise.<\/p>\n<\/div><div class=\"fusion-text fusion-text-2\"><p><strong>Un refuge s\u00fbr face au conflit<\/strong><\/p>\n<p>Fond\u00e9e en 1973 par le Vatican et l&rsquo;Institut des Fr\u00e8res des \u00c9coles Chr\u00e9tiennes en r\u00e9ponse \u00e0 la demande du peuple palestinien,\u00a0<strong>l&rsquo;Universit\u00e9 de Bethl\u00e9em \u00ab reste une bou\u00e9e de sauvetage \u00e9ducative pour les \u00e9tudiants et leurs familles \u00bb\u00a0<\/strong>en ces temps de guerre et d&rsquo;instabilit\u00e9.<\/p>\n<p>Il y a 3 400 \u00e9tudiants inscrits, dont 800 sont en premi\u00e8re ann\u00e9e.<strong>\u00a0Environ la moiti\u00e9, explique le Fr\u00e8re Jack, vivent dans l&rsquo;ins\u00e9curit\u00e9 pour rejoindre le campus<\/strong>, que ce soit ceux qui viennent d&rsquo;H\u00e9bron, entour\u00e9e de points de contr\u00f4le et de colonies, ou ceux qui viennent de J\u00e9rusalem, reli\u00e9e \u00e0 Bethl\u00e9em par deux entr\u00e9es ferm\u00e9es p\u00e9riodiquement.<\/p>\n<p>\u00ab Pour beaucoup \u00bb, en effet, \u00ab l&rsquo;universit\u00e9 n&rsquo;est pas seulement un lieu de croissance acad\u00e9mique, mais aussi un refuge s\u00fbr face au conflit qui les entoure, gr\u00e2ce \u00e0 son engagement constant dans la qu\u00eate de la v\u00e9rit\u00e9, la promotion de la justice sociale, la paix et la compr\u00e9hension \u00bb.<\/p>\n<\/div><div class=\"fusion-text fusion-text-3\"><p><strong>Un encouragement \u00e0 partager<\/strong><\/p>\n<p>\u00ab L&rsquo;Universit\u00e9 de Bethl\u00e9em reste un pilier de force et de r\u00e9silience pour les \u00e9tudiants palestiniens en ces temps turbulents \u00bb, a r\u00e9it\u00e9r\u00e9 le Fr\u00e8re Armin Luistro, Sup\u00e9rieur G\u00e9n\u00e9ral des Fr\u00e8res des \u00c9coles Chr\u00e9tiennes, \u00ab et<strong>\u00a0il est urgent d&rsquo;aider \u00e0 renforcer sa mission et \u00e0 soutenir son parcours \u00bb<\/strong>.<\/p>\n<p><strong>La rencontre a mis en lumi\u00e8re la n\u00e9cessit\u00e9 de sensibiliser et de soutenir \u00e0 l&rsquo;\u00e9chelle mondiale l&rsquo;Universit\u00e9 de Bethl\u00e9em<\/strong>, non seulement en tant qu&rsquo;institution d&rsquo;enseignement sup\u00e9rieur, mais aussi en tant que force de paix et de progr\u00e8s dans une r\u00e9gion marqu\u00e9e par le conflit. Les ambassadeurs ont \u00e9t\u00e9 encourag\u00e9s \u00e0 partager l&rsquo;histoire de l&rsquo;universit\u00e9 dans leurs r\u00e9seaux internationaux pour intensifier son impact sur les \u00e9tudiants palestiniens et la communaut\u00e9 mondiale.<\/p>\n<\/div><div class=\"fusion-text fusion-text-4\"><p><strong>Imaginer un avenir pacifique<\/strong><\/p>\n<p>\u00ab L&rsquo;\u00e9ducation est toujours un outil fondamental pour l&rsquo;espoir et le changement et, plus encore en temps de guerre,<strong>\u00a0l&rsquo;Universit\u00e9 de Bethl\u00e9em offre aux \u00e9tudiants palestiniens l&rsquo;opportunit\u00e9 d&rsquo;imaginer et de construire un avenir pacifique, malgr\u00e9 l&rsquo;occupation et la violence qu&rsquo;ils subissent<\/strong>\u00a0\u00bb, a soulign\u00e9 le Fr\u00e8re H\u00e9ctor Hern\u00e1n Santos Gonz\u00e1lez, recteur de l&rsquo;Universit\u00e9.<\/p>\n<p>Situ\u00e9e au c\u0153ur de Bethl\u00e9em, \u00e0 seulement 500 m\u00e8tres de la basilique de la Nativit\u00e9, l&rsquo;Universit\u00e9 accueille un corps \u00e9tudiant divers compos\u00e9s de chr\u00e9tiens et de musulmans, \u00ab et\u00a0<strong>offre un large \u00e9ventail de programmes acad\u00e9miques qui promeuvent la paix, le dialogue et le d\u00e9veloppement communautaire<\/strong>, pr\u00e9parant les \u00e9tudiants \u00e0 exercer diff\u00e9rentes professions avec comp\u00e9tence, confiance et caract\u00e8re \u00bb.<\/p>\n<\/div><div class=\"fusion-text fusion-text-5\"><h6><strong><em>*Article publi\u00e9 sur <\/em><\/strong><a href=\"https:\/\/www.vaticannews.va\/es\/iglesia\/news\/2024-09\/universidad-de-belen-dejen-encendido-un-faro-de-esperanza.html\" target=\"_blank\" rel=\"noopener\"><strong><em>Vatican News<\/em><\/strong><\/a><\/h6>\n<\/div><\/div><\/div><\/div><\/div>\n","protected":false},"excerpt":{"rendered":"","protected":false},"author":9,"featured_media":103392,"comment_status":"closed","ping_status":"closed","sticky":false,"template":"","format":"standard","meta":{"_tec_requires_first_save":true,"_monsterinsights_skip_tracking":false,"_monsterinsights_sitenote_active":false,"_monsterinsights_sitenote_note":"","_monsterinsights_sitenote_category":0,"_EventAllDay":false,"_EventTimezone":"","_EventStartDate":"","_EventEndDate":"","_EventStartDateUTC":"","_EventEndDateUTC":"","_EventShowMap":false,"_EventShowMapLink":false,"_EventURL":"","_EventCost":"","_EventCostDescription":"","_EventCurrencySymbol":"","_EventCurrencyCode":"","_EventCurrencyPosition":"","_EventDateTimeSeparator":"","_EventTimeRangeSeparator":"","_EventOrganizerID":[],"_EventVenueID":[],"_OrganizerEmail":"","_OrganizerPhone":"","_OrganizerWebsite":"","_VenueAddress":"","_VenueCity":"","_VenueCountry":"","_VenueProvince":"","_VenueState":"","_VenueZip":"","_VenuePhone":"","_VenueURL":"","_VenueStateProvince":"","_VenueLat":"","_VenueLng":"","_VenueShowMap":false,"_VenueShowMapLink":false,"_tribe_blocks_recurrence_rules":"","_tribe_blocks_recurrence_description":"","_tribe_blocks_recurrence_exclusions":"","footnotes":""},"categories":[3372,3270,3368,3384],"tags":[],"class_list":["post-103400","post","type-post","status-publish","format-standard","has-post-thumbnail","hentry","category-institutions-et-organisations","category-maison-generalice","category-nouvelles","category-saint-siege"],"_links":{"self":[{"href":"https:\/\/www.lasalle.org\/fr\/wp-json\/wp\/v2\/posts\/103400","targetHints":{"allow":["GET"]}}],"collection":[{"href":"https:\/\/www.lasalle.org\/fr\/wp-json\/wp\/v2\/posts"}],"about":[{"href":"https:\/\/www.lasalle.org\/fr\/wp-json\/wp\/v2\/types\/post"}],"author":[{"embeddable":true,"href":"https:\/\/www.lasalle.org\/fr\/wp-json\/wp\/v2\/users\/9"}],"replies":[{"embeddable":true,"href":"https:\/\/www.lasalle.org\/fr\/wp-json\/wp\/v2\/comments?post=103400"}],"version-history":[{"count":2,"href":"https:\/\/www.lasalle.org\/fr\/wp-json\/wp\/v2\/posts\/103400\/revisions"}],"predecessor-version":[{"id":103402,"href":"https:\/\/www.lasalle.org\/fr\/wp-json\/wp\/v2\/posts\/103400\/revisions\/103402"}],"wp:featuredmedia":[{"embeddable":true,"href":"https:\/\/www.lasalle.org\/fr\/wp-json\/wp\/v2\/media\/103392"}],"wp:attachment":[{"href":"https:\/\/www.lasalle.org\/fr\/wp-json\/wp\/v2\/media?parent=103400"}],"wp:term":[{"taxonomy":"category","embeddable":true,"href":"https:\/\/www.lasalle.org\/fr\/wp-json\/wp\/v2\/categories?post=103400"},{"taxonomy":"post_tag","embeddable":true,"href":"https:\/\/www.lasalle.org\/fr\/wp-json\/wp\/v2\/tags?post=103400"}],"curies":[{"name":"wp","href":"https:\/\/api.w.org\/{rel}","templated":true}]}}