{"id":104108,"date":"2024-09-27T08:37:54","date_gmt":"2024-09-27T07:37:54","guid":{"rendered":"https:\/\/www.lasalle.org\/?p=104108"},"modified":"2024-09-27T08:38:14","modified_gmt":"2024-09-27T07:38:14","slug":"mourad-barsoum-le-volontariat-est-un-signe-despoir-pour-les-lasalliens","status":"publish","type":"post","link":"https:\/\/www.lasalle.org\/fr\/mourad-barsoum-le-volontariat-est-un-signe-despoir-pour-les-lasalliens\/","title":{"rendered":"Mourad Barsoum : \u00ab\u00a0Le volontariat est un signe d&rsquo;espoir pour les lasalliens\u00a0\u00bb"},"content":{"rendered":"<div class=\"pdfprnt-buttons pdfprnt-buttons-post pdfprnt-top-right\"><a href=\"https:\/\/www.lasalle.org\/fr\/wp-json\/wp\/v2\/posts\/104108?print=pdf\" class=\"pdfprnt-button pdfprnt-button-pdf\" target=\"_blank\" ><img decoding=\"async\" src=\"https:\/\/www.lasalle.org\/wp-content\/plugins\/pdf-print\/images\/pdf.png\" alt=\"image_pdf\" title=\"T\u00e9l\u00e9charger le PDF\" \/><span class=\"pdfprnt-button-title pdfprnt-button-pdf-title\">PDF<\/span><\/a><a href=\"https:\/\/www.lasalle.org\/fr\/wp-json\/wp\/v2\/posts\/104108?print=print\" class=\"pdfprnt-button pdfprnt-button-print\" target=\"_blank\" ><img decoding=\"async\" src=\"https:\/\/www.lasalle.org\/wp-content\/plugins\/pdf-print\/images\/print.png\" alt=\"image_print\" title=\"Contenu imprim\u00e9\" \/><span class=\"pdfprnt-button-title pdfprnt-button-print-title\">PRINT<\/span><\/a><\/div><div class=\"fusion-fullwidth fullwidth-box fusion-builder-row-1 fusion-flex-container nonhundred-percent-fullwidth non-hundred-percent-height-scrolling\" style=\"--awb-border-radius-top-left:0px;--awb-border-radius-top-right:0px;--awb-border-radius-bottom-right:0px;--awb-border-radius-bottom-left:0px;--awb-flex-wrap:wrap;\" ><div class=\"fusion-builder-row fusion-row fusion-flex-align-items-flex-start fusion-flex-content-wrap\" style=\"max-width:1248px;margin-left: calc(-4% \/ 2 );margin-right: calc(-4% \/ 2 );\"><div class=\"fusion-layout-column fusion_builder_column fusion-builder-column-0 fusion_builder_column_1_1 1_1 fusion-flex-column\" style=\"--awb-bg-size:cover;--awb-width-large:100%;--awb-margin-top-large:0px;--awb-spacing-right-large:1.92%;--awb-margin-bottom-large:0px;--awb-spacing-left-large:1.92%;--awb-width-medium:100%;--awb-spacing-right-medium:1.92%;--awb-spacing-left-medium:1.92%;--awb-width-small:100%;--awb-spacing-right-small:1.92%;--awb-spacing-left-small:1.92%;\"><div class=\"fusion-column-wrapper fusion-flex-justify-content-flex-start fusion-content-layout-column\"><div class=\"fusion-text fusion-text-1\"><p><img decoding=\"async\" class=\"alignright size-medium wp-image-104084\" src=\"https:\/\/www.lasalle.org\/wp-content\/uploads\/2024\/09\/Mourad-1-300x169.png\" alt=\"\" width=\"300\" height=\"169\" srcset=\"https:\/\/www.lasalle.org\/wp-content\/uploads\/2024\/09\/Mourad-1-200x113.png 200w, https:\/\/www.lasalle.org\/wp-content\/uploads\/2024\/09\/Mourad-1-300x169.png 300w, https:\/\/www.lasalle.org\/wp-content\/uploads\/2024\/09\/Mourad-1-400x225.png 400w, https:\/\/www.lasalle.org\/wp-content\/uploads\/2024\/09\/Mourad-1-600x338.png 600w, https:\/\/www.lasalle.org\/wp-content\/uploads\/2024\/09\/Mourad-1-768x432.png 768w, https:\/\/www.lasalle.org\/wp-content\/uploads\/2024\/09\/Mourad-1-800x450.png 800w, https:\/\/www.lasalle.org\/wp-content\/uploads\/2024\/09\/Mourad-1-1200x675.png 1200w, https:\/\/www.lasalle.org\/wp-content\/uploads\/2024\/09\/Mourad-1-1536x864.png 1536w, https:\/\/www.lasalle.org\/wp-content\/uploads\/2024\/09\/Mourad-1-1800x1013.png 1800w, https:\/\/www.lasalle.org\/wp-content\/uploads\/2024\/09\/Mourad-1.png 1920w\" sizes=\"(max-width: 300px) 100vw, 300px\" \/>Apr\u00e8s la tenue du <a href=\"https:\/\/www.lasalle.org\/fr\/la-communaute-de-tabatinga-en-amazonie-accueille-le-2e-congres-du-volontariat-de-la-relal\/\">2e Congr\u00e8s de Volontariat de la R\u00e9gion Lasallienne d&rsquo;Am\u00e9rique Latine\u00a0(RELAL)<\/a>, le\u00a0Directeur du Bureau des Vocations et du Volontariat de l&rsquo;Institut des Fr\u00e8res des \u00c9coles Chr\u00e9tiennes<strong>\u00a0<\/strong><strong>Mourad Barsoum, affirme que cette exp\u00e9rience \u00ab\u00a0est un espoir pour la r\u00e9gion\u00a0\u00bb.<\/strong><\/p>\n<p>Face \u00e0 la r\u00e9alit\u00e9 de l&rsquo;Institut,<strong>\u00a0d\u00e9couvrir la RELAL et comprendre ses dynamiques en relation avec le volontariat et les personnes qui font partie de ce r\u00e9seau<\/strong>\u00a0a repr\u00e9sent\u00e9 pour Mourad \u00ab\u00a0une grande richesse\u00a0\u00bb.<\/p>\n<p>Le la\u00efc lasallien \u00e9gyptien faisait partie du groupe de 25 participants qui se sont r\u00e9unis du 21 au 25 ao\u00fbt dans la triple fronti\u00e8re amazonienne entre le Br\u00e9sil, la Colombie et le P\u00e9rou,\u00a0<strong>\u00e0 Tabatinga, o\u00f9 se trouve une communaut\u00e9 lasallienne qui accueille des volontaires et r\u00e9alise sa mission dans la r\u00e9gion amazonienne, suivant la perspective du <\/strong><a href=\"https:\/\/www.lasalle.org\/fr\/projet-levain\/\"><strong><em>mouvement levain<\/em><\/strong><\/a>.<\/p>\n<\/div><div class=\"fusion-text fusion-text-2\"><p><strong>Une vision, une vision, un espoir<\/strong><\/p>\n<p><img decoding=\"async\" class=\"alignleft size-medium wp-image-104088\" src=\"https:\/\/www.lasalle.org\/wp-content\/uploads\/2024\/09\/Mourad-5-300x169.jpg\" alt=\"\" width=\"300\" height=\"169\" srcset=\"https:\/\/www.lasalle.org\/wp-content\/uploads\/2024\/09\/Mourad-5-200x113.jpg 200w, https:\/\/www.lasalle.org\/wp-content\/uploads\/2024\/09\/Mourad-5-300x169.jpg 300w, https:\/\/www.lasalle.org\/wp-content\/uploads\/2024\/09\/Mourad-5-400x225.jpg 400w, https:\/\/www.lasalle.org\/wp-content\/uploads\/2024\/09\/Mourad-5-600x338.jpg 600w, https:\/\/www.lasalle.org\/wp-content\/uploads\/2024\/09\/Mourad-5-768x432.jpg 768w, https:\/\/www.lasalle.org\/wp-content\/uploads\/2024\/09\/Mourad-5-800x450.jpg 800w, https:\/\/www.lasalle.org\/wp-content\/uploads\/2024\/09\/Mourad-5-1200x675.jpg 1200w, https:\/\/www.lasalle.org\/wp-content\/uploads\/2024\/09\/Mourad-5-1536x864.jpg 1536w, https:\/\/www.lasalle.org\/wp-content\/uploads\/2024\/09\/Mourad-5-1800x1013.jpg 1800w\" sizes=\"(max-width: 300px) 100vw, 300px\" \/><\/p>\n<p>\u00ab\u00a0Je vois la joie, l&rsquo;espoir et un nouvel horizon, et\u00a0<strong>il est important que toute la R\u00e9gion se soit r\u00e9unie pour construire une vision, une mission et pour envisager comment seront les cinq prochaines ann\u00e9es<\/strong>. Pour moi, le volontariat lasallien est un signe d&rsquo;espoir pour les lasalliens (&#8230;) \u00e9galement dans la perspective d&rsquo;\u00eatre &lsquo;Un La Salle'\u00a0\u00bb, assure le Directeur du Bureau des Vocations et du Volontariat.<\/p>\n<p>Concernant les t\u00e2ches et actions \u00e0 mener dans les temps \u00e0 venir, Mourad souligne\u00a0<strong>l&rsquo;importance de ceux \u00ab\u00a0qui sont pr\u00eats \u00e0 donner de leur temps\u00a0\u00bb et \u00e0 s&rsquo;engager dans l&rsquo;exp\u00e9rience passionnante du volontariat<\/strong>\u00a0en Am\u00e9rique latine, ainsi qu&rsquo;en Asie, en Afrique ou dans tout autre contexte o\u00f9 l&rsquo;Institut est pr\u00e9sent. \u00ab\u00a0J&rsquo;encourage les lasalliens \u00e0 &lsquo;venir et voir'\u00a0\u00bb, dit-il, en \u00e9voquant les paroles que J\u00e9sus adresse \u00e0 ceux qui veulent le suivre : \u00ab\u00a0viens et tu verras\u00a0\u00bb (Jn 1,46). \u00ab\u00a0Le volontariat n&rsquo;est pas seulement pour un type de personnes, mais pour tous\u00a0\u00bb, affirme-t-il avec conviction.<\/p>\n<\/div><div class=\"fusion-text fusion-text-3\"><p><strong>Foi, fraternit\u00e9 et service<\/strong><\/p>\n<p><strong><img decoding=\"async\" class=\"alignright wp-image-104097 size-full\" src=\"https:\/\/www.lasalle.org\/wp-content\/uploads\/2024\/09\/Immagine-2024-09-26-122610-e1727420567270.jpg\" alt=\"\" width=\"200\" height=\"199\" srcset=\"https:\/\/www.lasalle.org\/wp-content\/uploads\/2024\/09\/Immagine-2024-09-26-122610-e1727420567270-66x66.jpg 66w, https:\/\/www.lasalle.org\/wp-content\/uploads\/2024\/09\/Immagine-2024-09-26-122610-e1727420567270-150x150.jpg 150w, https:\/\/www.lasalle.org\/wp-content\/uploads\/2024\/09\/Immagine-2024-09-26-122610-e1727420567270.jpg 200w\" sizes=\"(max-width: 200px) 100vw, 200px\" \/><\/strong><\/p>\n<p>Ceux qui vivent une exp\u00e9rience de volontariat lasallien sont accueillis par une communaut\u00e9 de Fr\u00e8res qui repose sur trois piliers : la foi, la fraternit\u00e9 et le service. \u00ab\u00a0Nous encourageons les volontaires \u00e0 prier avec les Fr\u00e8res et \u00e0 vivre une exp\u00e9rience missionnaire et fraternelle.\u00a0\u00bb \u00ab\u00a0L&rsquo;exp\u00e9rience communautaire est tr\u00e8s forte dans notre Famille Lasallienne et<strong>\u00a0notre service envers les enfants les plus vuln\u00e9rables touche v\u00e9ritablement le c\u0153ur des volontaires<\/strong>\u00ab\u00a0, conclut-il.<\/p>\n<p><strong><em>Souhaitez-vous en savoir plus et participer \u00e0 une exp\u00e9rience de volontariat lasallien ? \u00c9crivez \u00e0\u00a0<\/em><\/strong><a href=\"mailto:mbarsoum@lasalle.org\"><strong><em>mbarsoum@lasalle.org<\/em><\/strong><\/a><\/p>\n<\/div><div class=\"fusion-text fusion-text-4\"><p><strong><em>Souhaitez-vous<\/em><\/strong><strong><em>\u00a0plus d&rsquo;informations sur le 2e Congr\u00e8s de Volontariat de la RELAL ?<br \/>\nNous vous invitons \u00e0 regarder le court documentaire <\/em><\/strong><a href=\"https:\/\/www.youtube.com\/watch?v=BTlI0Vxx_NI\"><strong><em>\u00ab\u00a0Volontariat sans fronti\u00e8res\u00a0\u00bb<\/em><\/strong><\/a><strong><em>, produit par la Maison G\u00e9n\u00e9ralice et la RELAL.<\/em><\/strong><\/p>\n<\/div><div class=\"fusion-text fusion-text-5\"><div class=\"video-shortcode\"><iframe title=\"Voluntariado sin fronteras | 2.\u00ba Congreso de Voluntariado de la RELAL\" width=\"1200\" height=\"675\" src=\"https:\/\/www.youtube.com\/embed\/BTlI0Vxx_NI?feature=oembed\" frameborder=\"0\" allow=\"accelerometer; autoplay; clipboard-write; encrypted-media; gyroscope; picture-in-picture; web-share\" referrerpolicy=\"strict-origin-when-cross-origin\" allowfullscreen><\/iframe><\/div>\n<\/div><\/div><\/div><\/div><\/div>\n","protected":false},"excerpt":{"rendered":"","protected":false},"author":9,"featured_media":104079,"comment_status":"closed","ping_status":"closed","sticky":false,"template":"","format":"standard","meta":{"_tec_requires_first_save":true,"_monsterinsights_skip_tracking":false,"_monsterinsights_sitenote_active":false,"_monsterinsights_sitenote_note":"","_monsterinsights_sitenote_category":0,"_EventAllDay":false,"_EventTimezone":"","_EventStartDate":"","_EventEndDate":"","_EventStartDateUTC":"","_EventEndDateUTC":"","_EventShowMap":false,"_EventShowMapLink":false,"_EventURL":"","_EventCost":"","_EventCostDescription":"","_EventCurrencySymbol":"","_EventCurrencyCode":"","_EventCurrencyPosition":"","_EventDateTimeSeparator":"","_EventTimeRangeSeparator":"","_EventOrganizerID":[],"_EventVenueID":[],"_OrganizerEmail":"","_OrganizerPhone":"","_OrganizerWebsite":"","_VenueAddress":"","_VenueCity":"","_VenueCountry":"","_VenueProvince":"","_VenueState":"","_VenueZip":"","_VenuePhone":"","_VenueURL":"","_VenueStateProvince":"","_VenueLat":"","_VenueLng":"","_VenueShowMap":false,"_VenueShowMapLink":false,"_tribe_blocks_recurrence_rules":"","_tribe_blocks_recurrence_description":"","_tribe_blocks_recurrence_exclusions":"","footnotes":""},"categories":[3651,3368,3487],"tags":[],"class_list":["post-104108","post","type-post","status-publish","format-standard","has-post-thumbnail","hentry","category-bureau-des-vocations-et-du-volontariat","category-nouvelles","category-relal-fr"],"_links":{"self":[{"href":"https:\/\/www.lasalle.org\/fr\/wp-json\/wp\/v2\/posts\/104108","targetHints":{"allow":["GET"]}}],"collection":[{"href":"https:\/\/www.lasalle.org\/fr\/wp-json\/wp\/v2\/posts"}],"about":[{"href":"https:\/\/www.lasalle.org\/fr\/wp-json\/wp\/v2\/types\/post"}],"author":[{"embeddable":true,"href":"https:\/\/www.lasalle.org\/fr\/wp-json\/wp\/v2\/users\/9"}],"replies":[{"embeddable":true,"href":"https:\/\/www.lasalle.org\/fr\/wp-json\/wp\/v2\/comments?post=104108"}],"version-history":[{"count":3,"href":"https:\/\/www.lasalle.org\/fr\/wp-json\/wp\/v2\/posts\/104108\/revisions"}],"predecessor-version":[{"id":104111,"href":"https:\/\/www.lasalle.org\/fr\/wp-json\/wp\/v2\/posts\/104108\/revisions\/104111"}],"wp:featuredmedia":[{"embeddable":true,"href":"https:\/\/www.lasalle.org\/fr\/wp-json\/wp\/v2\/media\/104079"}],"wp:attachment":[{"href":"https:\/\/www.lasalle.org\/fr\/wp-json\/wp\/v2\/media?parent=104108"}],"wp:term":[{"taxonomy":"category","embeddable":true,"href":"https:\/\/www.lasalle.org\/fr\/wp-json\/wp\/v2\/categories?post=104108"},{"taxonomy":"post_tag","embeddable":true,"href":"https:\/\/www.lasalle.org\/fr\/wp-json\/wp\/v2\/tags?post=104108"}],"curies":[{"name":"wp","href":"https:\/\/api.w.org\/{rel}","templated":true}]}}