{"id":106682,"date":"2024-12-30T20:00:24","date_gmt":"2024-12-30T19:00:24","guid":{"rendered":"https:\/\/www.lasalle.org\/?p=106682"},"modified":"2025-01-07T12:31:20","modified_gmt":"2025-01-07T11:31:20","slug":"les-lasalliens-de-papouasie-nouvelle-guinee-recoivent-une-reconnaissance-au-festival-mondial-du-film-pour-jeunes","status":"publish","type":"post","link":"https:\/\/www.lasalle.org\/fr\/les-lasalliens-de-papouasie-nouvelle-guinee-recoivent-une-reconnaissance-au-festival-mondial-du-film-pour-jeunes\/","title":{"rendered":"Les Lasalliens de Papouasie-Nouvelle-Guin\u00e9e re\u00e7oivent une reconnaissance au Festival Mondial du Film pour Jeunes"},"content":{"rendered":"<div class=\"pdfprnt-buttons pdfprnt-buttons-post pdfprnt-top-right\"><a href=\"https:\/\/www.lasalle.org\/fr\/wp-json\/wp\/v2\/posts\/106682?print=pdf\" class=\"pdfprnt-button pdfprnt-button-pdf\" target=\"_blank\" ><img decoding=\"async\" src=\"https:\/\/www.lasalle.org\/wp-content\/plugins\/pdf-print\/images\/pdf.png\" alt=\"image_pdf\" title=\"T\u00e9l\u00e9charger le PDF\" \/><span class=\"pdfprnt-button-title pdfprnt-button-pdf-title\">PDF<\/span><\/a><a href=\"https:\/\/www.lasalle.org\/fr\/wp-json\/wp\/v2\/posts\/106682?print=print\" class=\"pdfprnt-button pdfprnt-button-print\" target=\"_blank\" ><img decoding=\"async\" src=\"https:\/\/www.lasalle.org\/wp-content\/plugins\/pdf-print\/images\/print.png\" alt=\"image_print\" title=\"Contenu imprim\u00e9\" \/><span class=\"pdfprnt-button-title pdfprnt-button-print-title\">PRINT<\/span><\/a><\/div><div class=\"fusion-fullwidth fullwidth-box fusion-builder-row-1 fusion-flex-container nonhundred-percent-fullwidth non-hundred-percent-height-scrolling\" style=\"--awb-border-radius-top-left:0px;--awb-border-radius-top-right:0px;--awb-border-radius-bottom-right:0px;--awb-border-radius-bottom-left:0px;--awb-flex-wrap:wrap;\" ><div class=\"fusion-builder-row fusion-row fusion-flex-align-items-flex-start fusion-flex-content-wrap\" style=\"max-width:1248px;margin-left: calc(-4% \/ 2 );margin-right: calc(-4% \/ 2 );\"><div class=\"fusion-layout-column fusion_builder_column fusion-builder-column-0 fusion_builder_column_1_1 1_1 fusion-flex-column\" style=\"--awb-bg-size:cover;--awb-width-large:100%;--awb-margin-top-large:0px;--awb-spacing-right-large:1.92%;--awb-margin-bottom-large:0px;--awb-spacing-left-large:1.92%;--awb-width-medium:100%;--awb-spacing-right-medium:1.92%;--awb-spacing-left-medium:1.92%;--awb-width-small:100%;--awb-spacing-right-small:1.92%;--awb-spacing-left-small:1.92%;\"><div class=\"fusion-column-wrapper fusion-flex-justify-content-flex-start fusion-content-layout-column\"><div class=\"fusion-text fusion-text-1\"><p>L\u2019ann\u00e9e 2024 se termine avec une reconnaissance tr\u00e8s significative pour le La Salle Technical Secondary School de Hohola, en Papouasie-Nouvelle-Guin\u00e9e, dans le cadre du prestigieux\u00a0<a href=\"https:\/\/www.dbgyff.com\/fr\" target=\"_blank\" rel=\"noopener\"><strong>Festival Mondial du Film Jeune Don Bosco<\/strong><\/a>\u00a0(DBGYFF en anglais), qui valorise et r\u00e9compense la cr\u00e9ativit\u00e9, le contenu et la qualit\u00e9 des travaux r\u00e9alis\u00e9s par des jeunes cin\u00e9astes du monde entier.<\/p>\n<p><img decoding=\"async\" class=\"size-medium wp-image-106662 alignright\" src=\"https:\/\/www.lasalle.org\/wp-content\/uploads\/2024\/12\/La-Salle-PNG-Youth-Film-Festival-300x300.jpg\" alt=\"\" width=\"300\" height=\"300\" srcset=\"https:\/\/www.lasalle.org\/wp-content\/uploads\/2024\/12\/La-Salle-PNG-Youth-Film-Festival-66x66.jpg 66w, https:\/\/www.lasalle.org\/wp-content\/uploads\/2024\/12\/La-Salle-PNG-Youth-Film-Festival-150x150.jpg 150w, https:\/\/www.lasalle.org\/wp-content\/uploads\/2024\/12\/La-Salle-PNG-Youth-Film-Festival-200x200.jpg 200w, https:\/\/www.lasalle.org\/wp-content\/uploads\/2024\/12\/La-Salle-PNG-Youth-Film-Festival-300x300.jpg 300w, https:\/\/www.lasalle.org\/wp-content\/uploads\/2024\/12\/La-Salle-PNG-Youth-Film-Festival.jpg 357w\" sizes=\"(max-width: 300px) 100vw, 300px\" \/>Cette ann\u00e9e,\u00a0<strong>une production lasallienne s\u2019est distingu\u00e9e parmi les meilleures. Il s\u2019agit du court-m\u00e9trage\u00a0<\/strong><a href=\"https:\/\/vimeo.com\/996007995\" target=\"_blank\" rel=\"noopener\"><strong><em>Je suis le changement<\/em><\/strong><strong>\u00a0<em>(I Am the Change)<\/em><\/strong><\/a>, r\u00e9alis\u00e9 par Serah David et Murray Misha, du Groupe d\u2019\u00c9ducation aux M\u00e9dias de l\u2019\u00c9cole Secondaire Technique papouasienne, s\u00e9lectionn\u00e9 parmi les 120 films finalistes dans la cat\u00e9gorie du Meilleur Film Global de 2 minutes du Festival.<\/p>\n<p><strong>Le court-m\u00e9trage a obtenu la troisi\u00e8me place<\/strong>\u00a0dans cette cat\u00e9gorie comp\u00e9titive du DBGYFF, devenant ainsi la seule production de Papouasie-Nouvelle-Guin\u00e9e \u00e0 atteindre cette phase finale.<\/p>\n<p>Dans un cadre \u00e9ducatif,\u00a0<strong><em>Je suis le changement\u00a0<\/em>aborde des r\u00e9alit\u00e9s sociales difficiles en Papouasie-Nouvelle-Guin\u00e9e<\/strong>, telles que la pression des compagnons et les d\u00e9fis auxquels font face les m\u00e8res c\u00e9libataires, dans un contexte o\u00f9 les opportunit\u00e9s pour les jeunes sont limit\u00e9es. Selon les mots de Serah David, le court-m\u00e9trage \u201cs\u2019est inspir\u00e9 des d\u00e9fis auxquels nous sommes confront\u00e9s dans notre soci\u00e9t\u00e9 en Papouasie-Nouvelle-Guin\u00e9e, \u00e9tant donn\u00e9 que la majorit\u00e9 des jeunes font face \u00e0 des d\u00e9fis tels que la pauvret\u00e9, les familles bris\u00e9es prises dans la pression du groupe, la croissance de la soci\u00e9t\u00e9 et, plus important encore, le ch\u00f4mage des jeunes.\u201d<\/p>\n<h3><strong>Le pouvoir transformateur des r\u00eaves<\/strong><\/h3>\n<p>Le c\u0153ur de la narration r\u00e9side dans la n\u00e9cessit\u00e9 de prendre des d\u00e9cisions face \u00e0 l\u2019adversit\u00e9, avec une invitation explicite \u00e0 poursuivre ses propres r\u00eaves,<strong>\u00a0en mettant en avant le r\u00f4le fondamental de l\u2019\u00e9ducation, des enseignants et de la famille.<\/strong><\/p>\n<p>\u201c<strong><em>Je suis le changement\u00a0<\/em>c\u00e9l\u00e8bre la r\u00e9sistance, le lien familial et le pouvoir transformateur des r\u00eaves<\/strong>. Il nous rappelle que, m\u00eame dans les circonstances les plus difficiles, l\u2019espoir peut \u00e9clairer le chemin vers un avenir meilleur\u201d, peut-on lire dans la synopsis du court-m\u00e9trage, disponible sur la plateforme\u00a0<strong><u><a href=\"https:\/\/vimeo.com\/996007995\" target=\"_blank\" rel=\"noopener\">Vimeo<\/a><\/u><\/strong>.<\/p>\n<p>\u201cLa reconnaissance de ce film au DBGYFF t\u00e9moigne de la vision et de l\u2019engagement de\u00a0<em>La Salle Technical Secondary School<\/em>, qui continue d\u2019inspirer les \u00e9tudiants et les collaborateurs lasalliens \u00e0 participer \u00e0 ces espaces d\u2019expression cr\u00e9ative et de r\u00e9flexion critique\u201d, a soulign\u00e9 le <a href=\"https:\/\/www.delasalle.org.au\/youthfilmfestival\" target=\"_blank\" rel=\"noopener\">District d\u2019Australie, Nouvelle-Z\u00e9lande, Pakistan, Papouasie-Nouvelle-Guin\u00e9e (ANZPPNG)<\/a>.\u00a0<strong>\u201cLe succ\u00e8s<em>\u00a0de Je suis le changement\u00a0<\/em>met en lumi\u00e8re le d\u00e9vouement des \u00e9l\u00e8ves et des enseignants<\/strong>, dont l\u2019effort et la passion pour raconter des histoires ont pris vie sur la sc\u00e8ne mondiale. Leur accomplissement est un motif de fiert\u00e9 et de motivation pour toute la communaut\u00e9 lasallienne.\u201d<\/p>\n<p><strong>Voir ci-dessous le court-m\u00e9trage\u00a0<em>Je suis le changement\u00a0<\/em>(I Am the Change)<\/strong><\/p>\n<\/div><div class=\"fusion-text fusion-text-2\"><div style=\"padding: 56.25% 0 0 0; position: relative;\"><iframe style=\"position: absolute; top: 0; left: 0; width: 100%; height: 100%;\" title=\"I am the Change\" src=\"https:\/\/player.vimeo.com\/video\/996007995?badge=0&amp;autopause=0&amp;player_id=0&amp;app_id=58479\" frameborder=\"0\"><\/iframe><\/div>\n<\/div><div class=\"fusion-text fusion-text-3\"><h6><em>Source : <\/em><a href=\"https:\/\/www.delasalle.org.au\/youthfilmfestival\" target=\"_blank\" rel=\"noopener\"><em>District ANZPPNG<\/em><\/a><em>.<\/em><\/h6>\n<\/div><\/div><\/div><\/div><\/div>\n","protected":false},"excerpt":{"rendered":"","protected":false},"author":12,"featured_media":106843,"comment_status":"closed","ping_status":"closed","sticky":false,"template":"","format":"standard","meta":{"_tec_requires_first_save":true,"_monsterinsights_skip_tracking":false,"_monsterinsights_sitenote_active":false,"_monsterinsights_sitenote_note":"","_monsterinsights_sitenote_category":0,"_EventAllDay":false,"_EventTimezone":"","_EventStartDate":"","_EventEndDate":"","_EventStartDateUTC":"","_EventEndDateUTC":"","_EventShowMap":false,"_EventShowMapLink":false,"_EventURL":"","_EventCost":"","_EventCostDescription":"","_EventCurrencySymbol":"","_EventCurrencyCode":"","_EventCurrencyPosition":"","_EventDateTimeSeparator":"","_EventTimeRangeSeparator":"","_EventOrganizerID":[],"_EventVenueID":[],"_OrganizerEmail":"","_OrganizerPhone":"","_OrganizerWebsite":"","_VenueAddress":"","_VenueCity":"","_VenueCountry":"","_VenueProvince":"","_VenueState":"","_VenueZip":"","_VenuePhone":"","_VenueURL":"","_VenueStateProvince":"","_VenueLat":"","_VenueLng":"","_VenueShowMap":false,"_VenueShowMapLink":false,"_tribe_blocks_recurrence_rules":"","_tribe_blocks_recurrence_description":"","_tribe_blocks_recurrence_exclusions":"","footnotes":""},"categories":[3368,3445],"tags":[],"class_list":["post-106682","post","type-post","status-publish","format-standard","has-post-thumbnail","hentry","category-nouvelles","category-parc-fr"],"_links":{"self":[{"href":"https:\/\/www.lasalle.org\/fr\/wp-json\/wp\/v2\/posts\/106682","targetHints":{"allow":["GET"]}}],"collection":[{"href":"https:\/\/www.lasalle.org\/fr\/wp-json\/wp\/v2\/posts"}],"about":[{"href":"https:\/\/www.lasalle.org\/fr\/wp-json\/wp\/v2\/types\/post"}],"author":[{"embeddable":true,"href":"https:\/\/www.lasalle.org\/fr\/wp-json\/wp\/v2\/users\/12"}],"replies":[{"embeddable":true,"href":"https:\/\/www.lasalle.org\/fr\/wp-json\/wp\/v2\/comments?post=106682"}],"version-history":[{"count":4,"href":"https:\/\/www.lasalle.org\/fr\/wp-json\/wp\/v2\/posts\/106682\/revisions"}],"predecessor-version":[{"id":106846,"href":"https:\/\/www.lasalle.org\/fr\/wp-json\/wp\/v2\/posts\/106682\/revisions\/106846"}],"wp:featuredmedia":[{"embeddable":true,"href":"https:\/\/www.lasalle.org\/fr\/wp-json\/wp\/v2\/media\/106843"}],"wp:attachment":[{"href":"https:\/\/www.lasalle.org\/fr\/wp-json\/wp\/v2\/media?parent=106682"}],"wp:term":[{"taxonomy":"category","embeddable":true,"href":"https:\/\/www.lasalle.org\/fr\/wp-json\/wp\/v2\/categories?post=106682"},{"taxonomy":"post_tag","embeddable":true,"href":"https:\/\/www.lasalle.org\/fr\/wp-json\/wp\/v2\/tags?post=106682"}],"curies":[{"name":"wp","href":"https:\/\/api.w.org\/{rel}","templated":true}]}}