{"id":106686,"date":"2024-12-30T23:21:31","date_gmt":"2024-12-30T22:21:31","guid":{"rendered":"https:\/\/www.lasalle.org\/?p=106686"},"modified":"2025-01-07T12:09:51","modified_gmt":"2025-01-07T11:09:51","slug":"le-pape-francois-exhorte-a-pardonner-a-ceux-qui-nous-offensent-pour-atteindre-la-paix","status":"publish","type":"post","link":"https:\/\/www.lasalle.org\/fr\/le-pape-francois-exhorte-a-pardonner-a-ceux-qui-nous-offensent-pour-atteindre-la-paix\/","title":{"rendered":"Le Pape Fran\u00e7ois exhorte \u00e0 \u00ab pardonner \u00e0 ceux qui nous offensent \u00bb pour atteindre la paix"},"content":{"rendered":"<div class=\"pdfprnt-buttons pdfprnt-buttons-post pdfprnt-top-right\"><a href=\"https:\/\/www.lasalle.org\/fr\/wp-json\/wp\/v2\/posts\/106686?print=pdf\" class=\"pdfprnt-button pdfprnt-button-pdf\" target=\"_blank\" ><img decoding=\"async\" src=\"https:\/\/www.lasalle.org\/wp-content\/plugins\/pdf-print\/images\/pdf.png\" alt=\"image_pdf\" title=\"T\u00e9l\u00e9charger le PDF\" \/><span class=\"pdfprnt-button-title pdfprnt-button-pdf-title\">PDF<\/span><\/a><a href=\"https:\/\/www.lasalle.org\/fr\/wp-json\/wp\/v2\/posts\/106686?print=print\" class=\"pdfprnt-button pdfprnt-button-print\" target=\"_blank\" ><img decoding=\"async\" src=\"https:\/\/www.lasalle.org\/wp-content\/plugins\/pdf-print\/images\/print.png\" alt=\"image_print\" title=\"Contenu imprim\u00e9\" \/><span class=\"pdfprnt-button-title pdfprnt-button-print-title\">PRINT<\/span><\/a><\/div><div class=\"fusion-fullwidth fullwidth-box fusion-builder-row-1 fusion-flex-container nonhundred-percent-fullwidth non-hundred-percent-height-scrolling\" style=\"--awb-border-radius-top-left:0px;--awb-border-radius-top-right:0px;--awb-border-radius-bottom-right:0px;--awb-border-radius-bottom-left:0px;--awb-flex-wrap:wrap;\" ><div class=\"fusion-builder-row fusion-row fusion-flex-align-items-flex-start fusion-flex-content-wrap\" style=\"max-width:1248px;margin-left: calc(-4% \/ 2 );margin-right: calc(-4% \/ 2 );\"><div class=\"fusion-layout-column fusion_builder_column fusion-builder-column-0 fusion_builder_column_1_1 1_1 fusion-flex-column\" style=\"--awb-bg-size:cover;--awb-width-large:100%;--awb-margin-top-large:0px;--awb-spacing-right-large:1.92%;--awb-margin-bottom-large:0px;--awb-spacing-left-large:1.92%;--awb-width-medium:100%;--awb-spacing-right-medium:1.92%;--awb-spacing-left-medium:1.92%;--awb-width-small:100%;--awb-spacing-right-small:1.92%;--awb-spacing-left-small:1.92%;\"><div class=\"fusion-column-wrapper fusion-flex-justify-content-flex-start fusion-content-layout-column\"><div class=\"fusion-text fusion-text-1\"><p>\u00c0 l\u2019occasion de la Journ\u00e9e Mondiale de la Paix c\u00e9l\u00e9br\u00e9e chaque\u00a01er janvier, le Pape Fran\u00e7ois a consacr\u00e9 son message de 2025 au th\u00e8me du pardon :\u00a0<strong><em><a href=\"https:\/\/www.vatican.va\/content\/francesco\/fr\/messages\/peace\/documents\/20241208-messaggio-58giornatamondiale-pace2025.html\" target=\"_blank\" rel=\"noopener\">\u00ab pardonne nos offenses, accorde-nous ta paix \u00bb<\/a>.<\/em><\/strong><\/p>\n<p>Rappelant que l\u2019\u00c9glise catholique c\u00e9l\u00e8bre en 2025 l\u2019Ann\u00e9e du Jubil\u00e9, s\u2019inspirant d\u2019une ancienne tradition juive qui avec le son du\u00a0<em>yobel<\/em>\u00a0(corne de b\u00e9lier) appelait \u00e0 \u00ab r\u00e9tablir la justice de Dieu dans diff\u00e9rents domaines de la vie : dans l\u2019usage de la terre, la possession des biens, les relations avec le prochain, en particulier envers les plus pauvres et ceux tomb\u00e9s en disgr\u00e2ce \u00bb, le Pape souligne que<strong>\u00a0\u00ab encore aujourd\u2019hui, le Jubil\u00e9 est un \u00e9v\u00e9nement qui nous pousse \u00e0 chercher la justice lib\u00e9ratrice de Dieu sur toute la terre \u00bb<\/strong>.<\/p>\n<p>\u00ab Chacun de nous doit se sentir d\u2019une certaine mani\u00e8re responsable de la d\u00e9vastation \u00e0 laquelle est soumise notre maison commune \u00bb, poursuit l\u2019\u00c9v\u00eaque de Rome dans son message, \u00e9voquant \u00e9galement \u00ab les disparit\u00e9s de toutes sortes, le traitement inhumain r\u00e9serv\u00e9 aux migrants, la d\u00e9gradation environnementale, la confusion d\u00e9lib\u00e9r\u00e9ment caus\u00e9e par la d\u00e9sinformation, le rejet de toute forme de dialogue, les grands investissements dans l\u2019industrie militaire \u00bb et tous ces facteurs qui menacent la paix, la fraternit\u00e9 et qui deviennent \u00ab une menace concr\u00e8te pour l\u2019existence de l\u2019humanit\u00e9 dans son ensemble \u00bb.<\/p>\n<p>C\u2019est pourquoi, en nous reconnaissant comme \u00ab d\u00e9biteurs \u00bb, le Pape exhorte au pardon, demandant \u00e0 Dieu la remise de nos offenses, comme le dit la pri\u00e8re du Notre P\u00e8re, avec une affirmation exigeante : \u00ab comme nous pardonnons aussi \u00e0 ceux qui nous ont offens\u00e9s \u00bb (cf. Mt 6,12).<\/p>\n<h3><strong>Trois t\u00e2ches dans une perspective d\u2019esp\u00e9rance<\/strong><\/h3>\n<p>Concr\u00e8tement, le Pape propose trois actions sp\u00e9cifiques pour restaurer la dignit\u00e9 et avancer dans l\u2019esp\u00e9rance pendant le Jubil\u00e9. En premier lieu,\u00a0<strong>\u00ab une r\u00e9duction notable, sinon une annulation totale, de la dette internationale\u00a0<\/strong>qui p\u00e8se sur le destin de nombreuses nations. Que, reconnaissant la dette \u00e9cologique, les pays les plus riches se sentent appel\u00e9s \u00e0 faire tout leur possible pour annuler les dettes des pays qui ne peuvent pas rembourser ce qu\u2019ils doivent \u00bb.<\/p>\n<p>La deuxi\u00e8me t\u00e2che propos\u00e9e par Fran\u00e7ois concerne la d\u00e9fense de la \u00ab culture de la vie \u00bb, pour laquelle il demande \u00ab un engagement ferme \u00e0 promouvoir le respect de la dignit\u00e9 de la vie humaine, de la conception \u00e0 la mort naturelle \u00bb, plaidant \u00e9galement pour<strong>\u00a0\u00ab l\u2019abolition de la peine de mort dans tous les pays \u00bb<\/strong>.<\/p>\n<p>Enfin, pensant aux jeunes g\u00e9n\u00e9rations, le Pape appelle \u00e0 ce que \u00ab dans cette \u00e9poque marqu\u00e9e par les guerres, nous utilisions au moins un pourcentage fixe des d\u00e9penses militaires pour\u00a0<strong>la cr\u00e9ation d\u2019un Fonds mondial qui \u00e9limine d\u00e9finitivement la faim et facilite dans les pays les plus pauvres des activit\u00e9s \u00e9ducatives\u00a0<\/strong>visant \u00e9galement \u00e0 promouvoir le d\u00e9veloppement durable et \u00e0 lutter contre le changement climatique \u00bb.<\/p>\n<p>\u00ab L\u2019avenir est un don pour surmonter les erreurs du pass\u00e9, pour construire de nouveaux chemins de paix \u00bb, ajoute le Pontife, r\u00e9affirmant avec saint Jean XXIII que\u00a0<strong>\u00ab la v\u00e9ritable paix ne pourra na\u00eetre que d\u2019un c\u0153ur d\u00e9sarm\u00e9 de l\u2019angoisse et de la peur de la guerre \u00bb.<\/strong><\/p>\n<\/div><\/div><\/div><\/div><\/div>\n","protected":false},"excerpt":{"rendered":"","protected":false},"author":12,"featured_media":106671,"comment_status":"closed","ping_status":"closed","sticky":false,"template":"","format":"standard","meta":{"_tec_requires_first_save":true,"_monsterinsights_skip_tracking":false,"_monsterinsights_sitenote_active":false,"_monsterinsights_sitenote_note":"","_monsterinsights_sitenote_category":0,"_EventAllDay":false,"_EventTimezone":"","_EventStartDate":"","_EventEndDate":"","_EventStartDateUTC":"","_EventEndDateUTC":"","_EventShowMap":false,"_EventShowMapLink":false,"_EventURL":"","_EventCost":"","_EventCostDescription":"","_EventCurrencySymbol":"","_EventCurrencyCode":"","_EventCurrencyPosition":"","_EventDateTimeSeparator":"","_EventTimeRangeSeparator":"","_EventOrganizerID":[],"_EventVenueID":[],"_OrganizerEmail":"","_OrganizerPhone":"","_OrganizerWebsite":"","_VenueAddress":"","_VenueCity":"","_VenueCountry":"","_VenueProvince":"","_VenueState":"","_VenueZip":"","_VenuePhone":"","_VenueURL":"","_VenueStateProvince":"","_VenueLat":"","_VenueLng":"","_VenueShowMap":false,"_VenueShowMapLink":false,"_tribe_blocks_recurrence_rules":"","_tribe_blocks_recurrence_description":"","_tribe_blocks_recurrence_exclusions":"","footnotes":""},"categories":[3368],"tags":[],"class_list":["post-106686","post","type-post","status-publish","format-standard","has-post-thumbnail","hentry","category-nouvelles"],"_links":{"self":[{"href":"https:\/\/www.lasalle.org\/fr\/wp-json\/wp\/v2\/posts\/106686","targetHints":{"allow":["GET"]}}],"collection":[{"href":"https:\/\/www.lasalle.org\/fr\/wp-json\/wp\/v2\/posts"}],"about":[{"href":"https:\/\/www.lasalle.org\/fr\/wp-json\/wp\/v2\/types\/post"}],"author":[{"embeddable":true,"href":"https:\/\/www.lasalle.org\/fr\/wp-json\/wp\/v2\/users\/12"}],"replies":[{"embeddable":true,"href":"https:\/\/www.lasalle.org\/fr\/wp-json\/wp\/v2\/comments?post=106686"}],"version-history":[{"count":2,"href":"https:\/\/www.lasalle.org\/fr\/wp-json\/wp\/v2\/posts\/106686\/revisions"}],"predecessor-version":[{"id":106827,"href":"https:\/\/www.lasalle.org\/fr\/wp-json\/wp\/v2\/posts\/106686\/revisions\/106827"}],"wp:featuredmedia":[{"embeddable":true,"href":"https:\/\/www.lasalle.org\/fr\/wp-json\/wp\/v2\/media\/106671"}],"wp:attachment":[{"href":"https:\/\/www.lasalle.org\/fr\/wp-json\/wp\/v2\/media?parent=106686"}],"wp:term":[{"taxonomy":"category","embeddable":true,"href":"https:\/\/www.lasalle.org\/fr\/wp-json\/wp\/v2\/categories?post=106686"},{"taxonomy":"post_tag","embeddable":true,"href":"https:\/\/www.lasalle.org\/fr\/wp-json\/wp\/v2\/tags?post=106686"}],"curies":[{"name":"wp","href":"https:\/\/api.w.org\/{rel}","templated":true}]}}