{"id":108246,"date":"2025-02-21T23:27:11","date_gmt":"2025-02-21T22:27:11","guid":{"rendered":"https:\/\/www.lasalle.org\/?p=108246"},"modified":"2025-02-24T15:39:26","modified_gmt":"2025-02-24T14:39:26","slug":"les-trois-conseils-de-linstitut-se-reunissent-et-renforcent-loption-pour-un-nouveau-modele-de-gouvernance","status":"publish","type":"post","link":"https:\/\/www.lasalle.org\/fr\/les-trois-conseils-de-linstitut-se-reunissent-et-renforcent-loption-pour-un-nouveau-modele-de-gouvernance\/","title":{"rendered":"Les trois Conseils de l\u2019Institut se r\u00e9unissent et renforcent l\u2019option pour un nouveau mod\u00e8le de gouvernance"},"content":{"rendered":"<div class=\"pdfprnt-buttons pdfprnt-buttons-post pdfprnt-top-right\"><a href=\"https:\/\/www.lasalle.org\/fr\/wp-json\/wp\/v2\/posts\/108246?print=pdf\" class=\"pdfprnt-button pdfprnt-button-pdf\" target=\"_blank\" ><img decoding=\"async\" src=\"https:\/\/www.lasalle.org\/wp-content\/plugins\/pdf-print\/images\/pdf.png\" alt=\"image_pdf\" title=\"T\u00e9l\u00e9charger le PDF\" \/><span class=\"pdfprnt-button-title pdfprnt-button-pdf-title\">PDF<\/span><\/a><a href=\"https:\/\/www.lasalle.org\/fr\/wp-json\/wp\/v2\/posts\/108246?print=print\" class=\"pdfprnt-button pdfprnt-button-print\" target=\"_blank\" ><img decoding=\"async\" src=\"https:\/\/www.lasalle.org\/wp-content\/plugins\/pdf-print\/images\/print.png\" alt=\"image_print\" title=\"Contenu imprim\u00e9\" \/><span class=\"pdfprnt-button-title pdfprnt-button-print-title\">PRINT<\/span><\/a><\/div><div class=\"fusion-fullwidth fullwidth-box fusion-builder-row-1 fusion-flex-container nonhundred-percent-fullwidth non-hundred-percent-height-scrolling\" style=\"--awb-border-radius-top-left:0px;--awb-border-radius-top-right:0px;--awb-border-radius-bottom-right:0px;--awb-border-radius-bottom-left:0px;--awb-flex-wrap:wrap;\" ><div class=\"fusion-builder-row fusion-row fusion-flex-align-items-flex-start fusion-flex-content-wrap\" style=\"max-width:1248px;margin-left: calc(-4% \/ 2 );margin-right: calc(-4% \/ 2 );\"><div class=\"fusion-layout-column fusion_builder_column fusion-builder-column-0 fusion_builder_column_1_1 1_1 fusion-flex-column\" style=\"--awb-bg-size:cover;--awb-width-large:100%;--awb-margin-top-large:0px;--awb-spacing-right-large:1.92%;--awb-margin-bottom-large:0px;--awb-spacing-left-large:1.92%;--awb-width-medium:100%;--awb-spacing-right-medium:1.92%;--awb-spacing-left-medium:1.92%;--awb-width-small:100%;--awb-spacing-right-small:1.92%;--awb-spacing-left-small:1.92%;\"><div class=\"fusion-column-wrapper fusion-flex-justify-content-flex-start fusion-content-layout-column\"><div class=\"fusion-text fusion-text-1\"><p>\u00c0 l&rsquo;invitation du Sup\u00e9rieur g\u00e9n\u00e9ral des Fr\u00e8res des \u00c9coles Chr\u00e9tiennes, le Fr\u00e8re Armin Luistro<strong>, les trois Conseils de l&rsquo;Institut \u2013 le Conseil g\u00e9n\u00e9ral, le Conseil International pour l&rsquo;Association et la Mission \u00c9ducative lasallienne (CIAMEL) et le Conseil \u00c9conomique International (CEI) \u2013 se sont r\u00e9unis pour la premi\u00e8re fois \u00e0 la Maison g\u00e9n\u00e9ralice, \u00e0 Rome, <\/strong>du 10 au 12 f\u00e9vrier.<\/p>\n<p>\u00ab Ce moment marque un tournant dans une histoire qui se construit depuis de nombreuses ann\u00e9es, mais surtout depuis le 46<sup>e<\/sup> Chapitre g\u00e9n\u00e9ral, qui a demand\u00e9 un nouveau mod\u00e8le de gouvernance pour l&rsquo;Institut \u00bb, a d\u00e9clar\u00e9 le Fr\u00e8re Carlos G\u00f3mez, Vicaire g\u00e9n\u00e9ral, soulignant que si \u00ab c&rsquo;est facile \u00e0 dire, facile \u00e0 \u00e9crire, lorsque nous rencontrons une telle r\u00e9alit\u00e9, nous devons <strong>commencer \u00e0 faire preuve de cr\u00e9ativit\u00e9 pour comprendre \u00e0 quoi ressemble une nouvelle fa\u00e7on de gouverner l&rsquo;Institut <\/strong>\u00bb.<\/p>\n<\/div><div class=\"fusion-title title fusion-title-1 fusion-sep-none fusion-title-text fusion-title-size-two\" style=\"--awb-text-color:var(--awb-custom17);--awb-font-size:24px;\"><h2 class=\"fusion-title-heading title-heading-left\" style=\"margin:0;font-size:1em;\"><strong>Un appel \u00e0 la synodalit\u00e9<\/strong><\/h2><\/div><div class=\"fusion-text fusion-text-2\"><p>Le Vicaire g\u00e9n\u00e9ral soutient \u00e9galement que, compte tenu de l&rsquo;appel de l&rsquo;\u00c9glise \u00e0 la synodalit\u00e9, \u00ab qui r\u00e9sonne dans tous les continents \u00bb, la synodalit\u00e9 implique aussi de<\/p>\n<p>rompre avec la mani\u00e8re dont les d\u00e9cisions ont \u00e9t\u00e9 traditionnellement prises dans l&rsquo;\u00c9glise\u00a0\u00bb, pour revenir \u00e0 une pratique qui remonte \u00e0 ses origines. Il ne s&rsquo;agit donc plus qu&rsquo;un seul groupe d\u00e9cide et que tout le peuple de Dieu ob\u00e9isse, mais <strong>\u00ab \u00e0 partir de la base, on peut construire le consensus et ce qui nous engagera vraiment tous \u00bb<\/strong>.<\/p>\n<p>Ainsi, cette premi\u00e8re session conjointe entre les trois Conseils de l&rsquo;Institut s&rsquo;inscrit dans la continuit\u00e9 de l&rsquo;Assembl\u00e9e pl\u00e9ni\u00e8re de juillet 2024, en reprenant la synth\u00e8se qui en est issue, pour \u00ab discerner et cheminer ensemble \u00bb.<\/p>\n<p>\u00ab Au cours de ces trois jours, les trois Conseils se sont r\u00e9unis pour discuter de la mani\u00e8re dont nous pouvons travailler ensemble de mani\u00e8re synodale \u00bb, a d\u00e9clar\u00e9 le Fr\u00e8re Ricky Laguda, membre du Conseil g\u00e9n\u00e9ral, en exprimant son espoir \u00ab que ces trois Conseils guideront et dirigeront l&rsquo;Institut et la Famille lasallienne dans les ann\u00e9es \u00e0 venir \u00bb.<\/p>\n<p>\u00ab <strong>L&rsquo;id\u00e9e est que le Conseil g\u00e9n\u00e9ral essaie de d\u00e9finir la vision globale et les orientations pour l&rsquo;ensemble de l&rsquo;Institut, et nous esp\u00e9rons que les deux autres Conseils pourront aider le Conseil g\u00e9n\u00e9ral<\/strong>. Par exemple, le Conseil \u00e9conomique cherchera \u00e0 assurer la viabilit\u00e9 financi\u00e8re de la mission dans l&rsquo;Institut, et le Conseil de la Mission cherchera \u00e0 nous aider en ce qui concerne la Famille lasallienne et la Formation lasallienne, pour assurer la coh\u00e9rence dans la mani\u00e8re dont les Partenaires participent et s&rsquo;engagent dans la Mission lasallienne \u00bb.<\/p>\n<p>Dans le cas du Conseil \u00e9conomique international, son pr\u00e9sident, Nestor Tan, explique qu&rsquo;il \u00ab a pour t\u00e2che d&rsquo;identifier et de pr\u00e9server le patrimoine de l&rsquo;Institut au nom du Fr\u00e8re Sup\u00e9rieur et du Conseil g\u00e9n\u00e9ral, d&rsquo;harmoniser les processus dans les diff\u00e9rentes institutions pour faciliter la gouvernance, d&rsquo;optimiser la valeur que nous obtenons comme r\u00e9sultat, et de <strong>s&rsquo;assurer que nous pr\u00e9voyons et planifions l&rsquo;avenir, y compris la cr\u00e9ation de structures appropri\u00e9es qui peuvent \u00eatre transmises d&rsquo;une g\u00e9n\u00e9ration \u00e0 l&rsquo;autre \u00bb<\/strong>. L&rsquo;\u00e9l\u00e9ment central de ce travail est de<\/p>\n<p>\u00ab s&rsquo;assurer que les bonnes pratiques sont partag\u00e9es \u00bb, souligne le la\u00efc lasallien.<\/p>\n<\/div><div class=\"fusion-title title fusion-title-2 fusion-sep-none fusion-title-text fusion-title-size-two\" style=\"--awb-text-color:var(--awb-custom17);--awb-font-size:24px;\"><h2 class=\"fusion-title-heading title-heading-left\" style=\"margin:0;font-size:1em;\"><strong>Apprentissage mutuel et coresponsabilit\u00e9<\/strong><\/h2><\/div><div class=\"fusion-text fusion-text-3\"><p>\u00ab ces journ\u00e9es ont \u00e9t\u00e9 l&rsquo;occasion pour le CIAMEL et les autres Conseils d&rsquo;apprendre les uns des autres, ainsi que d&rsquo;exercer la coresponsabilit\u00e9 de la mission dans le cadre de la nouvelle structure de gouvernance de l&rsquo;Institut \u00bb. \u00ab Le CIAMEL, en particulier, a d\u00e9cid\u00e9 de <strong>se concentrer sur la communication avec les Conseils de la MEL et les autres structures de gouvernance partag\u00e9e et de travailler avec les Commissions <\/strong>\u00bb, a-t-il ajout\u00e9.<\/p>\n<p>Pour sa part, le Fr\u00e8re Carlos G\u00f3mez a soulign\u00e9 que \u00ab l&rsquo;une des le\u00e7ons les plus int\u00e9ressantes de tout cela est la mani\u00e8re dont les sujets sont enrichis, lorsque les r\u00e9flexions sont \u00e9chang\u00e9es, parce que nous avons des perspectives \u00e0 partir de diff\u00e9rents points de vue et pas exclusivement de la mani\u00e8re dont nous, au Conseil g\u00e9n\u00e9ral, pourrions le voir \u00bb, puisque \u00ab <strong>beaucoup des sujets que nous discutons exigent d&rsquo;autres angles de vision, parce qu&rsquo;ils auront toujours des implications sur les finances et pour la mission <\/strong>\u00bb. Et il est \u00e9vident que nous avons pr\u00e9cis\u00e9ment besoin de ces r\u00e9flexions qui nous aident \u00e0 nous ancrer et \u00e0 montrer les nouveaux horizons.<\/p>\n<p>\u00ab \u00c9videmment, nous savons qu&rsquo;il y a des questions qui sont exclusives aux Conseils, par exemple : le Conseil g\u00e9n\u00e9ral doit continuer \u00e0 travailler sur des questions qui impliquent n\u00e9cessairement la vie des Fr\u00e8res (&#8230;) ; mais les questions qui ont trait \u00e0 la mission, au financement de la mission et \u00e0 sa durabilit\u00e9, doivent \u00eatre trait\u00e9es avec beaucoup d&rsquo;autres personnes \u00bb, a expliqu\u00e9 le Vicaire g\u00e9n\u00e9ral.<\/p>\n<p>\u00ab Le chemin commenc\u00e9 s&rsquo;enrichira avec le temps, mais les premiers pas ont \u00e9t\u00e9 faits, et je crois qu&rsquo;en ce moment le bilan est tr\u00e8s positif, ainsi que l&rsquo;<strong>invitation \u00e0 vivre ces m\u00eames mouvements dans les diff\u00e9rents lieux o\u00f9 l&rsquo;Institut est pr\u00e9sent <\/strong>\u00bb, a conclu le Fr\u00e8re Carlos G\u00f3mez.<\/p>\n<\/div><div class=\"fusion-text fusion-text-4\"><div class=\"video-shortcode\"><iframe title=\"LaSalleOrg News | Joint Meeting of the three Councils of the Institute\" width=\"1200\" height=\"675\" src=\"https:\/\/www.youtube.com\/embed\/7nncouos_qI?feature=oembed\" frameborder=\"0\" allow=\"accelerometer; autoplay; clipboard-write; encrypted-media; gyroscope; picture-in-picture; web-share\" referrerpolicy=\"strict-origin-when-cross-origin\" allowfullscreen><\/iframe><\/div>\n<\/div><\/div><\/div><\/div><\/div>\n","protected":false},"excerpt":{"rendered":"","protected":false},"author":12,"featured_media":108176,"comment_status":"closed","ping_status":"closed","sticky":false,"template":"","format":"standard","meta":{"_tec_requires_first_save":true,"_monsterinsights_skip_tracking":false,"_monsterinsights_sitenote_active":false,"_monsterinsights_sitenote_note":"","_monsterinsights_sitenote_category":0,"_EventAllDay":false,"_EventTimezone":"","_EventStartDate":"","_EventEndDate":"","_EventStartDateUTC":"","_EventEndDateUTC":"","_EventShowMap":false,"_EventShowMapLink":false,"_EventURL":"","_EventCost":"","_EventCostDescription":"","_EventCurrencySymbol":"","_EventCurrencyCode":"","_EventCurrencyPosition":"","_EventDateTimeSeparator":"","_EventTimeRangeSeparator":"","_EventOrganizerID":[],"_EventVenueID":[],"_OrganizerEmail":"","_OrganizerPhone":"","_OrganizerWebsite":"","_VenueAddress":"","_VenueCity":"","_VenueCountry":"","_VenueProvince":"","_VenueState":"","_VenueZip":"","_VenuePhone":"","_VenueURL":"","_VenueStateProvince":"","_VenueLat":"","_VenueLng":"","_VenueShowMap":false,"_VenueShowMapLink":false,"_tribe_blocks_recurrence_rules":"","_tribe_blocks_recurrence_description":"","_tribe_blocks_recurrence_exclusions":"","footnotes":""},"categories":[3273,3270,3368,3302],"tags":[],"class_list":["post-108246","post","type-post","status-publish","format-standard","has-post-thumbnail","hentry","category-conseil-general","category-maison-generalice","category-nouvelles","category-superieur-general"],"_links":{"self":[{"href":"https:\/\/www.lasalle.org\/fr\/wp-json\/wp\/v2\/posts\/108246","targetHints":{"allow":["GET"]}}],"collection":[{"href":"https:\/\/www.lasalle.org\/fr\/wp-json\/wp\/v2\/posts"}],"about":[{"href":"https:\/\/www.lasalle.org\/fr\/wp-json\/wp\/v2\/types\/post"}],"author":[{"embeddable":true,"href":"https:\/\/www.lasalle.org\/fr\/wp-json\/wp\/v2\/users\/12"}],"replies":[{"embeddable":true,"href":"https:\/\/www.lasalle.org\/fr\/wp-json\/wp\/v2\/comments?post=108246"}],"version-history":[{"count":4,"href":"https:\/\/www.lasalle.org\/fr\/wp-json\/wp\/v2\/posts\/108246\/revisions"}],"predecessor-version":[{"id":108361,"href":"https:\/\/www.lasalle.org\/fr\/wp-json\/wp\/v2\/posts\/108246\/revisions\/108361"}],"wp:featuredmedia":[{"embeddable":true,"href":"https:\/\/www.lasalle.org\/fr\/wp-json\/wp\/v2\/media\/108176"}],"wp:attachment":[{"href":"https:\/\/www.lasalle.org\/fr\/wp-json\/wp\/v2\/media?parent=108246"}],"wp:term":[{"taxonomy":"category","embeddable":true,"href":"https:\/\/www.lasalle.org\/fr\/wp-json\/wp\/v2\/categories?post=108246"},{"taxonomy":"post_tag","embeddable":true,"href":"https:\/\/www.lasalle.org\/fr\/wp-json\/wp\/v2\/tags?post=108246"}],"curies":[{"name":"wp","href":"https:\/\/api.w.org\/{rel}","templated":true}]}}