{"id":108743,"date":"2025-03-10T15:39:33","date_gmt":"2025-03-10T14:39:33","guid":{"rendered":"https:\/\/www.lasalle.org\/?p=108743"},"modified":"2025-03-10T15:39:33","modified_gmt":"2025-03-10T14:39:33","slug":"se-convertir-a-la-synodalite","status":"publish","type":"post","link":"https:\/\/www.lasalle.org\/fr\/se-convertir-a-la-synodalite\/","title":{"rendered":"Se convertir \u00e0 la synodalit\u00e9"},"content":{"rendered":"<div class=\"pdfprnt-buttons pdfprnt-buttons-post pdfprnt-top-right\"><a href=\"https:\/\/www.lasalle.org\/fr\/wp-json\/wp\/v2\/posts\/108743?print=pdf\" class=\"pdfprnt-button pdfprnt-button-pdf\" target=\"_blank\" ><img decoding=\"async\" src=\"https:\/\/www.lasalle.org\/wp-content\/plugins\/pdf-print\/images\/pdf.png\" alt=\"image_pdf\" title=\"T\u00e9l\u00e9charger le PDF\" \/><span class=\"pdfprnt-button-title pdfprnt-button-pdf-title\">PDF<\/span><\/a><a href=\"https:\/\/www.lasalle.org\/fr\/wp-json\/wp\/v2\/posts\/108743?print=print\" class=\"pdfprnt-button pdfprnt-button-print\" target=\"_blank\" ><img decoding=\"async\" src=\"https:\/\/www.lasalle.org\/wp-content\/plugins\/pdf-print\/images\/print.png\" alt=\"image_print\" title=\"Contenu imprim\u00e9\" \/><span class=\"pdfprnt-button-title pdfprnt-button-print-title\">PRINT<\/span><\/a><\/div><div class=\"fusion-fullwidth fullwidth-box fusion-builder-row-1 fusion-flex-container nonhundred-percent-fullwidth non-hundred-percent-height-scrolling\" style=\"--awb-border-radius-top-left:0px;--awb-border-radius-top-right:0px;--awb-border-radius-bottom-right:0px;--awb-border-radius-bottom-left:0px;--awb-flex-wrap:wrap;\" ><div class=\"fusion-builder-row fusion-row fusion-flex-align-items-flex-start fusion-flex-content-wrap\" style=\"max-width:1248px;margin-left: calc(-4% \/ 2 );margin-right: calc(-4% \/ 2 );\"><div class=\"fusion-layout-column fusion_builder_column fusion-builder-column-0 fusion_builder_column_1_1 1_1 fusion-flex-column\" style=\"--awb-bg-size:cover;--awb-width-large:100%;--awb-margin-top-large:0px;--awb-spacing-right-large:1.92%;--awb-margin-bottom-large:0px;--awb-spacing-left-large:1.92%;--awb-width-medium:100%;--awb-spacing-right-medium:1.92%;--awb-spacing-left-medium:1.92%;--awb-width-small:100%;--awb-spacing-right-small:1.92%;--awb-spacing-left-small:1.92%;\"><div class=\"fusion-column-wrapper fusion-flex-justify-content-flex-start fusion-content-layout-column\"><div class=\"fusion-text fusion-text-1\"><p><strong>\u00ab\u00a0Cheminons ensemble dans l&rsquo;esp\u00e9rance\u00a0\u00bb <\/strong>est le titre du <a href=\"https:\/\/www.vatican.va\/content\/francesco\/es\/messages\/lent\/documents\/20250206-messaggio-quaresima2025.html\">message du Pape Fran\u00e7ois pour le Car\u00eame de cette ann\u00e9e 2025<\/a>, qui a commenc\u00e9 par la c\u00e9l\u00e9bration du mercredi des Cendres, signe de p\u00e9nitence qui inaugure notre p\u00e8lerinage de quarante jours vers P\u00e2ques.<\/p>\n<p>\u00ab\u00a0Le chemin asc\u00e9tique du Car\u00eame, comme le chemin synodal, a pour but d\u2019op\u00e9rer une transfiguration personnelle et eccl\u00e9siale\u00a0\u00bb, avait soulign\u00e9 l&rsquo;\u00e9v\u00eaque de Rome dans son <a href=\"https:\/\/www.vatican.va\/content\/francesco\/es\/messages\/lent\/documents\/20230125-messaggio-quaresima.html\">message pour le Car\u00eame 2023.<\/a><\/p>\n<p>Prenant comme r\u00e9f\u00e9rence l&rsquo;exp\u00e9rience des disciples qui ont assist\u00e9 \u00e0 la Transfiguration du Seigneur sur le Mont Thabor (cf. Mt 17, 1-9), Fran\u00e7ois avertit que \u00ab\u00a0le voyage synodal ne doit pas nous faire croire \u00e0 l&rsquo;illusion que nous sommes arriv\u00e9s [au terme du voyage], alors que Dieu nous accorde la gr\u00e2ce de quelques fortes exp\u00e9riences de communion\u00a0\u00bb.<\/p>\n<p>Apr\u00e8s la conclusion des phases de \u00ab\u00a0consultation du peuple de Dieu\u00a0\u00bb et de \u00ab\u00a0discernement\u00a0\u00bb, <strong>on peut \u00eatre tent\u00e9 de penser et d&rsquo;agir comme si le processus synodal s&rsquo;\u00e9tait conclu en octobre 2024<\/strong>, lorsque s&rsquo;est achev\u00e9e la Deuxi\u00e8me Assembl\u00e9e synodale sur la synodalit\u00e9, en oubliant que nous sommes maintenant dans la phase de \u00ab\u00a0mise en \u0153uvre\u00a0\u00bb du synode, un moment cl\u00e9 pour s&rsquo;approprier et mettre en pratique les dispositions du <a href=\"https:\/\/observatoriosinodalidad.org\/wp-content\/uploads\/2024\/12\/Sinodo-2024_Documento-Final_ES.pdf\"><em>Document final <\/em><\/a>approuv\u00e9 par le Pape.<\/p>\n<p>D&rsquo;o\u00f9 l&rsquo;insistance du Pape en ce Car\u00eame sur la \u00ab\u00a0conversion \u00e0 la synodalit\u00e9\u00a0\u00bb comme t\u00e2che et mission pour les baptis\u00e9s, car <strong>\u00ab\u00a0la vocation de l&rsquo;\u00c9glise est de marcher ensemble, d&rsquo;\u00eatre synodale\u00a0\u00bb<\/strong>, de sorte que nous sommes mis au d\u00e9fi de mettre de c\u00f4t\u00e9 nos \u00e9go\u00efsmes et nos antagonismes, d&rsquo;aller \u00e0 la rencontre de l&rsquo;autre et de laisser l&rsquo;Esprit circuler. Apr\u00e8s tout, comme le dit Fran\u00e7ois, \u00ab\u00a0les chr\u00e9tiens sont appel\u00e9s \u00e0 cheminer ensemble, jamais comme des voyageurs solitaires\u00a0\u00bb.<\/p>\n<p><strong>La conversion \u00e0 la synodalit\u00e9 est une invitation \u00e0 l&rsquo;esp\u00e9rance<\/strong>, \u00e0 abandonner l&rsquo;individualisme, le confort et les s\u00e9curit\u00e9s, pour aller \u00e0 la rencontre de l&rsquo;autre dans la foi, avec l&rsquo;\u00e9lan cr\u00e9ateur du po\u00e8te Antonio Machado : <em>Marcheur, ce sont tes traces\/ ce sont tes empreintes\/ le chemin et rien de plus ;\/ marcheur, il n&rsquo;y a pas de chemin,\/ le chemin se trace en marchant.<\/em><\/p>\n<p>Pour Fran\u00e7ois, \u00ab\u00a0<strong>marcher ensemble signifie \u00eatre artisans d&rsquo;unit\u00e9, en partant de la dignit\u00e9 commune d&rsquo;enfants de Dieu <\/strong>(cf. Gal 3,26-28) ; cela signifie marcher c\u00f4te \u00e0 c\u00f4te, sans pi\u00e9tiner ni dominer l&rsquo;autre, sans nourrir d&rsquo;envie ni d&rsquo;hypocrisie, sans que personne ne soit laiss\u00e9 derri\u00e8re ou ne se sente exclu\u00a0\u00bb.<\/p>\n<p>Par cons\u00e9quent, la conversion personnelle est aussi n\u00e9cessaire que la conversion communautaire. Le Car\u00eame et la synodalit\u00e9 nous invitent \u00e0 avancer dans la m\u00eame direction, en acceptant la diversit\u00e9 comme un don et en \u00ab\u00a0nous \u00e9coutant les uns les autres avec amour et patience\u00a0\u00bb, comme nous le demande l&rsquo;\u00e9v\u00eaque de Rome.<\/p>\n<p>Pour la Famille lasallienne, l&rsquo;appel \u00e0 la conversion \u00e0 la synodalit\u00e9 nous am\u00e8ne \u00e0 nous demander, en ce Car\u00eame, \u00a0\u00bb si nous sommes capables de travailler ensemble au service du Royaume de Dieu ; <strong>si nous avons une attitude d&rsquo;accueil, par des gestes concrets, envers les personnes qui viennent \u00e0 nous et celles qui sont loin <\/strong>; si nous faisons en sorte que les personnes se sentent membres de la communaut\u00e9 ou si nous les marginalisons \u00ab\u00a0.<\/p>\n<p>Ces interpellations, propos\u00e9es par le Pape Fran\u00e7ois dans son Message pour le Car\u00eame 2025, nous encouragent aussi \u00e0 <strong>remettre nos c\u0153urs aux p\u00e9riph\u00e9ries<\/strong>, comme nous y invitent <a href=\"https:\/\/www.lasalle.org\/reflexion-lasallista-10-nuestro-corazon-esta-en-las-periferias\/\">la R\u00e9flexion Lasallienne 10 <\/a>et la <a href=\"https:\/\/www.lasalle.org\/carta-pastoral-a-la-familia-lasaliana-2025\/\">Lettre Pastorale du Fr\u00e8re Sup\u00e9rieur G\u00e9n\u00e9ral \u00e0 la Famille Lasallienne.<\/a><\/p>\n<\/div><\/div><\/div><\/div><\/div>\n","protected":false},"excerpt":{"rendered":"","protected":false},"author":9,"featured_media":108719,"comment_status":"closed","ping_status":"closed","sticky":false,"template":"","format":"standard","meta":{"_tec_requires_first_save":true,"_monsterinsights_skip_tracking":false,"_monsterinsights_sitenote_active":false,"_monsterinsights_sitenote_note":"","_monsterinsights_sitenote_category":0,"_EventAllDay":false,"_EventTimezone":"","_EventStartDate":"","_EventEndDate":"","_EventStartDateUTC":"","_EventEndDateUTC":"","_EventShowMap":false,"_EventShowMapLink":false,"_EventURL":"","_EventCost":"","_EventCostDescription":"","_EventCurrencySymbol":"","_EventCurrencyCode":"","_EventCurrencyPosition":"","_EventDateTimeSeparator":"","_EventTimeRangeSeparator":"","_EventOrganizerID":[],"_EventVenueID":[],"_OrganizerEmail":"","_OrganizerPhone":"","_OrganizerWebsite":"","_VenueAddress":"","_VenueCity":"","_VenueCountry":"","_VenueProvince":"","_VenueState":"","_VenueZip":"","_VenuePhone":"","_VenueURL":"","_VenueStateProvince":"","_VenueLat":"","_VenueLng":"","_VenueShowMap":false,"_VenueShowMapLink":false,"_tribe_blocks_recurrence_rules":"","_tribe_blocks_recurrence_description":"","_tribe_blocks_recurrence_exclusions":"","footnotes":""},"categories":[3368,3384,3302],"tags":[],"class_list":["post-108743","post","type-post","status-publish","format-standard","has-post-thumbnail","hentry","category-nouvelles","category-saint-siege","category-superieur-general"],"_links":{"self":[{"href":"https:\/\/www.lasalle.org\/fr\/wp-json\/wp\/v2\/posts\/108743","targetHints":{"allow":["GET"]}}],"collection":[{"href":"https:\/\/www.lasalle.org\/fr\/wp-json\/wp\/v2\/posts"}],"about":[{"href":"https:\/\/www.lasalle.org\/fr\/wp-json\/wp\/v2\/types\/post"}],"author":[{"embeddable":true,"href":"https:\/\/www.lasalle.org\/fr\/wp-json\/wp\/v2\/users\/9"}],"replies":[{"embeddable":true,"href":"https:\/\/www.lasalle.org\/fr\/wp-json\/wp\/v2\/comments?post=108743"}],"version-history":[{"count":1,"href":"https:\/\/www.lasalle.org\/fr\/wp-json\/wp\/v2\/posts\/108743\/revisions"}],"predecessor-version":[{"id":108744,"href":"https:\/\/www.lasalle.org\/fr\/wp-json\/wp\/v2\/posts\/108743\/revisions\/108744"}],"wp:featuredmedia":[{"embeddable":true,"href":"https:\/\/www.lasalle.org\/fr\/wp-json\/wp\/v2\/media\/108719"}],"wp:attachment":[{"href":"https:\/\/www.lasalle.org\/fr\/wp-json\/wp\/v2\/media?parent=108743"}],"wp:term":[{"taxonomy":"category","embeddable":true,"href":"https:\/\/www.lasalle.org\/fr\/wp-json\/wp\/v2\/categories?post=108743"},{"taxonomy":"post_tag","embeddable":true,"href":"https:\/\/www.lasalle.org\/fr\/wp-json\/wp\/v2\/tags?post=108743"}],"curies":[{"name":"wp","href":"https:\/\/api.w.org\/{rel}","templated":true}]}}