{"id":109248,"date":"2025-04-09T08:41:22","date_gmt":"2025-04-09T07:41:22","guid":{"rendered":"https:\/\/www.lasalle.org\/?p=109248"},"modified":"2025-04-09T08:41:22","modified_gmt":"2025-04-09T07:41:22","slug":"mise-en-place-du-comite-de-communication-internationale-de-linstitut","status":"publish","type":"post","link":"https:\/\/www.lasalle.org\/fr\/mise-en-place-du-comite-de-communication-internationale-de-linstitut\/","title":{"rendered":"Mise en place du comit\u00e9 de communication internationale de l&rsquo;Institut"},"content":{"rendered":"<div class=\"pdfprnt-buttons pdfprnt-buttons-post pdfprnt-top-right\"><a href=\"https:\/\/www.lasalle.org\/fr\/wp-json\/wp\/v2\/posts\/109248?print=pdf\" class=\"pdfprnt-button pdfprnt-button-pdf\" target=\"_blank\" ><img decoding=\"async\" src=\"https:\/\/www.lasalle.org\/wp-content\/plugins\/pdf-print\/images\/pdf.png\" alt=\"image_pdf\" title=\"T\u00e9l\u00e9charger le PDF\" \/><span class=\"pdfprnt-button-title pdfprnt-button-pdf-title\">PDF<\/span><\/a><a href=\"https:\/\/www.lasalle.org\/fr\/wp-json\/wp\/v2\/posts\/109248?print=print\" class=\"pdfprnt-button pdfprnt-button-print\" target=\"_blank\" ><img decoding=\"async\" src=\"https:\/\/www.lasalle.org\/wp-content\/plugins\/pdf-print\/images\/print.png\" alt=\"image_print\" title=\"Contenu imprim\u00e9\" \/><span class=\"pdfprnt-button-title pdfprnt-button-print-title\">PRINT<\/span><\/a><\/div><div class=\"fusion-fullwidth fullwidth-box fusion-builder-row-1 fusion-flex-container nonhundred-percent-fullwidth non-hundred-percent-height-scrolling\" style=\"--awb-border-radius-top-left:0px;--awb-border-radius-top-right:0px;--awb-border-radius-bottom-right:0px;--awb-border-radius-bottom-left:0px;--awb-flex-wrap:wrap;\" ><div class=\"fusion-builder-row fusion-row fusion-flex-align-items-flex-start fusion-flex-content-wrap\" style=\"max-width:1248px;margin-left: calc(-4% \/ 2 );margin-right: calc(-4% \/ 2 );\"><div class=\"fusion-layout-column fusion_builder_column fusion-builder-column-0 fusion_builder_column_1_1 1_1 fusion-flex-column\" style=\"--awb-bg-size:cover;--awb-width-large:100%;--awb-margin-top-large:0px;--awb-spacing-right-large:1.92%;--awb-margin-bottom-large:0px;--awb-spacing-left-large:1.92%;--awb-width-medium:100%;--awb-spacing-right-medium:1.92%;--awb-spacing-left-medium:1.92%;--awb-width-small:100%;--awb-spacing-right-small:1.92%;--awb-spacing-left-small:1.92%;\"><div class=\"fusion-column-wrapper fusion-flex-justify-content-flex-start fusion-content-layout-column\"><div class=\"fusion-text fusion-text-1\"><p>Devant la n\u00e9cessit\u00e9 de continuer \u00e0 renforcer les strat\u00e9gies et les actions de communication qui contribuent \u00e0 la mission \u00e9ducative lasallienne<strong>, le Fr\u00e8reArmin Luistro, Sup\u00e9rieur g\u00e9n\u00e9ral des Fr\u00e8res des \u00c9coles Chr\u00e9tiennes, a cr\u00e9\u00e9 le Comit\u00e9 international de communication de l&rsquo;Institut<\/strong>, qui travaillera en \u00e9troite collaboration avec le Bureau de l&rsquo;information et de la communication.<\/p>\n<p>Les fonctions prioritaires de ce nouveau Comit\u00e9 sont de \u00ab\u00a0permettre une meilleure approche et connaissance de la r\u00e9alit\u00e9 de la communication dans l&rsquo;Institut au niveau local, des Districts et des R\u00e9gions\u00a0\u00bb, tout en cherchant \u00e0 \u00ab\u00a0promouvoir des initiatives pour <strong>renforcer l&rsquo;articulation de la communication entre l&rsquo;Institut, les Districts et les R\u00e9gions<\/strong>\u00ab\u00a0.<\/p>\n<p>Dans le m\u00eame ordre d&rsquo;id\u00e9es, le Comit\u00e9 aura pour mission de \u00ab\u00a0<strong>guider et concevoir des campagnes de communication mondiales pour l&rsquo;Institut<\/strong>\u00ab\u00a0, de \u00ab\u00a0sugg\u00e9rer des propositions pour renforcer les strat\u00e9gies de communication num\u00e9rique\u00a0\u00bb et de \u00ab\u00a0<strong>contribuer \u00e0 la formation et \u00e0 l&rsquo;\u00e9change d&rsquo;exp\u00e9riences en mati\u00e8re de communication<\/strong>, en particulier entre les R\u00e9gions et les Districts\u00a0\u00bb.<\/p>\n<p>Le Comit\u00e9 International de Communication sera compos\u00e9 de trois membres nomm\u00e9s par le Sup\u00e9rieur G\u00e9n\u00e9ral pour le triennat 2025 &#8211; 2028, du 1er avril 2025 au 15 mai 2028. Il s&rsquo;agit de : <strong>Mijail Arturo Eluani P\u00e9rez<\/strong>, du Mexique ; <strong>Kate Mason<\/strong>, d&rsquo;Australie ; et <strong>Silvia Pompa Fern\u00e1ndez<\/strong>, d&rsquo;Espagne<\/p>\n<\/div><div class=\"fusion-text fusion-text-2\"><p><strong><img decoding=\"async\" class=\"alignright wp-image-109205 size-full\" src=\"https:\/\/www.lasalle.org\/wp-content\/uploads\/2025\/04\/meluani-1-e1744100679116.png\" alt=\"\" width=\"150\" height=\"193\" \/>Mijail Eluani<\/strong>\u00a0est coordinateur des relations publiques et de la communication \u00e0 l&rsquo;universit\u00e9 La Salle de Mexico et copr\u00e9sident de l&rsquo;Association mexicaine des communicateurs (AMCO). Il est titulaire d&rsquo;une licence en sciences de la communication et d&rsquo;une ma\u00eetrise en gestion de la communication strat\u00e9gique. Il a plus de 15 ans d&rsquo;exp\u00e9rience en tant que strat\u00e8ge en communication, consultant et conf\u00e9rencier. Il coordonne les strat\u00e9gies de communication du r\u00e9seau universitaire La Salle au Mexique et a re\u00e7u cinq fois le prix AMCO pour son leadership dans les strat\u00e9gies de communication interne, externe et de positionnement.<\/p>\n<\/div><div class=\"fusion-text fusion-text-3\"><p><strong data-wp-editing=\"1\"><img decoding=\"async\" class=\"alignright wp-image-109201 size-full\" src=\"https:\/\/www.lasalle.org\/wp-content\/uploads\/2025\/04\/kmason-e1744100722692.png\" alt=\"\" width=\"150\" height=\"193\" \/><\/strong> <strong>Kate Mason<\/strong> est associ\u00e9e aux Fr\u00e8res des \u00c9coles chr\u00e9tiennes depuis dix ans. Depuis 2019, elle est charg\u00e9e de diriger les initiatives de communication et de m\u00e9dias sociaux dans le District d&rsquo;Australie, de Nouvelle-Z\u00e9lande, du Pakistan et de Papouasie-Nouvelle-Guin\u00e9e (ANZPPNG), tout en apportant un soutien ex\u00e9cutif au Conseil de District et au Fr\u00e8re Visiteur. L&rsquo;exp\u00e9rience exceptionnelle de Kate dans les domaines de la communication et de l&rsquo;administration assure le fonctionnement efficace des deux r\u00f4les, d\u00e9montrant son engagement ind\u00e9fectible dans le d\u00e9veloppement de la mission lasallienne et sa contribution aux objectifs de l&rsquo;Institut.<\/p>\n<\/div><div class=\"fusion-text fusion-text-4\"><p><strong><img decoding=\"async\" class=\"alignright wp-image-109209 size-full\" src=\"https:\/\/www.lasalle.org\/wp-content\/uploads\/2025\/04\/spompa-e1744101302307.png\" alt=\"\" width=\"150\" height=\"193\" \/><\/strong> <strong>Silvia Pompa<\/strong> est responsable de la communication interne et externe du District d&rsquo;Arlep (Agrupaci\u00f3n Lasaliana Espa\u00f1a &#8211; Portugal) depuis 2018. Elle est titulaire d&rsquo;un doctorat et d&rsquo;un dipl\u00f4me en sciences de l&rsquo;information de l&rsquo;Universit\u00e9 Complutense de Madrid. Elle est \u00e9galement titulaire d&rsquo;un master en gestion du marketing et de la communication, ainsi qu&rsquo;en design graphique. Outre la coordination du r\u00e9seau de communication de La Salle en Espagne et au Portugal, elle dirige la conception et la mise en \u0153uvre des campagnes de communication et de marketing, la r\u00e9daction des communiqu\u00e9s de presse, la mise \u00e0 jour du site web et les relations avec les m\u00e9dias. Elle est \u00e9galement responsable de la conception, de la mise en page et de la r\u00e9daction de documents d&rsquo;entreprise, ainsi que de la conceptualisation et du d\u00e9veloppement de projets \u00e9ditoriaux dans le domaine de l&rsquo;\u00e9ducation.<strong>\u00a0<\/strong><\/p>\n<\/div><div class=\"fusion-text fusion-text-5\"><p>Nous remercions les membres du Comit\u00e9 international de communication pour leur volont\u00e9 et leur g\u00e9n\u00e9rosit\u00e9 \u00e0 contribuer \u00e0 la consolidation de l&rsquo;\u00e9cosyst\u00e8me de communication de l&rsquo;Institut dans une perspective synodale.<\/p>\n<\/div><\/div><\/div><\/div><\/div>\n","protected":false},"excerpt":{"rendered":"","protected":false},"author":9,"featured_media":107449,"comment_status":"closed","ping_status":"closed","sticky":false,"template":"","format":"standard","meta":{"_tec_requires_first_save":true,"_monsterinsights_skip_tracking":false,"_monsterinsights_sitenote_active":false,"_monsterinsights_sitenote_note":"","_monsterinsights_sitenote_category":0,"_EventAllDay":false,"_EventTimezone":"","_EventStartDate":"","_EventEndDate":"","_EventStartDateUTC":"","_EventEndDateUTC":"","_EventShowMap":false,"_EventShowMapLink":false,"_EventURL":"","_EventCost":"","_EventCostDescription":"","_EventCurrencySymbol":"","_EventCurrencyCode":"","_EventCurrencyPosition":"","_EventDateTimeSeparator":"","_EventTimeRangeSeparator":"","_EventOrganizerID":[],"_EventVenueID":[],"_OrganizerEmail":"","_OrganizerPhone":"","_OrganizerWebsite":"","_VenueAddress":"","_VenueCity":"","_VenueCountry":"","_VenueProvince":"","_VenueState":"","_VenueZip":"","_VenuePhone":"","_VenueURL":"","_VenueStateProvince":"","_VenueLat":"","_VenueLng":"","_VenueShowMap":false,"_VenueShowMapLink":false,"_tribe_blocks_recurrence_rules":"","_tribe_blocks_recurrence_description":"","_tribe_blocks_recurrence_exclusions":"","footnotes":""},"categories":[3295,3270,3368,3302],"tags":[],"class_list":["post-109248","post","type-post","status-publish","format-standard","has-post-thumbnail","hentry","category-bureau-de-linformation-et-de-la-communication","category-maison-generalice","category-nouvelles","category-superieur-general"],"_links":{"self":[{"href":"https:\/\/www.lasalle.org\/fr\/wp-json\/wp\/v2\/posts\/109248","targetHints":{"allow":["GET"]}}],"collection":[{"href":"https:\/\/www.lasalle.org\/fr\/wp-json\/wp\/v2\/posts"}],"about":[{"href":"https:\/\/www.lasalle.org\/fr\/wp-json\/wp\/v2\/types\/post"}],"author":[{"embeddable":true,"href":"https:\/\/www.lasalle.org\/fr\/wp-json\/wp\/v2\/users\/9"}],"replies":[{"embeddable":true,"href":"https:\/\/www.lasalle.org\/fr\/wp-json\/wp\/v2\/comments?post=109248"}],"version-history":[{"count":1,"href":"https:\/\/www.lasalle.org\/fr\/wp-json\/wp\/v2\/posts\/109248\/revisions"}],"predecessor-version":[{"id":109249,"href":"https:\/\/www.lasalle.org\/fr\/wp-json\/wp\/v2\/posts\/109248\/revisions\/109249"}],"wp:featuredmedia":[{"embeddable":true,"href":"https:\/\/www.lasalle.org\/fr\/wp-json\/wp\/v2\/media\/107449"}],"wp:attachment":[{"href":"https:\/\/www.lasalle.org\/fr\/wp-json\/wp\/v2\/media?parent=109248"}],"wp:term":[{"taxonomy":"category","embeddable":true,"href":"https:\/\/www.lasalle.org\/fr\/wp-json\/wp\/v2\/categories?post=109248"},{"taxonomy":"post_tag","embeddable":true,"href":"https:\/\/www.lasalle.org\/fr\/wp-json\/wp\/v2\/tags?post=109248"}],"curies":[{"name":"wp","href":"https:\/\/api.w.org\/{rel}","templated":true}]}}