{"id":109611,"date":"2025-04-22T14:26:55","date_gmt":"2025-04-22T13:26:55","guid":{"rendered":"https:\/\/www.lasalle.org\/?p=109611"},"modified":"2025-04-22T17:59:58","modified_gmt":"2025-04-22T16:59:58","slug":"frere-armin-luistro-le-vide-laisse-par-le-pape-francois-doit-etre-comble-par-des-chretiens-fideles-qui-repondent-a-son-appel-a-aller-vers-les-peripheries","status":"publish","type":"post","link":"https:\/\/www.lasalle.org\/fr\/frere-armin-luistro-le-vide-laisse-par-le-pape-francois-doit-etre-comble-par-des-chretiens-fideles-qui-repondent-a-son-appel-a-aller-vers-les-peripheries\/","title":{"rendered":"Fr\u00e8re Armin Luistro : \u00ab Le vide laiss\u00e9 par le pape Fran\u00e7ois doit \u00eatre combl\u00e9 par des chr\u00e9tiens fid\u00e8les qui r\u00e9pondent \u00e0 son appel \u00e0 aller vers les p\u00e9riph\u00e9ries \u00bb"},"content":{"rendered":"<div class=\"pdfprnt-buttons pdfprnt-buttons-post pdfprnt-top-right\"><a href=\"https:\/\/www.lasalle.org\/fr\/wp-json\/wp\/v2\/posts\/109611?print=pdf\" class=\"pdfprnt-button pdfprnt-button-pdf\" target=\"_blank\" ><img decoding=\"async\" src=\"https:\/\/www.lasalle.org\/wp-content\/plugins\/pdf-print\/images\/pdf.png\" alt=\"image_pdf\" title=\"T\u00e9l\u00e9charger le PDF\" \/><span class=\"pdfprnt-button-title pdfprnt-button-pdf-title\">PDF<\/span><\/a><a href=\"https:\/\/www.lasalle.org\/fr\/wp-json\/wp\/v2\/posts\/109611?print=print\" class=\"pdfprnt-button pdfprnt-button-print\" target=\"_blank\" ><img decoding=\"async\" src=\"https:\/\/www.lasalle.org\/wp-content\/plugins\/pdf-print\/images\/print.png\" alt=\"image_print\" title=\"Contenu imprim\u00e9\" \/><span class=\"pdfprnt-button-title pdfprnt-button-print-title\">PRINT<\/span><\/a><\/div><div class=\"fusion-fullwidth fullwidth-box fusion-builder-row-1 fusion-flex-container nonhundred-percent-fullwidth non-hundred-percent-height-scrolling\" style=\"--awb-border-radius-top-left:0px;--awb-border-radius-top-right:0px;--awb-border-radius-bottom-right:0px;--awb-border-radius-bottom-left:0px;--awb-flex-wrap:wrap;\" ><div class=\"fusion-builder-row fusion-row fusion-flex-align-items-flex-start fusion-flex-content-wrap\" style=\"max-width:1248px;margin-left: calc(-4% \/ 2 );margin-right: calc(-4% \/ 2 );\"><div class=\"fusion-layout-column fusion_builder_column fusion-builder-column-0 fusion_builder_column_1_1 1_1 fusion-flex-column\" style=\"--awb-bg-size:cover;--awb-width-large:100%;--awb-margin-top-large:0px;--awb-spacing-right-large:1.92%;--awb-margin-bottom-large:0px;--awb-spacing-left-large:1.92%;--awb-width-medium:100%;--awb-spacing-right-medium:1.92%;--awb-spacing-left-medium:1.92%;--awb-width-small:100%;--awb-spacing-right-small:1.92%;--awb-spacing-left-small:1.92%;\"><div class=\"fusion-column-wrapper fusion-flex-justify-content-flex-start fusion-content-layout-column\"><div class=\"fusion-text fusion-text-1\"><p>\u00c0 la suite du\u00a0<strong>d\u00e9part du pape Fran\u00e7ois vers la maison du P\u00e8re ce lundi de P\u00e2ques 21 avril<\/strong>, \u00e0 l\u2019\u00e2ge de 88 ans, les Fr\u00e8res des \u00c9coles Chr\u00e9tiennes, avec la Famille Lasallienne, expriment leurs condol\u00e9ances et leur communion avec l\u2019\u00c9glise universelle, remerciant le Seigneur pour le pontificat f\u00e9cond de Jorge Mario Bergoglio.<\/p>\n<p><strong>\u00ab L\u2019amour a vaincu la haine. La lumi\u00e8re a vaincu les t\u00e9n\u00e8bres. La v\u00e9rit\u00e9 a vaincu le mensonge<\/strong>. Tel fut le message pascal du pape Fran\u00e7ois \u00e0 l\u2019\u00c9glise et au monde entier ce Dimanche de P\u00e2ques, quelques heures avant d\u2019\u00eatre appel\u00e9 au Royaume de Dieu, royaume d\u2019amour, de lumi\u00e8re et de v\u00e9rit\u00e9 \u00bb, voil\u00e0 les premiers propos du Fr\u00e8re Armin Luistro, Sup\u00e9rieur g\u00e9n\u00e9ral, en \u00e9voquant le grand h\u00e9ritage laiss\u00e9 par Fran\u00e7ois \u00e0 l\u2019\u00c9glise et \u00e0 la soci\u00e9t\u00e9.<\/p>\n<\/div><div class=\"fusion-title title fusion-title-1 fusion-sep-none fusion-title-text fusion-title-size-two\" style=\"--awb-text-color:var(--awb-custom12);--awb-font-size:22px;\"><h2 class=\"fusion-title-heading title-heading-left\" style=\"margin:0;font-size:1em;\"><strong>Des paroles et des actes<\/strong><\/h2><\/div><div class=\"fusion-text fusion-text-2\"><p>\u00ab C\u2019est peut-\u00eatre l\u00e0 la le\u00e7on la plus puissante que le 266e Vicaire du Christ ait pr\u00each\u00e9e durant son pontificat, parfois par des mots, mais bien souvent par ses actions \u00bb, poursuit le Fr\u00e8re Armin, soulignant que \u00ab face \u00e0 l\u2019augmentation de la violence et de la guerre, au repli sur soi et \u00e0 l\u2019exclusion, \u00e0 la prolif\u00e9ration des mensonges et \u00e0 la polarisation, <strong>le pape Fran\u00e7ois a embrass\u00e9 les liens profonds de fraternit\u00e9 qui unissent tous les \u00eatres humains et toute la Cr\u00e9ation comme un seul corps dans le Christ<\/strong> \u00bb.<\/p>\n<p>En exprimant sa gratitude, le Sup\u00e9rieur g\u00e9n\u00e9ral rappelle que \u00ab durant ces douze derni\u00e8res ann\u00e9es, <strong>le pape Fran\u00e7ois a guid\u00e9 l&rsquo;\u00c9glise sur le chemin synodal vers cette esp\u00e9rance qui ne d\u00e9\u00e7oit pas<\/strong>, en nous montrant par l\u2019exemple comment \u00e9couter avec attention et sans juger, marcher patiemment comme des p\u00e8lerins sans pr\u00e9cipitation, et aimer passionn\u00e9ment et sans r\u00e9serve\u00a0\u00bb.<\/p>\n<p>Les nouvelles voies ouvertes par le pape argentin n\u2019ont pas \u00e9t\u00e9 exemptes de difficult\u00e9s. \u00ab Il a eu de nombreux d\u00e9tracteurs puissants et virulents, au sein de l\u2019\u00c9glise comme \u00e0 l\u2019ext\u00e9rieur, mais <strong>il a continu\u00e9 \u00e0 ouvrir des portes, b\u00e2tir des ponts et cr\u00e9er de nombreux espaces s\u00fbrs o\u00f9 l\u2019amour, la lumi\u00e8re et la v\u00e9rit\u00e9<\/strong>\u00a0\u00bb, affirme le Fr\u00e8re Armin.<\/p>\n<p>Quoi qu\u2019il en soit, la P\u00e2que de Jorge Mario Bergoglio est aussi un appel \u00e0 s\u2019engager dans ses grandes causes. \u00ab <strong>Le vide de leadership laiss\u00e9 par le pape Fran\u00e7ois doit d\u00e9sormais \u00eatre combl\u00e9 par des chr\u00e9tiens fid\u00e8les qui poursuivront son appel \u00e0 aller vers les p\u00e9riph\u00e9ries, par des Lasalliens engag\u00e9s qui vivent les le\u00e7ons de fraternit\u00e9 dans nos communaut\u00e9s et nos \u00e9coles<\/strong>, et par toutes les femmes, hommes et enfants de bonne volont\u00e9 qui deviennent le changement qu\u2019ils souhaitent voir dans notre monde bless\u00e9\u00a0\u00bb, conclut le Sup\u00e9rieur g\u00e9n\u00e9ral des Fr\u00e8res des \u00c9coles Chr\u00e9tiennes.<\/p>\n<\/div><div class=\"fusion-text fusion-text-3\"><div class=\"video-shortcode\"><iframe title=\"LaSalleOrg | In memoriam: Pape Fran\u00e7ois\" width=\"1200\" height=\"675\" src=\"https:\/\/www.youtube.com\/embed\/yBCrhAov3mc?feature=oembed\" frameborder=\"0\" allow=\"accelerometer; autoplay; clipboard-write; encrypted-media; gyroscope; picture-in-picture; web-share\" referrerpolicy=\"strict-origin-when-cross-origin\" allowfullscreen><\/iframe><\/div>\n<\/div><\/div><\/div><\/div><\/div>\n","protected":false},"excerpt":{"rendered":"","protected":false},"author":9,"featured_media":109593,"comment_status":"closed","ping_status":"closed","sticky":false,"template":"","format":"standard","meta":{"_tec_requires_first_save":true,"_monsterinsights_skip_tracking":false,"_monsterinsights_sitenote_active":false,"_monsterinsights_sitenote_note":"","_monsterinsights_sitenote_category":0,"_EventAllDay":false,"_EventTimezone":"","_EventStartDate":"","_EventEndDate":"","_EventStartDateUTC":"","_EventEndDateUTC":"","_EventShowMap":false,"_EventShowMapLink":false,"_EventURL":"","_EventCost":"","_EventCostDescription":"","_EventCurrencySymbol":"","_EventCurrencyCode":"","_EventCurrencyPosition":"","_EventDateTimeSeparator":"","_EventTimeRangeSeparator":"","_EventOrganizerID":[],"_EventVenueID":[],"_OrganizerEmail":"","_OrganizerPhone":"","_OrganizerWebsite":"","_VenueAddress":"","_VenueCity":"","_VenueCountry":"","_VenueProvince":"","_VenueState":"","_VenueZip":"","_VenuePhone":"","_VenueURL":"","_VenueStateProvince":"","_VenueLat":"","_VenueLng":"","_VenueShowMap":false,"_VenueShowMapLink":false,"_tribe_blocks_recurrence_rules":"","_tribe_blocks_recurrence_description":"","_tribe_blocks_recurrence_exclusions":"","footnotes":""},"categories":[3270,3368,3384,3302],"tags":[],"class_list":["post-109611","post","type-post","status-publish","format-standard","has-post-thumbnail","hentry","category-maison-generalice","category-nouvelles","category-saint-siege","category-superieur-general"],"_links":{"self":[{"href":"https:\/\/www.lasalle.org\/fr\/wp-json\/wp\/v2\/posts\/109611","targetHints":{"allow":["GET"]}}],"collection":[{"href":"https:\/\/www.lasalle.org\/fr\/wp-json\/wp\/v2\/posts"}],"about":[{"href":"https:\/\/www.lasalle.org\/fr\/wp-json\/wp\/v2\/types\/post"}],"author":[{"embeddable":true,"href":"https:\/\/www.lasalle.org\/fr\/wp-json\/wp\/v2\/users\/9"}],"replies":[{"embeddable":true,"href":"https:\/\/www.lasalle.org\/fr\/wp-json\/wp\/v2\/comments?post=109611"}],"version-history":[{"count":2,"href":"https:\/\/www.lasalle.org\/fr\/wp-json\/wp\/v2\/posts\/109611\/revisions"}],"predecessor-version":[{"id":109630,"href":"https:\/\/www.lasalle.org\/fr\/wp-json\/wp\/v2\/posts\/109611\/revisions\/109630"}],"wp:featuredmedia":[{"embeddable":true,"href":"https:\/\/www.lasalle.org\/fr\/wp-json\/wp\/v2\/media\/109593"}],"wp:attachment":[{"href":"https:\/\/www.lasalle.org\/fr\/wp-json\/wp\/v2\/media?parent=109611"}],"wp:term":[{"taxonomy":"category","embeddable":true,"href":"https:\/\/www.lasalle.org\/fr\/wp-json\/wp\/v2\/categories?post=109611"},{"taxonomy":"post_tag","embeddable":true,"href":"https:\/\/www.lasalle.org\/fr\/wp-json\/wp\/v2\/tags?post=109611"}],"curies":[{"name":"wp","href":"https:\/\/api.w.org\/{rel}","templated":true}]}}