{"id":109821,"date":"2025-04-29T09:28:59","date_gmt":"2025-04-29T08:28:59","guid":{"rendered":"https:\/\/www.lasalle.org\/?p=109821"},"modified":"2025-04-29T09:28:59","modified_gmt":"2025-04-29T08:28:59","slug":"visite-de-frere-armin-en-afrique-dans-les-peripheries-de-la-mission-educative-lasallienne","status":"publish","type":"post","link":"https:\/\/www.lasalle.org\/fr\/visite-de-frere-armin-en-afrique-dans-les-peripheries-de-la-mission-educative-lasallienne\/","title":{"rendered":"Visite de Fr\u00e8re Armin en Afrique : Dans les p\u00e9riph\u00e9ries de la Mission \u00c9ducative Lasallienne"},"content":{"rendered":"<div class=\"pdfprnt-buttons pdfprnt-buttons-post pdfprnt-top-right\"><a href=\"https:\/\/www.lasalle.org\/fr\/wp-json\/wp\/v2\/posts\/109821?print=pdf\" class=\"pdfprnt-button pdfprnt-button-pdf\" target=\"_blank\" ><img decoding=\"async\" src=\"https:\/\/www.lasalle.org\/wp-content\/plugins\/pdf-print\/images\/pdf.png\" alt=\"image_pdf\" title=\"T\u00e9l\u00e9charger le PDF\" \/><span class=\"pdfprnt-button-title pdfprnt-button-pdf-title\">PDF<\/span><\/a><a href=\"https:\/\/www.lasalle.org\/fr\/wp-json\/wp\/v2\/posts\/109821?print=print\" class=\"pdfprnt-button pdfprnt-button-print\" target=\"_blank\" ><img decoding=\"async\" src=\"https:\/\/www.lasalle.org\/wp-content\/plugins\/pdf-print\/images\/print.png\" alt=\"image_print\" title=\"Contenu imprim\u00e9\" \/><span class=\"pdfprnt-button-title pdfprnt-button-print-title\">PRINT<\/span><\/a><\/div><div class=\"fusion-fullwidth fullwidth-box fusion-builder-row-1 fusion-flex-container nonhundred-percent-fullwidth non-hundred-percent-height-scrolling\" style=\"--awb-border-radius-top-left:0px;--awb-border-radius-top-right:0px;--awb-border-radius-bottom-right:0px;--awb-border-radius-bottom-left:0px;--awb-flex-wrap:wrap;\" ><div class=\"fusion-builder-row fusion-row fusion-flex-align-items-flex-start fusion-flex-content-wrap\" style=\"max-width:1248px;margin-left: calc(-4% \/ 2 );margin-right: calc(-4% \/ 2 );\"><div class=\"fusion-layout-column fusion_builder_column fusion-builder-column-0 fusion_builder_column_1_1 1_1 fusion-flex-column\" style=\"--awb-bg-size:cover;--awb-width-large:100%;--awb-margin-top-large:0px;--awb-spacing-right-large:1.92%;--awb-margin-bottom-large:0px;--awb-spacing-left-large:1.92%;--awb-width-medium:100%;--awb-spacing-right-medium:1.92%;--awb-spacing-left-medium:1.92%;--awb-width-small:100%;--awb-spacing-right-small:1.92%;--awb-spacing-left-small:1.92%;\"><div class=\"fusion-column-wrapper fusion-flex-justify-content-flex-start fusion-content-layout-column\"><div class=\"fusion-text fusion-text-1\"><p>En ce mois d\u2019avril, Fr\u00e8re Armin a entrepris son deuxi\u00e8me voyage en Afrique depuis son retour du Tchad en janvier. Ce voyage l\u2019a men\u00e9 \u00e0 travers la Guin\u00e9e \u00c9quatoriale et le Togo, o\u00f9 il a eu l&rsquo;occasion de rencontrer les communaut\u00e9s lasalliennes dans des moments riches en \u00e9changes et en d\u00e9couvertes.<\/p>\n<\/div><div class=\"fusion-title title fusion-title-1 fusion-sep-none fusion-title-text fusion-title-size-two\" style=\"--awb-text-color:var(--awb-custom12);--awb-font-size:22px;\"><h2 class=\"fusion-title-heading title-heading-left\" style=\"margin:0;font-size:1em;\"><strong>Guin\u00e9e \u00c9quatoriale : Moments de pri\u00e8re et d&rsquo;\u00e9changes<\/strong><\/h2><\/div><div class=\"fusion-text fusion-text-2\"><p><img decoding=\"async\" class=\"alignright size-medium wp-image-109803\" src=\"https:\/\/www.lasalle.org\/wp-content\/uploads\/2025\/04\/Guinee-Equ000-225x300.jpg\" alt=\"\" width=\"225\" height=\"300\" srcset=\"https:\/\/www.lasalle.org\/wp-content\/uploads\/2025\/04\/Guinee-Equ000-200x267.jpg 200w, https:\/\/www.lasalle.org\/wp-content\/uploads\/2025\/04\/Guinee-Equ000-225x300.jpg 225w, https:\/\/www.lasalle.org\/wp-content\/uploads\/2025\/04\/Guinee-Equ000-400x533.jpg 400w, https:\/\/www.lasalle.org\/wp-content\/uploads\/2025\/04\/Guinee-Equ000-600x800.jpg 600w, https:\/\/www.lasalle.org\/wp-content\/uploads\/2025\/04\/Guinee-Equ000-768x1024.jpg 768w, https:\/\/www.lasalle.org\/wp-content\/uploads\/2025\/04\/Guinee-Equ000-800x1067.jpg 800w, https:\/\/www.lasalle.org\/wp-content\/uploads\/2025\/04\/Guinee-Equ000.jpg 900w\" sizes=\"(max-width: 225px) 100vw, 225px\" \/>La visite a commenc\u00e9 \u00e0 Bata, du 8 au 12 avril, o\u00f9 Fr\u00e8re Armin et Fr\u00e8re Anatole ont \u00e9t\u00e9 accueillis chaleureusement \u00e0 la r\u00e9sidence de la communaut\u00e9 La Salle de L\u00e9a. D\u00e8s leur arriv\u00e9e, ils ont pris part \u00e0 des moments de pri\u00e8re, culminant avec une messe \u00e0 la cath\u00e9drale. Un des moments forts de ce s\u00e9jour a \u00e9t\u00e9 la rencontre avec les communaut\u00e9s \u00e9ducatives de Bomudi et de L\u00e9a. Fr\u00e8re Armin a eu l&rsquo;opportunit\u00e9 d&rsquo;\u00e9changer avec des \u00e9l\u00e8ves de diff\u00e9rents niveaux ainsi qu&rsquo;avec des enseignants.<\/p>\n<p>Les discussions ont abord\u00e9 des sujets essentiels comme le manque de vocations parmi les Fr\u00e8res guin\u00e9ens, le d\u00e9veloppement des \u0153uvres lasalliennes pour accueillir davantage de jeunes, et les pr\u00e9occupations concernant l\u2019acc\u00e8s aux bourses d\u2019\u00e9tudes pour les \u00e9l\u00e8ves d\u00e9favoris\u00e9s. Il a \u00e9galement rencontr\u00e9 de nombreux parents d\u2019\u00e9l\u00e8ves lors de la distribution des bulletins de fin de trimestre.<\/p>\n<p>Fr\u00e8re Armin a enrichi sa visite en d\u00e9couvrant l\u2019ancien Instituto \u00ab Laboral \u00bb La Salle, le Lyc\u00e9e Charles Lwanga et l&rsquo;\u00c9cole de formation des ma\u00eetres, qui sont des symboles forts de la pr\u00e9sence des Fr\u00e8res des \u00c9coles Chr\u00e9tiennes dans ce pays.<\/p>\n<p>Pour clore cette visite canonique en Guin\u00e9e \u00c9quatoriale, une r\u00e9union a rassembl\u00e9 les deux communaut\u00e9s de Bata, se terminant par un moment convivial de partage et de fraternit\u00e9.<\/p>\n<\/div><div class=\"fusion-title title fusion-title-2 fusion-sep-none fusion-title-text fusion-title-size-two\" style=\"--awb-text-color:var(--awb-custom12);--awb-font-size:22px;\"><h2 class=\"fusion-title-heading title-heading-left\" style=\"margin:0;font-size:1em;\"><strong>Togo : Accueil chaleureux et rencontres inoubliables<\/strong><\/h2><\/div><div class=\"fusion-text fusion-text-3\"><p>Le voyage s&rsquo;est poursuivi au Togo, du 13 au 18 avril, o\u00f9 l&rsquo;accueil a \u00e9t\u00e9 soigneusement pr\u00e9par\u00e9. \u00c0 leur arriv\u00e9e \u00e0 l&rsquo;a\u00e9roport international de Lom\u00e9, Fr\u00e8re Armin et Fr\u00e8re Anatole ont \u00e9t\u00e9 accueillis dans un salon de l&rsquo;a\u00e9roport avec de magnifiques bouquets de fleurs, un accueil organis\u00e9 par un ancien \u00e9l\u00e8ve des Fr\u00e8res, aujourd&rsquo;hui chef de protocole, ainsi que par Fr\u00e8re Herman et Fr\u00e8re S\u00e9verin. Une premi\u00e8re rencontre a eu lieu avec les membres de Signum Fidei, les d\u00e9l\u00e9gu\u00e9s des jeunes lasalliens et des anciens \u00e9l\u00e8ves, ce qui a permis d&rsquo;avoir une conversation enrichissante. Apr\u00e8s cette premi\u00e8re prise de contact, la d\u00e9l\u00e9gation a entrepris un long trajet de 10 heures vers Dapaong.<\/p>\n<p>\u00c0 Dapaong, Fr\u00e8re Armin a \u00e9t\u00e9 chaleureusement re\u00e7u lors d&rsquo;une c\u00e9r\u00e9monie officielle au Coll\u00e8ge La Salle, qui a inclus des discours, des danses traditionnelles et des interactions avec les \u00e9l\u00e8ves. Les visites se sont poursuivies au Coll\u00e8ge Saint Athanase, o\u00f9 il a \u00e9galement eu l&rsquo;occasion de rencontrer l&rsquo;\u00c9v\u00eaque local. Un moment marquant a \u00e9t\u00e9 sa visite \u00e0 l&rsquo;\u00e9cole primaire catholique de Twaga, un \u00e9tablissement o\u00f9 les conditions d&rsquo;apprentissage sont pr\u00e9caires, attirant l&rsquo;attention du Sup\u00e9rieur G\u00e9n\u00e9ral sur les d\u00e9fis auxquels font face de nombreuses \u00e9coles dans les zones recul\u00e9es. La visite \u00e0 Tami a mis en lumi\u00e8re le Centre de Formation Rurale et l&rsquo;\u00e9cole Fr\u00e8re Pablo, o\u00f9 une assembl\u00e9e avec la population a permis de recueillir des t\u00e9moignages de gratitude et des attentes pour l&rsquo;avenir. Le rencontre de cl\u00f4ture avec les Fr\u00e8res de la zone a lieu \u00e0 la communaut\u00e9 des Fr\u00e8res de Dapaong, suivie d\u2019un repas festif d\u2019aurevoir.<\/p>\n<\/div><div class=\"fusion-title title fusion-title-3 fusion-sep-none fusion-title-text fusion-title-size-two\" style=\"--awb-text-color:var(--awb-custom12);--awb-font-size:22px;\"><h2 class=\"fusion-title-heading title-heading-left\" style=\"margin:0;font-size:1em;\"><strong>Messages d&rsquo;encouragement et de reconnaissance<\/strong><\/h2><\/div><div class=\"fusion-text fusion-text-4\"><p>Tout au long de ces voyages, que ce soit en Guin\u00e9e \u00c9quatoriale ou au Togo, Fr\u00e8re Armin n\u2019a pas manqu\u00e9 d&rsquo;exprimer sa gratitude envers les Fr\u00e8res, les \u00e9ducateurs, les \u00e9l\u00e8ves et les parents pour leur accueil chaleureux et l\u2019excellence de leur organisation. Il a \u00e9galement encourag\u00e9 l&rsquo;ensemble de la communaut\u00e9 lasallienne \u00e0 poursuivre sa mission avec ferveur et d\u00e9termination.<\/p>\n<p>Fr\u00e8re Armin a \u00e9t\u00e9 particuli\u00e8rement touch\u00e9 par la fraternit\u00e9 qui r\u00e8gne au sein de ces communaut\u00e9s et par l\u2019engagement in\u00e9branlable des Fr\u00e8res, qui travaillent sans rel\u00e2che malgr\u00e9 des conditions difficiles et les ressources limit\u00e9es. Ces exp\u00e9riences \u00e9voquent un profond sens de communaut\u00e9 et servent d&rsquo;exemples inspirants pour les jeunes et les enseignants la\u00efcs, les incitant \u00e0 s&rsquo;engager dans les diverses vocations lasalliennes.<\/p>\n<p>De leur c\u00f4t\u00e9, les Fr\u00e8res et leurs collaborateurs ont exprim\u00e9 leur sinc\u00e8re reconnaissance envers Fr\u00e8re Armin pour sa d\u00e9termination \u00e0 venir \u00e0 leur rencontre, les soutenir et les encourager dans leur mission. Ils admirent son courage, bravant des conditions parfois difficiles pour se rendre dans des zones parfois consid\u00e9r\u00e9es comme \u00e0 risque.<\/p>\n<p>Ce voyage a contribu\u00e9 \u00e0 renforcer les liens au sein des communaut\u00e9s \u00e9ducatives lasalliennes, tout en mettant en lumi\u00e8re le pouvoir de la fraternit\u00e9 et de la collaboration dans la mission \u00e9ducative des Fr\u00e8res. De plus, cette tourn\u00e9e de Fr\u00e8re Armin a permis de mettre en avant l&rsquo;impact significatif de la pr\u00e9sence des Fr\u00e8res dans les pays visit\u00e9s. La participation active des Visiteurs tout au long du p\u00e9riple t\u00e9moigne de la collaboration \u00e9troite entre le centre de l&rsquo;Institut et les responsables locaux.<\/p>\n<p>Le message transversal de Fr\u00e8re Armin souligne que la reconnaissance de la contribution collective des Fr\u00e8res et des la\u00efcs dans l\u2019\u00e9ducation et la formation des jeunes est un encouragement \u00e0 vivre aujourd&rsquo;hui encore avec une audace proph\u00e9tique. Il affirme qu\u2019il est tout \u00e0 fait possible de s\u2019engager avec amour et d\u00e9sint\u00e9ressement au service des autres, en particulier des plus d\u00e9favoris\u00e9s.<\/p>\n<\/div><div class=\"fusion-text fusion-text-5\"><p><em>* Article r\u00e9dig\u00e9 par le Fr\u00e8re Anatole Diretenadji, Conseiller g\u00e9n\u00e9ral.<\/em><\/p>\n<\/div><div class=\"fusion-text fusion-text-6\"><p><img decoding=\"async\" class=\"aligncenter size-full wp-image-109807\" src=\"https:\/\/www.lasalle.org\/wp-content\/uploads\/2025\/04\/Togo-Visite-a-lecole-primaire-catholique-Twaga000.jpg\" alt=\"\" width=\"1500\" height=\"659\" srcset=\"https:\/\/www.lasalle.org\/wp-content\/uploads\/2025\/04\/Togo-Visite-a-lecole-primaire-catholique-Twaga000-200x88.jpg 200w, https:\/\/www.lasalle.org\/wp-content\/uploads\/2025\/04\/Togo-Visite-a-lecole-primaire-catholique-Twaga000-300x132.jpg 300w, https:\/\/www.lasalle.org\/wp-content\/uploads\/2025\/04\/Togo-Visite-a-lecole-primaire-catholique-Twaga000-400x176.jpg 400w, https:\/\/www.lasalle.org\/wp-content\/uploads\/2025\/04\/Togo-Visite-a-lecole-primaire-catholique-Twaga000-600x264.jpg 600w, https:\/\/www.lasalle.org\/wp-content\/uploads\/2025\/04\/Togo-Visite-a-lecole-primaire-catholique-Twaga000-768x337.jpg 768w, https:\/\/www.lasalle.org\/wp-content\/uploads\/2025\/04\/Togo-Visite-a-lecole-primaire-catholique-Twaga000-800x351.jpg 800w, https:\/\/www.lasalle.org\/wp-content\/uploads\/2025\/04\/Togo-Visite-a-lecole-primaire-catholique-Twaga000-1200x527.jpg 1200w, https:\/\/www.lasalle.org\/wp-content\/uploads\/2025\/04\/Togo-Visite-a-lecole-primaire-catholique-Twaga000.jpg 1500w\" sizes=\"(max-width: 1500px) 100vw, 1500px\" \/><\/p>\n<\/div><\/div><\/div><\/div><\/div>\n","protected":false},"excerpt":{"rendered":"","protected":false},"author":9,"featured_media":109799,"comment_status":"closed","ping_status":"closed","sticky":false,"template":"","format":"standard","meta":{"_tec_requires_first_save":true,"_monsterinsights_skip_tracking":false,"_monsterinsights_sitenote_active":false,"_monsterinsights_sitenote_note":"","_monsterinsights_sitenote_category":0,"_EventAllDay":false,"_EventTimezone":"","_EventStartDate":"","_EventEndDate":"","_EventStartDateUTC":"","_EventEndDateUTC":"","_EventShowMap":false,"_EventShowMapLink":false,"_EventURL":"","_EventCost":"","_EventCostDescription":"","_EventCurrencySymbol":"","_EventCurrencyCode":"","_EventCurrencyPosition":"","_EventDateTimeSeparator":"","_EventTimeRangeSeparator":"","_EventOrganizerID":[],"_EventVenueID":[],"_OrganizerEmail":"","_OrganizerPhone":"","_OrganizerWebsite":"","_VenueAddress":"","_VenueCity":"","_VenueCountry":"","_VenueProvince":"","_VenueState":"","_VenueZip":"","_VenuePhone":"","_VenueURL":"","_VenueStateProvince":"","_VenueLat":"","_VenueLng":"","_VenueShowMap":false,"_VenueShowMapLink":false,"_tribe_blocks_recurrence_rules":"","_tribe_blocks_recurrence_description":"","_tribe_blocks_recurrence_exclusions":"","footnotes":""},"categories":[3368,3463,3302],"tags":[],"class_list":["post-109821","post","type-post","status-publish","format-standard","has-post-thumbnail","hentry","category-nouvelles","category-relaf-fr","category-superieur-general"],"_links":{"self":[{"href":"https:\/\/www.lasalle.org\/fr\/wp-json\/wp\/v2\/posts\/109821","targetHints":{"allow":["GET"]}}],"collection":[{"href":"https:\/\/www.lasalle.org\/fr\/wp-json\/wp\/v2\/posts"}],"about":[{"href":"https:\/\/www.lasalle.org\/fr\/wp-json\/wp\/v2\/types\/post"}],"author":[{"embeddable":true,"href":"https:\/\/www.lasalle.org\/fr\/wp-json\/wp\/v2\/users\/9"}],"replies":[{"embeddable":true,"href":"https:\/\/www.lasalle.org\/fr\/wp-json\/wp\/v2\/comments?post=109821"}],"version-history":[{"count":1,"href":"https:\/\/www.lasalle.org\/fr\/wp-json\/wp\/v2\/posts\/109821\/revisions"}],"predecessor-version":[{"id":109822,"href":"https:\/\/www.lasalle.org\/fr\/wp-json\/wp\/v2\/posts\/109821\/revisions\/109822"}],"wp:featuredmedia":[{"embeddable":true,"href":"https:\/\/www.lasalle.org\/fr\/wp-json\/wp\/v2\/media\/109799"}],"wp:attachment":[{"href":"https:\/\/www.lasalle.org\/fr\/wp-json\/wp\/v2\/media?parent=109821"}],"wp:term":[{"taxonomy":"category","embeddable":true,"href":"https:\/\/www.lasalle.org\/fr\/wp-json\/wp\/v2\/categories?post=109821"},{"taxonomy":"post_tag","embeddable":true,"href":"https:\/\/www.lasalle.org\/fr\/wp-json\/wp\/v2\/tags?post=109821"}],"curies":[{"name":"wp","href":"https:\/\/api.w.org\/{rel}","templated":true}]}}