{"id":110674,"date":"2025-05-22T08:27:05","date_gmt":"2025-05-22T07:27:05","guid":{"rendered":"https:\/\/www.lasalle.org\/?p=110674"},"modified":"2025-05-22T08:31:05","modified_gmt":"2025-05-22T07:31:05","slug":"visite-du-frere-superieur-general-au-benin-de-cotonou-a-bohicon-et-de-bohicon-a-akassato","status":"publish","type":"post","link":"https:\/\/www.lasalle.org\/fr\/visite-du-frere-superieur-general-au-benin-de-cotonou-a-bohicon-et-de-bohicon-a-akassato\/","title":{"rendered":"Visite du Fr\u00e8re Sup\u00e9rieur G\u00e9n\u00e9ral au B\u00e9nin : de Cotonou \u00e0 Bohicon et de Bohicon \u00e0 Akassato"},"content":{"rendered":"<div class=\"pdfprnt-buttons pdfprnt-buttons-post pdfprnt-top-right\"><a href=\"https:\/\/www.lasalle.org\/fr\/wp-json\/wp\/v2\/posts\/110674?print=pdf\" class=\"pdfprnt-button pdfprnt-button-pdf\" target=\"_blank\" ><img decoding=\"async\" src=\"https:\/\/www.lasalle.org\/wp-content\/plugins\/pdf-print\/images\/pdf.png\" alt=\"image_pdf\" title=\"T\u00e9l\u00e9charger le PDF\" \/><span class=\"pdfprnt-button-title pdfprnt-button-pdf-title\">PDF<\/span><\/a><a href=\"https:\/\/www.lasalle.org\/fr\/wp-json\/wp\/v2\/posts\/110674?print=print\" class=\"pdfprnt-button pdfprnt-button-print\" target=\"_blank\" ><img decoding=\"async\" src=\"https:\/\/www.lasalle.org\/wp-content\/plugins\/pdf-print\/images\/print.png\" alt=\"image_print\" title=\"Contenu imprim\u00e9\" \/><span class=\"pdfprnt-button-title pdfprnt-button-print-title\">PRINT<\/span><\/a><\/div><div class=\"fusion-fullwidth fullwidth-box fusion-builder-row-1 fusion-flex-container nonhundred-percent-fullwidth non-hundred-percent-height-scrolling\" style=\"--awb-border-radius-top-left:0px;--awb-border-radius-top-right:0px;--awb-border-radius-bottom-right:0px;--awb-border-radius-bottom-left:0px;--awb-flex-wrap:wrap;\" ><div class=\"fusion-builder-row fusion-row fusion-flex-align-items-flex-start fusion-flex-content-wrap\" style=\"max-width:1248px;margin-left: calc(-4% \/ 2 );margin-right: calc(-4% \/ 2 );\"><div class=\"fusion-layout-column fusion_builder_column fusion-builder-column-0 fusion_builder_column_1_1 1_1 fusion-flex-column\" style=\"--awb-bg-size:cover;--awb-width-large:100%;--awb-margin-top-large:0px;--awb-spacing-right-large:1.92%;--awb-margin-bottom-large:0px;--awb-spacing-left-large:1.92%;--awb-width-medium:100%;--awb-spacing-right-medium:1.92%;--awb-spacing-left-medium:1.92%;--awb-width-small:100%;--awb-spacing-right-small:1.92%;--awb-spacing-left-small:1.92%;\"><div class=\"fusion-column-wrapper fusion-flex-justify-content-flex-start fusion-content-layout-column\"><div class=\"fusion-text fusion-text-1\"><p>La visite du Fr\u00e8re Armin Luistro, Sup\u00e9rieur G\u00e9n\u00e9ral des Fr\u00e8res des \u00c9coles Chr\u00e9tiennes, au B\u00e9nin, du 6 au 12 mai 2025, a \u00e9t\u00e9 accueillie avec joie, fraternit\u00e9 et enthousiasme.<\/p>\n<p>\u00ab De Cotonou \u00e0 Bohicon et de Bohicon \u00e0 Akassato \u00bb, tel fut l\u2019itin\u00e9raire de la visite du Fr\u00e8re Sup\u00e9rieur G\u00e9n\u00e9ral dans cette partie du District Lasallien d\u2019Afrique de l\u2019Ouest (DILAO), comme l\u2019a mentionn\u00e9 le Fr\u00e8re Diretenadji Anatole, Conseiller G\u00e9n\u00e9ral de l\u2019Institut, qui l\u2019a accompagn\u00e9 lors des diff\u00e9rentes rencontres et moments de partage.<\/p>\n<p>Trois communaut\u00e9s \u00e9ducatives ont particip\u00e9 \u00e0 cette troisi\u00e8me visite du Fr\u00e8re Armin en Afrique depuis le d\u00e9but de l\u2019ann\u00e9e 2025. \u00c0 travers les t\u00e9moignages et les r\u00e9flexions d\u2019\u00e9l\u00e8ves, d\u2019enseignants et de parents ayant partag\u00e9 ces journ\u00e9es avec le Sup\u00e9rieur G\u00e9n\u00e9ral, on per\u00e7oit l\u2019impact de la mission lasallienne dans la communaut\u00e9.<\/p>\n<\/div><div class=\"fusion-title title fusion-title-1 fusion-sep-none fusion-title-text fusion-title-size-two\" style=\"--awb-text-color:#9f1d05;--awb-font-size:22px;\"><h2 class=\"fusion-title-heading title-heading-left\" style=\"margin:0;font-size:1em;\"><strong>Former des citoyens<\/strong><\/h2><\/div><div class=\"fusion-text fusion-text-2\"><p>Au\u00a0<strong><em>Coll\u00e8ge Monseigneur Steinmetz<\/em><\/strong>, le repr\u00e9sentant des \u00e9l\u00e8ves a soulign\u00e9 la qualit\u00e9 de l\u2019\u00e9ducation lasallienne : \u00ab Gr\u00e2ce \u00e0 cette excellence \u00e9ducative, l&rsquo;\u00e9quipe p\u00e9dagogique dynamique nous offre des opportunit\u00e9s d&rsquo;approfondir nos connaissances, de d\u00e9velopper notre pens\u00e9e critique et de devenir des citoyens accomplis, capables de surmonter tous les obstacles. Nous esp\u00e9rons que votre visite au B\u00e9nin, et particuli\u00e8rement \u00e0 Bohicon, sera \u00e0 la fois enrichissante et source de d\u00e9couvertes \u00bb.<\/p>\n<p>Dans son discours de bienvenue, le repr\u00e9sentant du personnel a soulign\u00e9 que \u00ab tous les enseignants se sentent profond\u00e9ment honor\u00e9s par la visite du Fr\u00e8re Armin et r\u00e9affirment leur engagement \u00e0 donner le meilleur d&rsquo;eux-m\u00eames pour le bien-\u00eatre des \u00e9l\u00e8ves qui leur sont confi\u00e9s, en leur offrant une \u00e9ducation de qualit\u00e9 et des enseignements solides \u00bb.\u00a0Il a \u00e9galement invit\u00e9 le Sup\u00e9rieur G\u00e9n\u00e9ral \u00e0 inclure tous les membres de la communaut\u00e9 \u00e9ducative dans ses pri\u00e8res quotidiennes.<\/p>\n<\/div><div class=\"fusion-title title fusion-title-2 fusion-sep-none fusion-title-text fusion-title-size-two\" style=\"--awb-text-color:#9f1d05;--awb-font-size:22px;\"><h2 class=\"fusion-title-heading title-heading-left\" style=\"margin:0;font-size:1em;\"><strong>Cr\u00e9ation de liens fraternels<\/strong><\/h2><\/div><div class=\"fusion-text fusion-text-3\"><p>\u00c0\u00a0<strong><em>l\u2019\u00c9cole Internationale Catholique La Salle de Bohicon<\/em><\/strong>, l\u2019\u00e9l\u00e8ve qui s\u2019est adress\u00e9 au Sup\u00e9rieur G\u00e9n\u00e9ral au nom de ses camarades a affirm\u00e9 que \u00ab les \u00e9l\u00e8ves b\u00e9n\u00e9ficient d&rsquo;une \u00e9ducation de qualit\u00e9, soutenue par un encadrement p\u00e9dagogique rigoureux, dans un environnement sain, agr\u00e9able et accueillant\u00a0\u00bb.<\/p>\n<p>Il a \u00e9galement not\u00e9 que \u00ab\u00a0les activit\u00e9s p\u00e9riscolaires organis\u00e9es par l&rsquo;\u00e9cole constituent d&rsquo;authentiques plateformes d&rsquo;expression pour leurs talents culturels et artistiques. Ces activit\u00e9s favorisent l&rsquo;apprentissage du vivre-ensemble et la construction de liens fraternels, sans distinction d&rsquo;origine familiale, ethnique ou religieuse\u00a0\u00bb. Il indique que \u00ab les \u00e9l\u00e8ves sont convaincus que l&rsquo;\u00e9ducation lasallienne a un avenir prometteur, en raison de son importance cruciale pour la jeunesse d&rsquo;aujourd&rsquo;hui\u00a0\u00bb.<\/p>\n<\/div><div class=\"fusion-title title fusion-title-3 fusion-sep-none fusion-title-text fusion-title-size-two\" style=\"--awb-text-color:#9f1d05;--awb-font-size:22px;\"><h2 class=\"fusion-title-heading title-heading-left\" style=\"margin:0;font-size:1em;\"><strong>Artisans de l\u2019esp\u00e9rance<\/strong><\/h2><\/div><div class=\"fusion-text fusion-text-4\"><p>Enfin, \u00e0\u00a0<strong>Akassato<\/strong>, \u00e9l\u00e8ves, enseignants et parents d&rsquo;\u00e9l\u00e8ves ont exprim\u00e9 leur profonde gratitude envers l\u2019Institut pour l\u2019immense travail accompli par les Fr\u00e8res dans l\u2019\u00e9ducation lasallienne, b\u00e9n\u00e9fique pour leur soci\u00e9t\u00e9 et pour le monde.<\/p>\n<p>Au nom des \u00e9l\u00e8ves du\u00a0<strong>Complexe Scolaire Catholique La Salle d\u2019Akassato<\/strong>, leur d\u00e9l\u00e9gu\u00e9 a exprim\u00e9 sa reconnaissance envers le Fr\u00e8re Armin : \u00ab vous \u00eates celui qui promeut la spiritualit\u00e9 lasallienne dans nos \u00e9coles, qui soutient une \u00e9ducation de qualit\u00e9 et qui renforce notre communaut\u00e9 \u00e9ducative. Vous nous inspirez et nous motivez, et vos visites t\u00e9moignent de votre soutien aux personnes marginalis\u00e9es. L&rsquo;\u00e9ducation que nous recevons ici repr\u00e9sente un acte d&rsquo;espoir, tourn\u00e9 vers l&rsquo;avenir. Nous, les \u00e9l\u00e8ves, sommes v\u00e9ritablement des artisans de cet espoir. Aujourd&rsquo;hui, nous semons avec joie et confiance, convaincus que nous r\u00e9colterons de pr\u00e9cieux fruits demain\u00a0\u00bb.<\/p>\n<p>Un parent d\u2019\u00e9l\u00e8ve a \u00e9galement exprim\u00e9 la reconnaissance des parents envers l\u2019Institut \u00ab pour la pr\u00e9sence des Fr\u00e8res et l&rsquo;\u00e9ducation de qualit\u00e9 que l&rsquo;\u00e9cole lasallienne offre \u00e0 leurs enfants. Tous les parents s&rsquo;engagent \u00e0 collaborer avec les Fr\u00e8res et \u00e0 les accompagner dans cette \u0153uvre de salut, telle que con\u00e7ue d\u00e8s le d\u00e9part par Saint Jean Baptiste de La Salle \u00bb.<\/p>\n<p>La visite du Fr\u00e8re Sup\u00e9rieur G\u00e9n\u00e9ral au B\u00e9nin fut une exp\u00e9rience enrichissante, qui lui a permis de d\u00e9couvrir de pr\u00e8s les r\u00e9alit\u00e9s de la mission des Fr\u00e8res. Il a f\u00e9licit\u00e9 et encourag\u00e9 les enseignants \u00e0 faire preuve de r\u00e9silience, en soulignant que l\u2019engagement \u00e9ducatif demande du sacrifice, du temps et un engagement d\u00e9sint\u00e9ress\u00e9.<\/p>\n<p>En plus des Fr\u00e8res pr\u00e9sents sur place, le Fr\u00e8re Armin \u00e9tait accompagn\u00e9 tout au long de la visite par le Fr\u00e8re Rodrigue Taoppen, Visiteur du DILAO, le Fr\u00e8re Visiteur Auxiliaire et le Fr\u00e8re Secr\u00e9taire du District.<\/p>\n<\/div><div class=\"awb-gallery-wrapper awb-gallery-wrapper-1 button-span-no\" style=\"--more-btn-alignment:center;\"><div style=\"margin:-5px;--awb-bordersize:0px;\" class=\"fusion-gallery fusion-gallery-container fusion-grid-4 fusion-columns-total-4 fusion-gallery-layout-grid fusion-gallery-1\"><div style=\"padding:5px;\" class=\"fusion-grid-column fusion-gallery-column fusion-gallery-column-4 hover-type-none\"><div class=\"fusion-gallery-image\"><a href=\"https:\/\/www.lasalle.org\/wp-content\/uploads\/2025\/05\/IMG_20250509_114903_712@821947600-scaled.jpg\" rel=\"noreferrer\" data-rel=\"iLightbox[gallery_image_1]\" class=\"fusion-lightbox\" target=\"_self\"><img decoding=\"async\" src=\"https:\/\/www.lasalle.org\/wp-content\/uploads\/2025\/05\/IMG_20250509_114903_712@821947600-scaled.jpg\" width=\"2560\" height=\"1152\" alt=\"\" title=\"IMG_20250509_114903_712@821947600\" aria-label=\"IMG_20250509_114903_712@821947600\" class=\"img-responsive wp-image-110653\" srcset=\"https:\/\/www.lasalle.org\/wp-content\/uploads\/2025\/05\/IMG_20250509_114903_712@821947600-200x90.jpg 200w, https:\/\/www.lasalle.org\/wp-content\/uploads\/2025\/05\/IMG_20250509_114903_712@821947600-400x180.jpg 400w, https:\/\/www.lasalle.org\/wp-content\/uploads\/2025\/05\/IMG_20250509_114903_712@821947600-600x270.jpg 600w, https:\/\/www.lasalle.org\/wp-content\/uploads\/2025\/05\/IMG_20250509_114903_712@821947600-800x360.jpg 800w, https:\/\/www.lasalle.org\/wp-content\/uploads\/2025\/05\/IMG_20250509_114903_712@821947600-1200x540.jpg 1200w, https:\/\/www.lasalle.org\/wp-content\/uploads\/2025\/05\/IMG_20250509_114903_712@821947600-scaled.jpg 2560w\" sizes=\"(min-width: 2200px) 100vw, (min-width: 856px) 296px, (min-width: 784px) 395px, (min-width: 712px) 593px, (min-width: 640px) 712px, \" \/><\/a><\/div><\/div><div style=\"padding:5px;\" class=\"fusion-grid-column fusion-gallery-column fusion-gallery-column-4 hover-type-none\"><div class=\"fusion-gallery-image\"><a href=\"https:\/\/www.lasalle.org\/wp-content\/uploads\/2025\/05\/IMG_20250509_112330_099@1611350686-scaled.jpg\" rel=\"noreferrer\" data-rel=\"iLightbox[gallery_image_1]\" class=\"fusion-lightbox\" target=\"_self\"><img decoding=\"async\" src=\"https:\/\/www.lasalle.org\/wp-content\/uploads\/2025\/05\/IMG_20250509_112330_099@1611350686-scaled.jpg\" width=\"2560\" height=\"1152\" alt=\"\" title=\"IMG_20250509_112330_099@1611350686\" aria-label=\"IMG_20250509_112330_099@1611350686\" class=\"img-responsive wp-image-110657\" srcset=\"https:\/\/www.lasalle.org\/wp-content\/uploads\/2025\/05\/IMG_20250509_112330_099@1611350686-200x90.jpg 200w, https:\/\/www.lasalle.org\/wp-content\/uploads\/2025\/05\/IMG_20250509_112330_099@1611350686-400x180.jpg 400w, https:\/\/www.lasalle.org\/wp-content\/uploads\/2025\/05\/IMG_20250509_112330_099@1611350686-600x270.jpg 600w, https:\/\/www.lasalle.org\/wp-content\/uploads\/2025\/05\/IMG_20250509_112330_099@1611350686-800x360.jpg 800w, https:\/\/www.lasalle.org\/wp-content\/uploads\/2025\/05\/IMG_20250509_112330_099@1611350686-1200x540.jpg 1200w, https:\/\/www.lasalle.org\/wp-content\/uploads\/2025\/05\/IMG_20250509_112330_099@1611350686-scaled.jpg 2560w\" sizes=\"(min-width: 2200px) 100vw, (min-width: 856px) 296px, (min-width: 784px) 395px, (min-width: 712px) 593px, (min-width: 640px) 712px, \" \/><\/a><\/div><\/div><div style=\"padding:5px;\" class=\"fusion-grid-column fusion-gallery-column fusion-gallery-column-4 hover-type-none\"><div class=\"fusion-gallery-image\"><a href=\"https:\/\/www.lasalle.org\/wp-content\/uploads\/2025\/05\/IMG_20250509_103153_473@-995403269-scaled.jpg\" rel=\"noreferrer\" data-rel=\"iLightbox[gallery_image_1]\" class=\"fusion-lightbox\" target=\"_self\"><img decoding=\"async\" src=\"https:\/\/www.lasalle.org\/wp-content\/uploads\/2025\/05\/IMG_20250509_103153_473@-995403269-scaled.jpg\" width=\"2560\" height=\"1152\" alt=\"\" title=\"IMG_20250509_103153_473@-995403269\" aria-label=\"IMG_20250509_103153_473@-995403269\" class=\"img-responsive wp-image-110661\" srcset=\"https:\/\/www.lasalle.org\/wp-content\/uploads\/2025\/05\/IMG_20250509_103153_473@-995403269-200x90.jpg 200w, https:\/\/www.lasalle.org\/wp-content\/uploads\/2025\/05\/IMG_20250509_103153_473@-995403269-400x180.jpg 400w, https:\/\/www.lasalle.org\/wp-content\/uploads\/2025\/05\/IMG_20250509_103153_473@-995403269-600x270.jpg 600w, https:\/\/www.lasalle.org\/wp-content\/uploads\/2025\/05\/IMG_20250509_103153_473@-995403269-800x360.jpg 800w, https:\/\/www.lasalle.org\/wp-content\/uploads\/2025\/05\/IMG_20250509_103153_473@-995403269-1200x540.jpg 1200w, https:\/\/www.lasalle.org\/wp-content\/uploads\/2025\/05\/IMG_20250509_103153_473@-995403269-scaled.jpg 2560w\" sizes=\"(min-width: 2200px) 100vw, (min-width: 856px) 296px, (min-width: 784px) 395px, (min-width: 712px) 593px, (min-width: 640px) 712px, \" \/><\/a><\/div><\/div><div style=\"padding:5px;\" class=\"fusion-grid-column fusion-gallery-column fusion-gallery-column-4 hover-type-none\"><div class=\"fusion-gallery-image\"><a href=\"https:\/\/www.lasalle.org\/wp-content\/uploads\/2025\/05\/IMG_20250509_100533_057@1103893094-scaled.jpg\" rel=\"noreferrer\" data-rel=\"iLightbox[gallery_image_1]\" class=\"fusion-lightbox\" target=\"_self\"><img decoding=\"async\" src=\"https:\/\/www.lasalle.org\/wp-content\/uploads\/2025\/05\/IMG_20250509_100533_057@1103893094-scaled.jpg\" width=\"2560\" height=\"1152\" alt=\"\" title=\"IMG_20250509_100533_057@1103893094\" aria-label=\"IMG_20250509_100533_057@1103893094\" class=\"img-responsive wp-image-110665\" srcset=\"https:\/\/www.lasalle.org\/wp-content\/uploads\/2025\/05\/IMG_20250509_100533_057@1103893094-200x90.jpg 200w, https:\/\/www.lasalle.org\/wp-content\/uploads\/2025\/05\/IMG_20250509_100533_057@1103893094-400x180.jpg 400w, https:\/\/www.lasalle.org\/wp-content\/uploads\/2025\/05\/IMG_20250509_100533_057@1103893094-600x270.jpg 600w, https:\/\/www.lasalle.org\/wp-content\/uploads\/2025\/05\/IMG_20250509_100533_057@1103893094-800x360.jpg 800w, https:\/\/www.lasalle.org\/wp-content\/uploads\/2025\/05\/IMG_20250509_100533_057@1103893094-1200x540.jpg 1200w, https:\/\/www.lasalle.org\/wp-content\/uploads\/2025\/05\/IMG_20250509_100533_057@1103893094-scaled.jpg 2560w\" sizes=\"(min-width: 2200px) 100vw, (min-width: 856px) 296px, (min-width: 784px) 395px, (min-width: 712px) 593px, (min-width: 640px) 712px, \" \/><\/a><\/div><\/div><div class=\"clearfix\"><\/div><\/div><\/div><div class=\"fusion-separator fusion-full-width-sep\" style=\"align-self: center;margin-left: auto;margin-right: auto;margin-top:10px;margin-bottom:10px;width:100%;\"><\/div><div class=\"fusion-text fusion-text-5\"><p><em>*Article r\u00e9dig\u00e9 avec la collaboration du Fr\u00e8re Diretenadji Anatole. Photos : Fr\u00e8re Elis\u00e9e Pokanam Lare.<\/em><\/p>\n<\/div><\/div><\/div><\/div><\/div>\n","protected":false},"excerpt":{"rendered":"","protected":false},"author":9,"featured_media":110668,"comment_status":"closed","ping_status":"closed","sticky":false,"template":"","format":"standard","meta":{"_tec_requires_first_save":true,"_monsterinsights_skip_tracking":false,"_monsterinsights_sitenote_active":false,"_monsterinsights_sitenote_note":"","_monsterinsights_sitenote_category":0,"_EventAllDay":false,"_EventTimezone":"","_EventStartDate":"","_EventEndDate":"","_EventStartDateUTC":"","_EventEndDateUTC":"","_EventShowMap":false,"_EventShowMapLink":false,"_EventURL":"","_EventCost":"","_EventCostDescription":"","_EventCurrencySymbol":"","_EventCurrencyCode":"","_EventCurrencyPosition":"","_EventDateTimeSeparator":"","_EventTimeRangeSeparator":"","_EventOrganizerID":[],"_EventVenueID":[],"_OrganizerEmail":"","_OrganizerPhone":"","_OrganizerWebsite":"","_VenueAddress":"","_VenueCity":"","_VenueCountry":"","_VenueProvince":"","_VenueState":"","_VenueZip":"","_VenuePhone":"","_VenueURL":"","_VenueStateProvince":"","_VenueLat":"","_VenueLng":"","_VenueShowMap":false,"_VenueShowMapLink":false,"_tribe_blocks_recurrence_rules":"","_tribe_blocks_recurrence_description":"","_tribe_blocks_recurrence_exclusions":"","footnotes":""},"categories":[3273,3368,3463,3302],"tags":[],"class_list":["post-110674","post","type-post","status-publish","format-standard","has-post-thumbnail","hentry","category-conseil-general","category-nouvelles","category-relaf-fr","category-superieur-general"],"_links":{"self":[{"href":"https:\/\/www.lasalle.org\/fr\/wp-json\/wp\/v2\/posts\/110674","targetHints":{"allow":["GET"]}}],"collection":[{"href":"https:\/\/www.lasalle.org\/fr\/wp-json\/wp\/v2\/posts"}],"about":[{"href":"https:\/\/www.lasalle.org\/fr\/wp-json\/wp\/v2\/types\/post"}],"author":[{"embeddable":true,"href":"https:\/\/www.lasalle.org\/fr\/wp-json\/wp\/v2\/users\/9"}],"replies":[{"embeddable":true,"href":"https:\/\/www.lasalle.org\/fr\/wp-json\/wp\/v2\/comments?post=110674"}],"version-history":[{"count":4,"href":"https:\/\/www.lasalle.org\/fr\/wp-json\/wp\/v2\/posts\/110674\/revisions"}],"predecessor-version":[{"id":110677,"href":"https:\/\/www.lasalle.org\/fr\/wp-json\/wp\/v2\/posts\/110674\/revisions\/110677"}],"wp:featuredmedia":[{"embeddable":true,"href":"https:\/\/www.lasalle.org\/fr\/wp-json\/wp\/v2\/media\/110668"}],"wp:attachment":[{"href":"https:\/\/www.lasalle.org\/fr\/wp-json\/wp\/v2\/media?parent=110674"}],"wp:term":[{"taxonomy":"category","embeddable":true,"href":"https:\/\/www.lasalle.org\/fr\/wp-json\/wp\/v2\/categories?post=110674"},{"taxonomy":"post_tag","embeddable":true,"href":"https:\/\/www.lasalle.org\/fr\/wp-json\/wp\/v2\/tags?post=110674"}],"curies":[{"name":"wp","href":"https:\/\/api.w.org\/{rel}","templated":true}]}}