{"id":111375,"date":"2025-06-03T08:00:47","date_gmt":"2025-06-03T06:00:47","guid":{"rendered":"https:\/\/www.lasalle.org\/?p=111375"},"modified":"2025-06-04T09:13:00","modified_gmt":"2025-06-04T07:13:00","slug":"nouvelle-publication-le-bon-pasteur-archetype-de-leducateur-lasallien-par-le-frere-josean-villalabeitia","status":"publish","type":"post","link":"https:\/\/www.lasalle.org\/fr\/nouvelle-publication-le-bon-pasteur-archetype-de-leducateur-lasallien-par-le-frere-josean-villalabeitia\/","title":{"rendered":"Nouvelle publication : \u00abLe bon pasteur, arch\u00e9type de l\u2019\u00e9ducateur lasallien\u00bb par le Fr\u00e8re Josean Villalabeitia"},"content":{"rendered":"<div class=\"pdfprnt-buttons pdfprnt-buttons-post pdfprnt-top-right\"><a href=\"https:\/\/www.lasalle.org\/fr\/wp-json\/wp\/v2\/posts\/111375?print=pdf\" class=\"pdfprnt-button pdfprnt-button-pdf\" target=\"_blank\" ><img decoding=\"async\" src=\"https:\/\/www.lasalle.org\/wp-content\/plugins\/pdf-print\/images\/pdf.png\" alt=\"image_pdf\" title=\"T\u00e9l\u00e9charger le PDF\" \/><span class=\"pdfprnt-button-title pdfprnt-button-pdf-title\">PDF<\/span><\/a><a href=\"https:\/\/www.lasalle.org\/fr\/wp-json\/wp\/v2\/posts\/111375?print=print\" class=\"pdfprnt-button pdfprnt-button-print\" target=\"_blank\" ><img decoding=\"async\" src=\"https:\/\/www.lasalle.org\/wp-content\/plugins\/pdf-print\/images\/print.png\" alt=\"image_print\" title=\"Contenu imprim\u00e9\" \/><span class=\"pdfprnt-button-title pdfprnt-button-print-title\">PRINT<\/span><\/a><\/div><div class=\"fusion-fullwidth fullwidth-box fusion-builder-row-1 fusion-flex-container nonhundred-percent-fullwidth non-hundred-percent-height-scrolling\" style=\"--awb-border-radius-top-left:0px;--awb-border-radius-top-right:0px;--awb-border-radius-bottom-right:0px;--awb-border-radius-bottom-left:0px;--awb-flex-wrap:wrap;\" ><div class=\"fusion-builder-row fusion-row fusion-flex-align-items-flex-start fusion-flex-content-wrap\" style=\"max-width:1248px;margin-left: calc(-4% \/ 2 );margin-right: calc(-4% \/ 2 );\"><div class=\"fusion-layout-column fusion_builder_column fusion-builder-column-0 fusion_builder_column_1_1 1_1 fusion-flex-column\" style=\"--awb-bg-size:cover;--awb-width-large:100%;--awb-margin-top-large:0px;--awb-spacing-right-large:1.92%;--awb-margin-bottom-large:0px;--awb-spacing-left-large:1.92%;--awb-width-medium:100%;--awb-spacing-right-medium:1.92%;--awb-spacing-left-medium:1.92%;--awb-width-small:100%;--awb-spacing-right-small:1.92%;--awb-spacing-left-small:1.92%;\"><div class=\"fusion-column-wrapper fusion-flex-justify-content-flex-start fusion-content-layout-column\"><div class=\"fusion-text fusion-text-1\"><p><strong>\u00ab\u00a0Le bon pasteur, arch\u00e9type de l\u2019\u00e9ducateur lasallien. Commentaires \u00e0 partir de la M\u00e9ditation 33 de Saint Jean-Baptiste de La Salle\u00a0\u00bb<\/strong>\u00a0est le titre du cinqui\u00e8me volume de la collection\u00a0<em>Essais Lasalliens<\/em>, publi\u00e9e par l\u2019Institut des Fr\u00e8res des \u00c9coles Chr\u00e9tiennes. Son auteur est le Fr\u00e8re Josean Villalabeitia, du District Arlep (La Salle en Espagne et au Portugal).<\/p>\n<\/div><div class=\"fusion-text fusion-text-2\"><p><strong>\u00ab Cette m\u00e9ditation sur le bon pasteur est l\u2019un des textes que j\u2019ai le plus utilis\u00e9s<\/strong>, dans son int\u00e9gralit\u00e9 ou de fa\u00e7on plus libre, lorsque j\u2019ai d\u00fb aborder une question li\u00e9e \u00e0 la mission lasallienne \u00e0\u00a0l\u2019\u00e9cole \u00bb, explique le Fr\u00e8re Josean. Il ajoute que les exp\u00e9riences \u00e0 l\u2019origine de ce travail incluent \u00ab des pri\u00e8res communautaires, plus ou moins nombreuses, des dynamiques simples lors d\u2019un apr\u00e8s-midi de retraite, ou des r\u00e9flexions pour commencer un conseil de professeurs ou conclure une journ\u00e9e de travail en \u00e9quipe \u00bb.<\/p>\n<p>Presque trois si\u00e8cles se sont \u00e9coul\u00e9s depuis que le Fondateur des Fr\u00e8res des \u00c9coles Chr\u00e9tiennes, Saint Jean-Baptiste de La Salle, a \u00e9crit cette m\u00e9ditation inspirante. Et pourtant, comme le souligne le Fr\u00e8re Josean,\u00a0<strong>\u00ab elle continue d\u2019interpeller, de susciter des r\u00e9actions et des r\u00e9flexions, aussi bien dans une perspective chr\u00e9tienne qu\u2019\u00e9ducative<\/strong>, chez presque tous ceux qui l\u2019\u00e9coutent : enseignants, Fr\u00e8res, S\u0153urs, parents, jeunes en formation \u00bb, voire m\u00eame les \u00e9l\u00e8ves eux-m\u00eames.<\/p>\n<p>Ce nouveau volume des\u00a0<em>Essais Lasalliens<\/em>\u00a0ne retrace pas seulement le parcours significatif de son auteur, dans son objectif de\u00a0<strong>\u00ab rassembler par \u00e9crit tous les th\u00e8mes que j\u2019ai vus appara\u00eetre, d\u2019une mani\u00e8re ou d\u2019une autre, autour de cette m\u00e9ditation 33 \u00bb<\/strong>, mais il s\u2019adresse aussi \u00e0 toute la Famille Lasallienne, dans le contexte de l\u2019Ann\u00e9e de la Spiritualit\u00e9\u00a0et de la c\u00e9l\u00e9bration du 75e anniversaire de la proclamation de Saint Jean-Baptiste de La Salle comme patron universel des \u00e9ducateurs, ainsi que du 125e anniversaire de sa canonisation.<\/p>\n<p>Dans ce sens, lors de la pr\u00e9sentation du livre, le lundi 2 juin par le biais d\u2019un \u00e9v\u00e9nement virtuel, le Fr\u00e8re Esteban de Vega, Visiteur du District Arlep, a soulign\u00e9 que \u00ab lire ce livre nous permettra de mieux comprendre la pens\u00e9e du Fondateur, non seulement \u00e0 partir de ce que nous devons faire, \u00e0 travers l\u2019image du bon pasteur, mais nous encourage \u00e9galement \u00e0 r\u00e9fl\u00e9chir sur ce que nous devons \u00eatre en tant qu\u2019\u00e9ducateurs lasalliens \u00bb.<\/p>\n<p>Pour sa part, le Fr\u00e8re Santiago Rodr\u00edguez, directeur du Bureau du Patrimoine Lasallien et de la Recherche, en reconnaissant les qualit\u00e9s de l\u2019auteur comme \u00ab un chercheur tr\u00e8s attentif aux d\u00e9tails, soucieux de ne rien laisser d\u2019inachev\u00e9 et de mener les sujets vers quelque chose de concret \u00bb, a estim\u00e9 que cette \u0153uvre \u00ab provient d\u2019une longue pratique formative, soign\u00e9e, r\u00e9p\u00e9t\u00e9e, insistante. Une proposition riche qui ouvre des milliers de chemins d\u2019intertextualit\u00e9 au sein des \u0153uvres du Seigneur De La Salle. Un texte inclusif, car il veut \u00eatre un instrument, avec des activit\u00e9s d\u2019approfondissement \u00e0 la charge du lecteur \u00bb.<\/p>\n<p>\u00ab Puissent tous les lecteurs trouver dans ce travail un peu de lumi\u00e8re pour s\u2019orienter dans l\u2019aventure, chaque jour plus complexe, d\u2019\u00e9duquer nos enfants et nos jeunes selon l\u2019\u00c9vangile \u00bb, conclut le Fr\u00e8re Josean.<\/p>\n<\/div><div class=\"fusion-text fusion-text-3\"><p>T\u00e9l\u00e9chargez ci-dessous le livre <strong>\u00ab Le bon pasteur, arch\u00e9type de l\u2019\u00e9ducateur lasallien. Commentaires \u00e0 partir de la m\u00e9ditation 33 de saint Jean-Baptiste de La Salle \u00bb <\/strong>:<\/p>\n<\/div><ul style=\"--awb-line-height:27.2px;--awb-icon-width:27.2px;--awb-icon-height:27.2px;--awb-icon-margin:11.2px;--awb-content-margin:38.4px;--awb-circlecolor:var(--awb-custom17);--awb-circle-yes-font-size:14.08px;\" class=\"fusion-checklist fusion-checklist-1 fusion-checklist-default type-icons\"><li class=\"fusion-li-item\" style=\"\"><span class=\"icon-wrapper circle-yes\"><i class=\"fusion-li-icon awb-icon-check\" aria-hidden=\"true\"><\/i><\/span><div class=\"fusion-li-item-content\">\n<p><strong><a href=\"https:\/\/www.lasalle.org\/wp-content\/uploads\/2025\/06\/FR_Saggi-Lasalliani-n.5.pdf\" target=\"_blank\" rel=\"noopener\">ESSAIS LASALLIENS 5\u00a0<\/a><\/strong><br \/>\n<strong>Le Bon Pasteur, arch\u00e9type de l\u2019\u00e9ducateur lasallien<\/strong><br \/>\n<strong>Commentaire \u00e0 partir de la M\u00e9ditation 33 de Saint Jean-Baptiste de La Salle<\/strong><br \/>\nVILLALABEITIA, Josean, FSC<br \/>\nRoma, 176p. \u2013 2025.<\/p>\n<\/div><\/li><li class=\"fusion-li-item\" style=\"\"><span class=\"icon-wrapper circle-yes\"><i class=\"fusion-li-icon awb-icon-check\" aria-hidden=\"true\"><\/i><\/span><div class=\"fusion-li-item-content\">\n<p><strong><a href=\"https:\/\/www.lasalle.org\/wp-content\/uploads\/2025\/06\/ENG_Saggi-Lasalliani-n.5.pdf\" target=\"_blank\" rel=\"noopener\">LASALLIAN ESSAIS 5<\/a><\/strong><br \/>\n<strong>The Good Shepherd, an archetype of the Lasallian educator<\/strong><br \/>\n<strong>Commentary on Meditation 33 by St. John Baptist de La Salle<br \/>\n<\/strong>VILLALABEITIA, Josean, FSC.<br \/>\nRome, 176p. \u2013 2025.<\/p>\n<\/div><\/li><li class=\"fusion-li-item\" style=\"\"><span class=\"icon-wrapper circle-yes\"><i class=\"fusion-li-icon awb-icon-check\" aria-hidden=\"true\"><\/i><\/span><div class=\"fusion-li-item-content\">\n<p><strong><a href=\"https:\/\/www.lasalle.org\/wp-content\/uploads\/2025\/06\/16-aprile_ESP_Saggi-Lasalliani-n.5.pdf\">ENSAYOS LASALIANOS 5\u00a0<\/a><\/strong><br \/>\n<strong>El buen pastor, arquetipo del educador lasaliano.<br \/>\nComentarios a partir de la meditaci\u00f3n 33 de san Juan Bautista de La Salle<br \/>\n<\/strong>VILLALABEITIA, Josean, FSC.<br \/>\nRoma, 176p. \u2013 2025.<\/p>\n<\/div><\/li><\/ul><div class=\"fusion-separator fusion-full-width-sep\" style=\"align-self: center;margin-left: auto;margin-right: auto;margin-top:15px;margin-bottom:15px;width:100%;\"><\/div><div class=\"fusion-title title fusion-title-1 fusion-sep-none fusion-title-text fusion-title-size-two\" style=\"--awb-text-color:var(--awb-custom17);--awb-font-size:22px;\"><h2 class=\"fusion-title-heading title-heading-left\" style=\"margin:0;font-size:1em;\"><strong>Voir ici la pr\u00e9sentation du livre.<\/strong><\/h2><\/div><div class=\"fusion-text fusion-text-4\"><div class=\"video-shortcode\"><iframe title=\"&quot;El buen pastor, arquetipo del educador lasaliano\u201d, un libro del Hno. Josean Villalabeitia\" width=\"1200\" height=\"675\" src=\"https:\/\/www.youtube.com\/embed\/EubN5yzVS0o?feature=oembed\" frameborder=\"0\" allow=\"accelerometer; autoplay; clipboard-write; encrypted-media; gyroscope; picture-in-picture; web-share\" referrerpolicy=\"strict-origin-when-cross-origin\" allowfullscreen><\/iframe><\/div>\n<\/div><\/div><\/div><\/div><\/div>\n","protected":false},"excerpt":{"rendered":"","protected":false},"author":12,"featured_media":111372,"comment_status":"closed","ping_status":"closed","sticky":false,"template":"","format":"standard","meta":{"_tec_requires_first_save":true,"_monsterinsights_skip_tracking":false,"_monsterinsights_sitenote_active":false,"_monsterinsights_sitenote_note":"","_monsterinsights_sitenote_category":0,"_EventAllDay":false,"_EventTimezone":"","_EventStartDate":"","_EventEndDate":"","_EventStartDateUTC":"","_EventEndDateUTC":"","_EventShowMap":false,"_EventShowMapLink":false,"_EventURL":"","_EventCost":"","_EventCostDescription":"","_EventCurrencySymbol":"","_EventCurrencyCode":"","_EventCurrencyPosition":"","_EventDateTimeSeparator":"","_EventTimeRangeSeparator":"","_EventOrganizerID":[],"_EventVenueID":[],"_OrganizerEmail":"","_OrganizerPhone":"","_OrganizerWebsite":"","_VenueAddress":"","_VenueCity":"","_VenueCountry":"","_VenueProvince":"","_VenueState":"","_VenueZip":"","_VenuePhone":"","_VenueURL":"","_VenueStateProvince":"","_VenueLat":"","_VenueLng":"","_VenueShowMap":false,"_VenueShowMapLink":false,"_tribe_blocks_recurrence_rules":"","_tribe_blocks_recurrence_description":"","_tribe_blocks_recurrence_exclusions":"","footnotes":""},"categories":[3270,3368],"tags":[],"class_list":["post-111375","post","type-post","status-publish","format-standard","has-post-thumbnail","hentry","category-maison-generalice","category-nouvelles"],"_links":{"self":[{"href":"https:\/\/www.lasalle.org\/fr\/wp-json\/wp\/v2\/posts\/111375","targetHints":{"allow":["GET"]}}],"collection":[{"href":"https:\/\/www.lasalle.org\/fr\/wp-json\/wp\/v2\/posts"}],"about":[{"href":"https:\/\/www.lasalle.org\/fr\/wp-json\/wp\/v2\/types\/post"}],"author":[{"embeddable":true,"href":"https:\/\/www.lasalle.org\/fr\/wp-json\/wp\/v2\/users\/12"}],"replies":[{"embeddable":true,"href":"https:\/\/www.lasalle.org\/fr\/wp-json\/wp\/v2\/comments?post=111375"}],"version-history":[{"count":5,"href":"https:\/\/www.lasalle.org\/fr\/wp-json\/wp\/v2\/posts\/111375\/revisions"}],"predecessor-version":[{"id":111551,"href":"https:\/\/www.lasalle.org\/fr\/wp-json\/wp\/v2\/posts\/111375\/revisions\/111551"}],"wp:featuredmedia":[{"embeddable":true,"href":"https:\/\/www.lasalle.org\/fr\/wp-json\/wp\/v2\/media\/111372"}],"wp:attachment":[{"href":"https:\/\/www.lasalle.org\/fr\/wp-json\/wp\/v2\/media?parent=111375"}],"wp:term":[{"taxonomy":"category","embeddable":true,"href":"https:\/\/www.lasalle.org\/fr\/wp-json\/wp\/v2\/categories?post=111375"},{"taxonomy":"post_tag","embeddable":true,"href":"https:\/\/www.lasalle.org\/fr\/wp-json\/wp\/v2\/tags?post=111375"}],"curies":[{"name":"wp","href":"https:\/\/api.w.org\/{rel}","templated":true}]}}