{"id":113041,"date":"2025-06-22T14:49:26","date_gmt":"2025-06-22T12:49:26","guid":{"rendered":"https:\/\/www.lasalle.org\/?p=113041"},"modified":"2025-07-01T10:12:39","modified_gmt":"2025-07-01T08:12:39","slug":"in-memoriam-fr-rodolfo-meoli-1938-2025","status":"publish","type":"post","link":"https:\/\/www.lasalle.org\/fr\/in-memoriam-fr-rodolfo-meoli-1938-2025\/","title":{"rendered":"In memoriam : Fr. Rodolfo Meoli (1938 \u2013 2025)"},"content":{"rendered":"<div class=\"pdfprnt-buttons pdfprnt-buttons-post pdfprnt-top-right\"><a href=\"https:\/\/www.lasalle.org\/fr\/wp-json\/wp\/v2\/posts\/113041?print=pdf\" class=\"pdfprnt-button pdfprnt-button-pdf\" target=\"_blank\" ><img decoding=\"async\" src=\"https:\/\/www.lasalle.org\/wp-content\/plugins\/pdf-print\/images\/pdf.png\" alt=\"image_pdf\" title=\"T\u00e9l\u00e9charger le PDF\" \/><span class=\"pdfprnt-button-title pdfprnt-button-pdf-title\">PDF<\/span><\/a><a href=\"https:\/\/www.lasalle.org\/fr\/wp-json\/wp\/v2\/posts\/113041?print=print\" class=\"pdfprnt-button pdfprnt-button-print\" target=\"_blank\" ><img decoding=\"async\" src=\"https:\/\/www.lasalle.org\/wp-content\/plugins\/pdf-print\/images\/print.png\" alt=\"image_print\" title=\"Contenu imprim\u00e9\" \/><span class=\"pdfprnt-button-title pdfprnt-button-print-title\">PRINT<\/span><\/a><\/div><div class=\"fusion-fullwidth fullwidth-box fusion-builder-row-1 fusion-flex-container nonhundred-percent-fullwidth non-hundred-percent-height-scrolling\" style=\"--awb-border-radius-top-left:0px;--awb-border-radius-top-right:0px;--awb-border-radius-bottom-right:0px;--awb-border-radius-bottom-left:0px;--awb-flex-wrap:wrap;\" ><div class=\"fusion-builder-row fusion-row fusion-flex-align-items-flex-start fusion-flex-content-wrap\" style=\"max-width:1248px;margin-left: calc(-4% \/ 2 );margin-right: calc(-4% \/ 2 );\"><div class=\"fusion-layout-column fusion_builder_column fusion-builder-column-0 fusion_builder_column_1_1 1_1 fusion-flex-column\" style=\"--awb-bg-size:cover;--awb-width-large:100%;--awb-margin-top-large:0px;--awb-spacing-right-large:1.92%;--awb-margin-bottom-large:0px;--awb-spacing-left-large:1.92%;--awb-width-medium:100%;--awb-spacing-right-medium:1.92%;--awb-spacing-left-medium:1.92%;--awb-width-small:100%;--awb-spacing-right-small:1.92%;--awb-spacing-left-small:1.92%;\"><div class=\"fusion-column-wrapper fusion-flex-justify-content-flex-start fusion-content-layout-column\"><div class=\"fusion-text fusion-text-1\"><p>L\u2019horloge marquait 10h30 du matin, le vendredi 20 juin dernier, lorsque le Fr\u00e8re Rodolfo (Cosimo) Meoli est d\u00e9c\u00e9d\u00e9 \u00e0 l\u2019h\u00f4pital Agostino Gemelli de Rome, o\u00f9 il avait \u00e9t\u00e9 admis en raison d\u2019une grave infection devenue de plus en plus agressive, et qui l\u2019avait contraint \u00e0 rester au lit durant les derni\u00e8res semaines dans sa communaut\u00e9 du Colle La Salle. Il avait f\u00eat\u00e9 ses 87 ans le 16 avril dernier.<\/p>\n<p>\u00ab\u202fNous quitte un Fr\u00e8re qui a eu un sens religieux profond, anim\u00e9 d\u2019un amour authentique pour sa vocation, dont il comprenait l\u2019importance et la faisait appr\u00e9cier\u202f\u00bb, a d\u00e9clar\u00e9 le Fr\u00e8re Gabriele Di Giovanni, Visiteur du District d\u2019Italie, en \u00e9voquant certaines des qualit\u00e9s pour lesquelles le Fr\u00e8re Rodolfo \u00e9tait reconnu tout au long de sa vie : \u00ab\u202fC\u2019\u00e9tait un homme courtois, tant dans ses mani\u00e8res que dans ses relations : toujours serein, poli, s\u00e9rieux, mesur\u00e9 dans ses jugements. R\u00e9serv\u00e9, mais non distant\u202f; attentif sans \u00eatre intrusif.\u202f\u00bb<\/p>\n<\/div><div class=\"fusion-title title fusion-title-1 fusion-sep-none fusion-title-text fusion-title-size-two\" style=\"--awb-text-color:var(--awb-custom17);--awb-font-size:22px;\"><h2 class=\"fusion-title-heading title-heading-left\" style=\"margin:0;font-size:1em;\">Origines et formation<\/h2><\/div><div class=\"fusion-text fusion-text-2\"><p>Fils d\u2019Antonio Meoli et de Nicoletta Capasso, le Fr\u00e8re Rodolfo est n\u00e9 \u00e0 Cacciano di Cautano (Italie) le Samedi Saint 16 avril 1938, jour o\u00f9 furent \u00e9galement sign\u00e9s les accords entre l\u2019Italie et l\u2019Angleterre sur les questions coloniales. Sa ville natale, situ\u00e9e sur le massif du Taburno, dans le sud de l\u2019Italie, est un important centre agricole, c\u00e9l\u00e8bre pour sa vari\u00e9t\u00e9 de vignes \u00ab\u00a0aglianico\u00a0\u00bb.<\/p>\n<p>Trois jours apr\u00e8s sa naissance, il fut baptis\u00e9 dans l\u2019\u00e9glise Saint-Andrea, o\u00f9 il fit \u00e9galement sa Premi\u00e8re Communion.<\/p>\n<p>Apr\u00e8s la guerre, en 1949, il entra \u00e0 l\u2019Aspirantat d\u2019Albano, entamant ainsi le parcours de formation qui le conduirait \u00e0 devenir Fr\u00e8re des \u00c9coles Chr\u00e9tiennes. Apr\u00e8s son Postulat \u00e0 Torre del Greco (Naples), il entra au Noviciat en 1953. Il pronon\u00e7a ses premiers v\u0153ux un an plus tard, en 1954, et effectua son Scolasticat au Colle La Salle (1954\u20131955), suivi d\u2019une formation p\u00e9dagogique (1956). \u00c0 25 ans, il pronon\u00e7a ses v\u0153ux perp\u00e9tuels \u00e0 Santa Croce al Flaminio (Rome), le 10 ao\u00fbt 1963.<\/p>\n<\/div><div class=\"fusion-title title fusion-title-2 fusion-sep-none fusion-title-text fusion-title-size-two\" style=\"--awb-text-color:var(--awb-custom17);--awb-font-size:22px;\"><h2 class=\"fusion-title-heading title-heading-left\" style=\"margin:0;font-size:1em;\">Passion pour l\u2019\u00e9ducation et la musique<\/h2><\/div><div class=\"fusion-text fusion-text-3\"><p>Durant ces ann\u00e9es-l\u00e0, en plus des retraites de 20 et 30 jours organis\u00e9es pour les Fr\u00e8res \u2014 pour lui, respectivement en 1957 et 1962 \u2014, le Fr\u00e8re Rodolfo d\u00e9veloppa sa passion pour le chant gr\u00e9gorien, obtenant son dipl\u00f4me en 1960. \u00ab\u202fC\u2019\u00e9tait un excellent organiste, toujours dispos\u00e9 \u00e0 accompagner les chants de la communaut\u00e9, et il enseigna la musique pendant plusieurs ann\u00e9es\u202f\u00bb, pr\u00e9cise le Fr\u00e8re Gabriele.<\/p>\n<p>D\u00e8s son jeune \u00e2ge, il exer\u00e7a comme enseignant, tout en accompagnant les aspirants Fr\u00e8res entre 1957 et 1960. De 1960 \u00e0 1969, il travailla au Coll\u00e8ge pour Orphelins de la S\u00e9curit\u00e9 Publique dirig\u00e9 par les Fr\u00e8res, d\u2019abord comme enseignant, puis, \u00e0 partir de 1965, comme sous-directeur.<\/p>\n<p>Par la suite, entre 1969 et 1971, il v\u00e9cut \u00e0 Acireale. Il y enseigna la musique et obtint une licence en Langues et Litt\u00e9ratures \u00c9trang\u00e8res, avec un m\u00e9moire sur\u00a0<em>Michel de Saint Pierre t\u00e9moin de son temps<\/em>, un auteur catholique fran\u00e7ais largement reconnu \u00e0 l\u2019\u00e9poque.<\/p>\n<p>\u00c0 33 ans, en 1971, il prit la direction de l\u2019Institut San Luigi d\u2019Acireale. Ensuite, de 1975 \u00e0 1981, il fut responsable du coll\u00e8ge secondaire San Giuseppe de Rome. Apr\u00e8s une p\u00e9riode d\u2019\u00e9tudes et de renouvellement au CIL (Centre International Lasallien), il fut nomm\u00e9 en 1983 Directeur de l\u2019Institut Bartolo Longo de Pomp\u00e9i, o\u00f9 il resta huit ans avant de rejoindre le Colle La Salle \u00e0 Naples.<\/p>\n<p>Ses ann\u00e9es de service et de leadership dans de nombreuses \u0153uvres lasalliennes en Italie ne l\u2019emp\u00each\u00e8rent pas d\u2019enseigner, tant dans le domaine de la religion que dans ceux des langues anglaise et fran\u00e7aise.<\/p>\n<\/div><div class=\"fusion-title title fusion-title-3 fusion-sep-none fusion-title-text fusion-title-size-two\" style=\"--awb-text-color:var(--awb-custom17);--awb-font-size:22px;\"><h2 class=\"fusion-title-heading title-heading-left\" style=\"margin:0;font-size:1em;\">Postulateur et Procureur G\u00e9n\u00e9ral de l\u2019Institut<\/h2><\/div><div class=\"fusion-text fusion-text-4\"><p>\u00c0 partir de 1994, le Fr\u00e8re Rodolfo rejoignit la Maison G\u00e9n\u00e9ralice \u00e0 Rome en tant que Postulateur G\u00e9n\u00e9ral de l\u2019Institut, en charge des proc\u00e9dures canoniques concernant les causes de b\u00e9atification et de canonisation des Fr\u00e8res \u00ab\u202fmorts en odeur de saintet\u00e9\u202f\u00bb, dont beaucoup vers\u00e8rent leur sang dans le martyre.<\/p>\n<p>De plus, entre 1999 et 2006, il fut Procureur G\u00e9n\u00e9ral, assurant les relations entre l\u2019Institut et le Saint-Si\u00e8ge.<\/p>\n<p>Sous sa direction g\u00e9n\u00e9reuse en tant que Postulateur \u2014 poste qu\u2019il occupa pendant 28 ans jusqu\u2019au dernier Chapitre g\u00e9n\u00e9ral \u2014 l\u2019Institut des Fr\u00e8res des \u00c9coles Chr\u00e9tiennes vit cro\u00eetre de mani\u00e8re significative le nombre de saints, bienheureux, v\u00e9n\u00e9rables et serviteurs de Dieu.<\/p>\n<\/div><div class=\"fusion-title title fusion-title-4 fusion-sep-none fusion-title-text fusion-title-size-two\" style=\"--awb-text-color:var(--awb-custom17);--awb-font-size:22px;\"><h2 class=\"fusion-title-heading title-heading-left\" style=\"margin:0;font-size:1em;\">Le Fr\u00e8re Rodolfo et la saintet\u00e9 lasallienne<\/h2><\/div><div class=\"fusion-text fusion-text-5\"><p>Gr\u00e2ce \u00e0 son engagement charismatique, le 28 octobre 2007 fut b\u00e9atifi\u00e9 un groupe significatif de Fr\u00e8res martyrs pendant la Guerre civile espagnole, \u00e0 Barcelone, Carthag\u00e8ne, Gri\u00f1\u00f3n, Madrid-Sacr\u00e9-C\u0153ur, Tarragone, Tol\u00e8de et Valence.<\/p>\n<p>De m\u00eame, le 21 novembre 1999 furent canonis\u00e9s huit Fr\u00e8res martyrs de Tur\u00f3n : Cirilo Bertr\u00e1n, Marciano Jos\u00e9, Juli\u00e1n Alfredo, Victoriano P\u00edo, Benjam\u00edn Juli\u00e1n, Augusto Andr\u00e9s, Benito de Jes\u00fas et Anicet Adolfo.<\/p>\n<p>Outre son accompagnement des\u00a0<em>positio<\/em>\u00a0de nombreux Fr\u00e8res espagnols, son travail fut d\u00e9terminant pour la b\u00e9atification du Fr\u00e8re Raphael Louis Rafiringa, le 7 juin 2019, et du Fr\u00e8re James Miller, le 7 d\u00e9cembre de la m\u00eame ann\u00e9e ; ainsi que pour la canonisation du bienheureux Fr\u00e8re Salom\u00f3n Leclercq, qui a eu lieu le 16 octobre 2016.<\/p>\n<p>Durant son mandat en tant que Postulateur G\u00e9n\u00e9ral, furent \u00e9galement b\u00e9atifi\u00e9s trois Fr\u00e8res martyrs de la R\u00e9volution fran\u00e7aise (les \u201cmartyrs des Pontons de Rochefort\u201d) : Roger, Uldaric et L\u00e9on\u00a0; tandis que furent d\u00e9clar\u00e9s v\u00e9n\u00e9rables les Fr\u00e8res Gregorio B\u00fchl, Alpert Motsch, Andr\u00e9s Hibernon, Adolphe Chatill\u00f3n, Victorino Nymphas, Adolfo Lanzuela et Juan Fromental Cayroche (Fr\u00e8re Juanito), fondateur des S\u0153urs Guadaloupaines de La Salle.<\/p>\n<\/div><div class=\"fusion-title title fusion-title-5 fusion-sep-none fusion-title-text fusion-title-size-two\" style=\"--awb-text-color:var(--awb-custom17);--awb-font-size:22px;\"><h2 class=\"fusion-title-heading title-heading-left\" style=\"margin:0;font-size:1em;\">Reconnaissances internationales<\/h2><\/div><div class=\"fusion-text fusion-text-6\"><p>\u00ab\u202fLe Fr\u00e8re Rodolfo consid\u00e9rait les saints lasalliens comme la forme la plus haute de valorisation du monde lasallien\u202f\u00bb, affirme le Fr\u00e8re Gabriele.<\/p>\n<p>Son expertise dans les proc\u00e9dures internes de l\u2019\u00c9glise catholique pour la reconnaissance de la saintet\u00e9 d\u2019une personne le conduisit \u00e0 pr\u00e9sider le Coll\u00e8ge des Postulateurs \u00e0 la Congr\u00e9gation pour la Cause des Saints entre 2013 et 2016, et \u00e0 parcourir de nombreux pays pour offrir conseils, conf\u00e9rences et t\u00e9moignages sur le charisme et la saintet\u00e9 lasalliens.<\/p>\n<p>Parmi les nombreuses distinctions re\u00e7ues au cours de sa vie, on note le Doctorat honoris causa en humanit\u00e9s d\u00e9cern\u00e9 par l\u2019Universit\u00e9 de Bethl\u00e9em le 13 juin 2014, ainsi que le prix \u201cCaritatis in Veritate\u201d, cat\u00e9gorie internationale, d\u00e9cern\u00e9 par l\u2019Acad\u00e9mie V\u00e9n\u00e9zu\u00e9lienne Internationale d\u2019Hagiographie pour l\u2019Italie, le 10 mars 2017.<\/p>\n<\/div><div class=\"fusion-title title fusion-title-6 fusion-sep-none fusion-title-text fusion-title-size-two\" style=\"--awb-text-color:var(--awb-custom17);--awb-font-size:22px;\"><h2 class=\"fusion-title-heading title-heading-left\" style=\"margin:0;font-size:1em;\">Un h\u00e9ritage qui demeure<\/h2><\/div><div class=\"fusion-text fusion-text-7\"><p>Le vaste h\u00e9ritage laiss\u00e9 par le Fr\u00e8re Rodolfo comprend de nombreuses publications, certaines sur l\u2019histoire de l\u2019ancien District de Rome, d\u2019autres sur la figure du Fr\u00e8re Gabriel Drolin, ainsi que plusieurs traductions vers l\u2019italien, dont le troisi\u00e8me volume des \u0152uvres Compl\u00e8tes de saint Jean-Baptiste de La Salle.<\/p>\n<p>Mais c\u2019est dans les nombreuses biographies qu\u2019il a r\u00e9dig\u00e9es sur les v\u00e9n\u00e9rables, bienheureux et saints lasalliens \u2014 fruit de recherches approfondies et de r\u00e9visions documentaires \u2014 qu\u2019il a mis en lumi\u00e8re comment ces figures ont \u00ab\u202ffait leur la R\u00e8gle des Fr\u00e8res de La Salle, en tirant le meilleur, car \u2018 tout faire dans l\u2019esprit de foi \u2019 n\u2019est rien d\u2019autre que rechercher la perfection de la vie chr\u00e9tienne, et donc la saintet\u00e9, compl\u00e9t\u00e9e par le \u2018 z\u00e8le ardent \u2019 qui vise \u00e0 servir Dieu dans le prochain, c\u2019est \u00e0 dire, les jeunes auxquels ils ont d\u00e9di\u00e9 leur vie.\u202f\u00bb<\/p>\n<p>L\u2019Institut des Fr\u00e8res des \u00c9coles Chr\u00e9tiennes remercie Dieu pour la f\u00e9conde vocation du Fr\u00e8re Rodolfo Meoli. Que saint Jean-Baptiste de La Salle et tous les saints et bienheureux lasalliens \u2014 pour la glorification desquels il a donn\u00e9 sa vie avec g\u00e9n\u00e9rosit\u00e9 \u2014 l\u2019accompagnent dans l\u2019\u00e9treinte du P\u00e8re, pour recevoir la r\u00e9compense m\u00e9rit\u00e9e des justes qui ont pers\u00e9v\u00e9r\u00e9 dans leur cons\u00e9cration au service de l\u2019\u00c9vangile.<\/p>\n<p>Les fun\u00e9railles du Fr\u00e8re Rodolfo auront lieu le lundi 23 juin \u00e0 10h30 au Sanctuaire de saint Jean-Baptiste de La Salle, dans la Maison g\u00e9n\u00e9ralice \u00e0 Rome, o\u00f9 se trouve \u00e9galement la \u00ab\u202fChapelle des Martyrs\u202f\u00bb, qu\u2019il a lui-m\u00eame con\u00e7ue et r\u00e9alis\u00e9e. Apr\u00e8s la c\u00e9l\u00e9bration, son corps sera inhum\u00e9 au cimeti\u00e8re du\u00a0<em>Verano<\/em>, dans l\u2019espace r\u00e9serv\u00e9 \u00e0 la Maison g\u00e9n\u00e9ralice.<\/p>\n<\/div><\/div><\/div><\/div><\/div>\n","protected":false},"excerpt":{"rendered":"","protected":false},"author":12,"featured_media":113042,"comment_status":"closed","ping_status":"closed","sticky":false,"template":"","format":"standard","meta":{"_tec_requires_first_save":true,"_monsterinsights_skip_tracking":false,"_monsterinsights_sitenote_active":false,"_monsterinsights_sitenote_note":"","_monsterinsights_sitenote_category":0,"_EventAllDay":false,"_EventTimezone":"","_EventStartDate":"","_EventEndDate":"","_EventStartDateUTC":"","_EventEndDateUTC":"","_EventShowMap":false,"_EventShowMapLink":false,"_EventURL":"","_EventCost":"","_EventCostDescription":"","_EventCurrencySymbol":"","_EventCurrencyCode":"","_EventCurrencyPosition":"","_EventDateTimeSeparator":"","_EventTimeRangeSeparator":"","_EventOrganizerID":[],"_EventVenueID":[],"_OrganizerEmail":"","_OrganizerPhone":"","_OrganizerWebsite":"","_VenueAddress":"","_VenueCity":"","_VenueCountry":"","_VenueProvince":"","_VenueState":"","_VenueZip":"","_VenuePhone":"","_VenueURL":"","_VenueStateProvince":"","_VenueLat":"","_VenueLng":"","_VenueShowMap":false,"_VenueShowMapLink":false,"_tribe_blocks_recurrence_rules":"","_tribe_blocks_recurrence_description":"","_tribe_blocks_recurrence_exclusions":"","footnotes":""},"categories":[3270,3368],"tags":[],"class_list":["post-113041","post","type-post","status-publish","format-standard","has-post-thumbnail","hentry","category-maison-generalice","category-nouvelles"],"_links":{"self":[{"href":"https:\/\/www.lasalle.org\/fr\/wp-json\/wp\/v2\/posts\/113041","targetHints":{"allow":["GET"]}}],"collection":[{"href":"https:\/\/www.lasalle.org\/fr\/wp-json\/wp\/v2\/posts"}],"about":[{"href":"https:\/\/www.lasalle.org\/fr\/wp-json\/wp\/v2\/types\/post"}],"author":[{"embeddable":true,"href":"https:\/\/www.lasalle.org\/fr\/wp-json\/wp\/v2\/users\/12"}],"replies":[{"embeddable":true,"href":"https:\/\/www.lasalle.org\/fr\/wp-json\/wp\/v2\/comments?post=113041"}],"version-history":[{"count":5,"href":"https:\/\/www.lasalle.org\/fr\/wp-json\/wp\/v2\/posts\/113041\/revisions"}],"predecessor-version":[{"id":113143,"href":"https:\/\/www.lasalle.org\/fr\/wp-json\/wp\/v2\/posts\/113041\/revisions\/113143"}],"wp:featuredmedia":[{"embeddable":true,"href":"https:\/\/www.lasalle.org\/fr\/wp-json\/wp\/v2\/media\/113042"}],"wp:attachment":[{"href":"https:\/\/www.lasalle.org\/fr\/wp-json\/wp\/v2\/media?parent=113041"}],"wp:term":[{"taxonomy":"category","embeddable":true,"href":"https:\/\/www.lasalle.org\/fr\/wp-json\/wp\/v2\/categories?post=113041"},{"taxonomy":"post_tag","embeddable":true,"href":"https:\/\/www.lasalle.org\/fr\/wp-json\/wp\/v2\/tags?post=113041"}],"curies":[{"name":"wp","href":"https:\/\/api.w.org\/{rel}","templated":true}]}}