{"id":113071,"date":"2025-06-25T20:40:30","date_gmt":"2025-06-25T18:40:30","guid":{"rendered":"https:\/\/www.lasalle.org\/?p=113071"},"modified":"2025-07-01T10:41:34","modified_gmt":"2025-07-01T08:41:34","slug":"frere-armin-luistro-cest-un-grand-honneur-de-servir-leglise-sous-le-pontificat-du-pape-leon-xiv","status":"publish","type":"post","link":"https:\/\/www.lasalle.org\/fr\/frere-armin-luistro-cest-un-grand-honneur-de-servir-leglise-sous-le-pontificat-du-pape-leon-xiv\/","title":{"rendered":"Fr\u00e8re Armin Luistro : \u00ab C\u2019est un grand honneur de servir l\u2019\u00c9glise sous le pontificat du Pape L\u00e9on XIV \u00bb"},"content":{"rendered":"<div class=\"pdfprnt-buttons pdfprnt-buttons-post pdfprnt-top-right\"><a href=\"https:\/\/www.lasalle.org\/fr\/wp-json\/wp\/v2\/posts\/113071?print=pdf\" class=\"pdfprnt-button pdfprnt-button-pdf\" target=\"_blank\" ><img decoding=\"async\" src=\"https:\/\/www.lasalle.org\/wp-content\/plugins\/pdf-print\/images\/pdf.png\" alt=\"image_pdf\" title=\"T\u00e9l\u00e9charger le PDF\" \/><span class=\"pdfprnt-button-title pdfprnt-button-pdf-title\">PDF<\/span><\/a><a href=\"https:\/\/www.lasalle.org\/fr\/wp-json\/wp\/v2\/posts\/113071?print=print\" class=\"pdfprnt-button pdfprnt-button-print\" target=\"_blank\" ><img decoding=\"async\" src=\"https:\/\/www.lasalle.org\/wp-content\/plugins\/pdf-print\/images\/print.png\" alt=\"image_print\" title=\"Contenu imprim\u00e9\" \/><span class=\"pdfprnt-button-title pdfprnt-button-print-title\">PRINT<\/span><\/a><\/div><div class=\"fusion-fullwidth fullwidth-box fusion-builder-row-1 fusion-flex-container nonhundred-percent-fullwidth non-hundred-percent-height-scrolling\" style=\"--awb-border-radius-top-left:0px;--awb-border-radius-top-right:0px;--awb-border-radius-bottom-right:0px;--awb-border-radius-bottom-left:0px;--awb-flex-wrap:wrap;\" ><div class=\"fusion-builder-row fusion-row fusion-flex-align-items-flex-start fusion-flex-content-wrap\" style=\"max-width:1248px;margin-left: calc(-4% \/ 2 );margin-right: calc(-4% \/ 2 );\"><div class=\"fusion-layout-column fusion_builder_column fusion-builder-column-0 fusion_builder_column_1_1 1_1 fusion-flex-column\" style=\"--awb-bg-size:cover;--awb-width-large:100%;--awb-margin-top-large:0px;--awb-spacing-right-large:1.92%;--awb-margin-bottom-large:0px;--awb-spacing-left-large:1.92%;--awb-width-medium:100%;--awb-spacing-right-medium:1.92%;--awb-spacing-left-medium:1.92%;--awb-width-small:100%;--awb-spacing-right-small:1.92%;--awb-spacing-left-small:1.92%;\"><div class=\"fusion-column-wrapper fusion-flex-justify-content-flex-start fusion-content-layout-column\"><div class=\"fusion-text fusion-text-1\"><p>Le 24 juin 2025, jour o\u00f9 l\u2019on c\u00e9l\u00e9brait les 345 ans de la fondation de l\u2019Institut des Fr\u00e8res des \u00c9coles Chr\u00e9tiennes, le pape L\u00e9on XIV a nomm\u00e9 le Fr\u00e8re Armin A. Luistro, Sup\u00e9rieur G\u00e9n\u00e9ral, membre du Dicast\u00e8re pour les Instituts de Vie Consacr\u00e9e et les Soci\u00e9t\u00e9s de Vie Apostolique, c\u2019est-\u00e0-dire de l\u2019organisme du Saint-Si\u00e8ge charg\u00e9 de \u00ab promouvoir, d\u2019animer et de r\u00e9glementer la pratique des conseils \u00e9vang\u00e9liques, telle qu\u2019elle est v\u00e9cue dans les formes approuv\u00e9es de vie consacr\u00e9e, ainsi que tout ce qui concerne la vie et l\u2019activit\u00e9 des Soci\u00e9t\u00e9s de vie apostolique dans toute l\u2019\u00c9glise latine \u00bb (<em>Praedicate Evangelium<\/em>, 121).<\/p>\n<p>\u00ab C\u2019est un grand honneur pour moi de servir l\u2019\u00c9glise sous le pontificat du pape L\u00e9on XIV comme membre d\u2019un Dicast\u00e8re de la Curie romaine \u00bb, ont \u00e9t\u00e9 les premiers mots du Fr\u00e8re Armin, qui a exprim\u00e9 sa gratitude envers le Saint-P\u00e8re pour cette nomination, en soulignant : \u00ab Je porte avec moi les joies et les esp\u00e9rances, mais aussi les souffrances et les anxi\u00e9t\u00e9s de toutes les femmes et de tous les hommes qui ont consacr\u00e9 toute leur vie au service du Seigneur. \u00bb<\/p>\n<\/div><div class=\"fusion-title title fusion-title-1 fusion-sep-none fusion-title-text fusion-title-size-two\" style=\"--awb-text-color:var(--awb-custom17);--awb-font-size:22px;\"><h2 class=\"fusion-title-heading title-heading-left\" style=\"margin:0;font-size:1em;\"><strong>\u00catre disciples aujourd\u2019hui<\/strong><\/h2><\/div><div class=\"fusion-text fusion-text-2\"><p>Face \u00e0 la nouvelle mission que lui confie l\u2019\u00c9glise, le Sup\u00e9rieur g\u00e9n\u00e9ral des Fr\u00e8res des \u00c9coles Chr\u00e9tiennes souligne l\u2019importance de \u00ab contempler de plus pr\u00e8s les merveilleux fruits de l\u2019inspiration du Saint-Esprit, qui touche le c\u0153ur des fid\u00e8les et les appelle \u00e0 \u00e9couter l\u2019appel de Dieu \u00e0 \u00eatre disciples aujourd\u2019hui \u00bb.<\/p>\n<p>De m\u00eame, le Fr\u00e8re Armin a exprim\u00e9 son d\u00e9sir de \u00ab partager avec joie avec les autres membres du Dicast\u00e8re l\u2019exp\u00e9rience v\u00e9cue en tant que Fr\u00e8re Religieux asiatique engag\u00e9 dans le minist\u00e8re \u00e9ducatif \u00bb, ce qui lui permettrait \u2014 poursuit-il \u2014 \u00ab d\u2019apprendre avec d\u2019autres communaut\u00e9s religieuses de nouveaux et passionnants chemins pour vivre notre charisme de mani\u00e8re synodale \u00bb.<\/p>\n<\/div><div class=\"fusion-title title fusion-title-2 fusion-sep-none fusion-title-text fusion-title-size-two\" style=\"--awb-text-color:var(--awb-custom17);--awb-font-size:22px;\"><h2 class=\"fusion-title-heading title-heading-left\" style=\"margin:0;font-size:1em;\"><strong>19 nominations en provenance des cinq continents<\/strong><\/h2><\/div><div class=\"fusion-text fusion-text-3\"><p>Parmi les 19 personnes issues des cinq continents que le pape L\u00e9on XIV a nomm\u00e9es membres du Dicast\u00e8re pour les Instituts de Vie Consacr\u00e9e et les Soci\u00e9t\u00e9s de Vie Apostolique, le Fr\u00e8re Armin est le seul Fr\u00e8re Religieux.<\/p>\n<p>Ont \u00e9galement \u00e9t\u00e9 nomm\u00e9s cinq cardinaux et cinq \u00e9v\u00eaques : le Cardinal Arthur Roche, pr\u00e9fet du Dicast\u00e8re pour le Culte Divin et la Discipline des Sacrements ; le Cardinal Crist\u00f3bal L\u00f3pez Romero, SDB, archev\u00eaque de Rabat (Maroc) ; le Cardinal Giorgio Marengo, IMC, pr\u00e9fet apostolique d\u2019Oulan-Bator (Mongolie) ; le Cardinal Pierbattista Pizzaballa, OFM, patriarche latin de J\u00e9rusalem (Isra\u00ebl) ; le Cardinal Jaime Spengler, OFM, archev\u00eaque de Porto Alegre (Br\u00e9sil), \u00e9galement pr\u00e9sident du Conseil \u00c9piscopal Latino-am\u00e9ricain ; Mgr Jude Thaddaeus Ruwa\u2019ichi, OFM Cap., archev\u00eaque de Dar-es-Salaam (Tanzanie) ; Mgr Jerzy Maculewicz, OFM Conv., administrateur apostolique d\u2019Ouzb\u00e9kistan ; Mgr Julio C\u00e9sar Salcedo Aquino, MJ, \u00e9v\u00eaque de Tlaxcala (Mexique) ; Mgr Thulani Victor Mbuyisa, CMM, \u00e9v\u00eaque de Kokstad (Afrique du Sud) ; et Mgr Tesfaye Tadesse Gebresilasie, MCCJ, \u00e9v\u00eaque auxiliaire de l\u2019archidioc\u00e8se d\u2019Addis-Abeba (\u00c9thiopie).<\/p>\n<p>Le pape L\u00e9on XIV a \u00e9galement nomm\u00e9 trois Sup\u00e9rieurs G\u00e9n\u00e9raux et quatre Sup\u00e9rieures G\u00e9n\u00e9rales. Il s\u2019agit des pr\u00eatres Stanley Lubungo, Sup\u00e9rieur G\u00e9n\u00e9ral des Missionnaires d\u2019Afrique (P\u00e8res Blancs), Miguel M\u00e1rquez Calle, Pr\u00e9pos\u00e9 G\u00e9n\u00e9ral des Carmes D\u00e9chaux, et Donato Ogliari, OSB, abb\u00e9 du Monast\u00e8re Saint-Paul-hors-les-Murs \u00e0 Rome (Italie) ; ainsi que des religieuses Chiara Cazzuola, Sup\u00e9rieure G\u00e9n\u00e9rale de l\u2019Institut des Filles de Marie Auxiliatrice, Sal\u00e9siennes de Don Bosco ; Fran\u00e7oise Petit, Sup\u00e9rieure G\u00e9n\u00e9rale des Filles de la Charit\u00e9 de Saint Vincent de Paul ; Mar\u00eda Goretti Lee, Sup\u00e9rieure G\u00e9n\u00e9rale des S\u0153urs Hospitali\u00e8res de Saint-Paul ; et Idilia Maria Moreira Gon\u00e7alves Carneiro, Sup\u00e9rieure G\u00e9n\u00e9rale des S\u0153urs Hospitali\u00e8res du Sacr\u00e9-C\u0153ur de J\u00e9sus.<\/p>\n<p>La liste est compl\u00e9t\u00e9e par la la\u00efque consacr\u00e9e Mme Luisa Muston, pr\u00e9sidente de l\u2019Institut S\u00e9culier des Missionnaires des Malades \u00ab Christ Esp\u00e9rance \u00bb.<\/p>\n<\/div><div class=\"fusion-title title fusion-title-3 fusion-sep-none fusion-title-text fusion-title-size-two\" style=\"--awb-text-color:var(--awb-custom17);--awb-font-size:22px;\"><h2 class=\"fusion-title-heading title-heading-left\" style=\"margin:0;font-size:1em;\"><strong>Fid\u00e9lit\u00e9 au charisme<\/strong><\/h2><\/div><div class=\"fusion-text fusion-text-4\"><p>Parmi les missions que remplira le Fr\u00e8re Armin, aux c\u00f4t\u00e9s des autres membres nomm\u00e9s du Dicast\u00e8re pour les Instituts de Vie Consacr\u00e9e et les Soci\u00e9t\u00e9s de Vie Apostolique, figure celle de collaborer \u00e9troitement avec la Pr\u00e9f\u00e8te S\u0153ur Simona Brambilla \u2014 ancienne Sup\u00e9rieure G\u00e9n\u00e9rale des Missionnaires de la Consolata et premi\u00e8re femme \u00e0 occuper ce poste de Pr\u00e9f\u00e8te dans la Curie vaticane \u2014, afin \u00ab que les Instituts de vie consacr\u00e9e et les Soci\u00e9t\u00e9s de vie apostolique progressent dans la\u00a0<em>sequela Christi<\/em>, comme le propose l\u2019\u00c9vangile, selon le charisme propre n\u00e9 de l\u2019esprit du fondateur et les saines traditions \u00bb, de sorte qu\u2019ils \u00ab poursuivent fid\u00e8lement leurs fins propres et contribuent efficacement \u00e0 l\u2019\u00e9dification de l\u2019\u00c9glise et \u00e0 sa mission dans le monde \u00bb (<em>Praedicate Evangelium<\/em>, 123).<\/p>\n<p>\u00ab Je compte sur les pri\u00e8res et le soutien de la Famille lasallienne et de toutes les personnes de bonne volont\u00e9, afin de pouvoir contribuer dignement au renouveau de l\u2019\u00c9glise et \u00e0 la transformation de notre monde \u00bb, a d\u00e9clar\u00e9 le Fr\u00e8re Armin.<\/p>\n<\/div><\/div><\/div><\/div><\/div>\n","protected":false},"excerpt":{"rendered":"","protected":false},"author":12,"featured_media":113066,"comment_status":"closed","ping_status":"closed","sticky":false,"template":"","format":"standard","meta":{"_tec_requires_first_save":true,"_monsterinsights_skip_tracking":false,"_monsterinsights_sitenote_active":false,"_monsterinsights_sitenote_note":"","_monsterinsights_sitenote_category":0,"_EventAllDay":false,"_EventTimezone":"","_EventStartDate":"","_EventEndDate":"","_EventStartDateUTC":"","_EventEndDateUTC":"","_EventShowMap":false,"_EventShowMapLink":false,"_EventURL":"","_EventCost":"","_EventCostDescription":"","_EventCurrencySymbol":"","_EventCurrencyCode":"","_EventCurrencyPosition":"","_EventDateTimeSeparator":"","_EventTimeRangeSeparator":"","_EventOrganizerID":[],"_EventVenueID":[],"_OrganizerEmail":"","_OrganizerPhone":"","_OrganizerWebsite":"","_VenueAddress":"","_VenueCity":"","_VenueCountry":"","_VenueProvince":"","_VenueState":"","_VenueZip":"","_VenuePhone":"","_VenueURL":"","_VenueStateProvince":"","_VenueLat":"","_VenueLng":"","_VenueShowMap":false,"_VenueShowMapLink":false,"_tribe_blocks_recurrence_rules":"","_tribe_blocks_recurrence_description":"","_tribe_blocks_recurrence_exclusions":"","footnotes":""},"categories":[3270,3368,3384],"tags":[],"class_list":["post-113071","post","type-post","status-publish","format-standard","has-post-thumbnail","hentry","category-maison-generalice","category-nouvelles","category-saint-siege"],"_links":{"self":[{"href":"https:\/\/www.lasalle.org\/fr\/wp-json\/wp\/v2\/posts\/113071","targetHints":{"allow":["GET"]}}],"collection":[{"href":"https:\/\/www.lasalle.org\/fr\/wp-json\/wp\/v2\/posts"}],"about":[{"href":"https:\/\/www.lasalle.org\/fr\/wp-json\/wp\/v2\/types\/post"}],"author":[{"embeddable":true,"href":"https:\/\/www.lasalle.org\/fr\/wp-json\/wp\/v2\/users\/12"}],"replies":[{"embeddable":true,"href":"https:\/\/www.lasalle.org\/fr\/wp-json\/wp\/v2\/comments?post=113071"}],"version-history":[{"count":2,"href":"https:\/\/www.lasalle.org\/fr\/wp-json\/wp\/v2\/posts\/113071\/revisions"}],"predecessor-version":[{"id":113149,"href":"https:\/\/www.lasalle.org\/fr\/wp-json\/wp\/v2\/posts\/113071\/revisions\/113149"}],"wp:featuredmedia":[{"embeddable":true,"href":"https:\/\/www.lasalle.org\/fr\/wp-json\/wp\/v2\/media\/113066"}],"wp:attachment":[{"href":"https:\/\/www.lasalle.org\/fr\/wp-json\/wp\/v2\/media?parent=113071"}],"wp:term":[{"taxonomy":"category","embeddable":true,"href":"https:\/\/www.lasalle.org\/fr\/wp-json\/wp\/v2\/categories?post=113071"},{"taxonomy":"post_tag","embeddable":true,"href":"https:\/\/www.lasalle.org\/fr\/wp-json\/wp\/v2\/tags?post=113071"}],"curies":[{"name":"wp","href":"https:\/\/api.w.org\/{rel}","templated":true}]}}