{"id":113097,"date":"2025-06-28T17:30:16","date_gmt":"2025-06-28T15:30:16","guid":{"rendered":"https:\/\/www.lasalle.org\/?p=113097"},"modified":"2025-07-01T10:56:07","modified_gmt":"2025-07-01T08:56:07","slug":"pelerins-lasalliens-de-lesperance-rassemblement-international-des-jeunes-lasalliens-au-jubile-de-la-jeunesse-2025","status":"publish","type":"post","link":"https:\/\/www.lasalle.org\/fr\/pelerins-lasalliens-de-lesperance-rassemblement-international-des-jeunes-lasalliens-au-jubile-de-la-jeunesse-2025\/","title":{"rendered":"P\u00e8lerins Lasalliens de l\u2019Esp\u00e9rance : Rassemblement international des jeunes lasalliens au Jubil\u00e9 de la Jeunesse 2025"},"content":{"rendered":"<div class=\"pdfprnt-buttons pdfprnt-buttons-post pdfprnt-top-right\"><a href=\"https:\/\/www.lasalle.org\/fr\/wp-json\/wp\/v2\/posts\/113097?print=pdf\" class=\"pdfprnt-button pdfprnt-button-pdf\" target=\"_blank\" ><img decoding=\"async\" src=\"https:\/\/www.lasalle.org\/wp-content\/plugins\/pdf-print\/images\/pdf.png\" alt=\"image_pdf\" title=\"T\u00e9l\u00e9charger le PDF\" \/><span class=\"pdfprnt-button-title pdfprnt-button-pdf-title\">PDF<\/span><\/a><a href=\"https:\/\/www.lasalle.org\/fr\/wp-json\/wp\/v2\/posts\/113097?print=print\" class=\"pdfprnt-button pdfprnt-button-print\" target=\"_blank\" ><img decoding=\"async\" src=\"https:\/\/www.lasalle.org\/wp-content\/plugins\/pdf-print\/images\/print.png\" alt=\"image_print\" title=\"Contenu imprim\u00e9\" \/><span class=\"pdfprnt-button-title pdfprnt-button-print-title\">PRINT<\/span><\/a><\/div><div class=\"fusion-fullwidth fullwidth-box fusion-builder-row-1 fusion-flex-container nonhundred-percent-fullwidth non-hundred-percent-height-scrolling\" style=\"--awb-border-radius-top-left:0px;--awb-border-radius-top-right:0px;--awb-border-radius-bottom-right:0px;--awb-border-radius-bottom-left:0px;--awb-flex-wrap:wrap;\" ><div class=\"fusion-builder-row fusion-row fusion-flex-align-items-flex-start fusion-flex-content-wrap\" style=\"max-width:1248px;margin-left: calc(-4% \/ 2 );margin-right: calc(-4% \/ 2 );\"><div class=\"fusion-layout-column fusion_builder_column fusion-builder-column-0 fusion_builder_column_1_1 1_1 fusion-flex-column\" style=\"--awb-bg-size:cover;--awb-width-large:100%;--awb-margin-top-large:0px;--awb-spacing-right-large:1.92%;--awb-margin-bottom-large:0px;--awb-spacing-left-large:1.92%;--awb-width-medium:100%;--awb-spacing-right-medium:1.92%;--awb-spacing-left-medium:1.92%;--awb-width-small:100%;--awb-spacing-right-small:1.92%;--awb-spacing-left-small:1.92%;\"><div class=\"fusion-column-wrapper fusion-flex-justify-content-flex-start fusion-content-layout-column\"><div class=\"fusion-text fusion-text-1\"><p>Alors que l\u2019\u00c9glise c\u00e9l\u00e8bre l\u2019Ann\u00e9e Jubilaire 2025 proclam\u00e9e par le pape Fran\u00e7ois sous le th\u00e8me \u00ab P\u00e8lerins d\u2019Esp\u00e9rance \u00bb, la famille Lasallienne est pr\u00eate \u00e0 s\u2019engager sur ce chemin avec \u00e9nergie, foi et un esprit de renouveau.\u00a0Du 28 juillet au 3 ao\u00fbt, l\u2019Institut des Fr\u00e8res des \u00c9coles Chr\u00e9tiennes participera activement \u00e0 cette c\u00e9l\u00e9bration mondiale du Jubil\u00e9 des Jeunes, portant la mission et les valeurs lasalliennes au c\u0153ur de la Ville \u00c9ternelle.<\/p>\n<p>Guid\u00e9 par les engagements du 46e Chapitre G\u00e9n\u00e9ral, en particulier le cinqui\u00e8me axe de transformation, l\u2019Institut reste r\u00e9solument tourn\u00e9 vers le renforcement de la famille lasallienne \u00ab ensemble et par association \u00bb, veillant \u00e0 ce que ses minist\u00e8res deviennent de v\u00e9ritables lieux de rencontre, de sens et de salut \u2014 notamment pour les jeunes.<\/p>\n<p>Gr\u00e2ce \u00e0 la coordination du District d\u2019Italie, environ 300 jeunes p\u00e8lerins lasalliens venus des quatre coins du monde se rassembleront \u00e0 Rome pour participer aux activit\u00e9s jubilaires. Le programme comprend une rencontre avec le nouveau pape, diverses exp\u00e9riences culturelles et d\u2019\u00e9vang\u00e9lisation dans la ville de Rome, un temps de r\u00e9flexion p\u00e9nitentielle au Circo Massimo le vendredi, une veill\u00e9e de pri\u00e8re le\u00a0samedi soir\u00a0et la messe d\u2019envoi\u00a0le dimanche 3 ao\u00fbt, qui cl\u00f4turera ce rassemblement de jeunes. Ces moments seront \u00e0 la fois profond\u00e9ment spirituels et intens\u00e9ment communautaires, alors que les lasalliens marcheront aux c\u00f4t\u00e9s d\u2019autres p\u00e8lerins venus du monde entier.<\/p>\n<p>Le 30 juillet, la famille lasallienne de Rome ouvrira litt\u00e9ralement ses portes. Le Bureau des Vocations et du Volontariat, en collaboration avec la Commission de la Jeunesse, la Fondation La Salle, le Comit\u00e9 Permanent des jeunes Fr\u00e8res et le Bureau du Patrimoine lasallien, organiseront une journ\u00e9e portes ouvertes au Collegio San Giuseppe \u2013 Istituto De Merode, situ\u00e9 sur la tr\u00e8s anim\u00e9e Piazza di Spagna. Cette initiative va au-del\u00e0 d\u2019un simple accueil : c\u2019est une c\u00e9l\u00e9bration de l\u2019identit\u00e9 lasallienne.<\/p>\n<p>\u00c0 travers des stands interactifs, des jeux et des r\u00e9flexions cr\u00e9atives, les visiteurs exploreront des th\u00e9matiques telles que la vocation et l\u2019appel au service, la spiritualit\u00e9 et l\u2019\u00e9ducation lasalliennes, les droits de l\u2019enfant et l\u2019autonomisation des jeunes, ainsi que les opportunit\u00e9s de volontariat et de formation. Il s\u2019agit d\u2019une invitation au dialogue avec la soci\u00e9t\u00e9 et l\u2019\u00c9glise \u2014 pour partager qui nous sommes et ce que nous croyons, en plein c\u0153ur de Rome.<\/p>\n<p>Le temps fort de cette semaine lasallienne aura lieu\u00a0le 31 juillet, lorsque la Commission de la Jeunesse de l\u2019Institut accueillera le Rassemblement International des Jeunes Lasalliens \u00e0 la Maison G\u00e9n\u00e9ralice. Tous les lasalliens pr\u00e9sents \u00e0 Rome sont chaleureusement invit\u00e9s \u00e0 se joindre \u00e0 cette rencontre sp\u00e9ciale avec le Fr\u00e8re Armin Luistro, Sup\u00e9rieur g\u00e9n\u00e9ral, les membres de son Conseil, ainsi que des lasalliens venus du monde entier. Au programme : activit\u00e9s de coh\u00e9sion communautaire et discussions sur ce que signifie vivre la vision lasallienne au XXIe si\u00e8cle. Ce sera un espace sacr\u00e9 et joyeux pour partager des histoires, nourrir les vocations et renforcer les liens entre lasalliens du monde entier, tout en d\u00e9couvrant notre Maison-M\u00e8re, la Maison \u00a0G\u00e9n\u00e9ralice. Les informations pour s\u2019inscrire \u00e0 cet \u00e9v\u00e9nement sont disponibles sur ce lien :\u00a0<a href=\"https:\/\/forms.gle\/sJgpDY3SYrZ1WTGM7\">https:\/\/forms.gle\/sJgpDY3SYrZ1WTGM7<\/a><\/p>\n<p>Cette semaine jubilaire s\u2019annonce comme un moment inoubliable de gr\u00e2ce et de renouveau. Elle r\u00e9pond \u00e0 l\u2019appel du Pape Fran\u00e7ois \u00e0 marcher avec courage et foi depuis les p\u00e9riph\u00e9ries, et fait \u00e9cho \u00e0 l\u2019invitation du Chapitre \u00e0 r\u00eaver avec audace et \u00e0 agir en collaboration. Ensemble, marchons dans les rues de Rome comme des <em>P\u00e8lerins Lasalliens d\u2019Esp\u00e9rance<\/em> \u2014 et repartons ensuite vers nos lieux de vie et de mission, pr\u00eats \u00e0 illuminer tout l\u2019Institut de l\u2019esprit lasallien.<\/p>\n<p>Pour toute question compl\u00e9mentaire, merci de contacter la Commission de la Jeunesse \u00e0 l\u2019adresse :\u00a0<strong><a href=\"mailto:giovani@lasalle.org\">giovani@lasalle.org<\/a><\/strong><\/p>\n<\/div><\/div><\/div><\/div><\/div>\n","protected":false},"excerpt":{"rendered":"","protected":false},"author":12,"featured_media":113092,"comment_status":"closed","ping_status":"closed","sticky":false,"template":"","format":"standard","meta":{"_tec_requires_first_save":true,"_monsterinsights_skip_tracking":false,"_monsterinsights_sitenote_active":false,"_monsterinsights_sitenote_note":"","_monsterinsights_sitenote_category":0,"_EventAllDay":false,"_EventTimezone":"","_EventStartDate":"","_EventEndDate":"","_EventStartDateUTC":"","_EventEndDateUTC":"","_EventShowMap":false,"_EventShowMapLink":false,"_EventURL":"","_EventCost":"","_EventCostDescription":"","_EventCurrencySymbol":"","_EventCurrencyCode":"","_EventCurrencyPosition":"","_EventDateTimeSeparator":"","_EventTimeRangeSeparator":"","_EventOrganizerID":[],"_EventVenueID":[],"_OrganizerEmail":"","_OrganizerPhone":"","_OrganizerWebsite":"","_VenueAddress":"","_VenueCity":"","_VenueCountry":"","_VenueProvince":"","_VenueState":"","_VenueZip":"","_VenuePhone":"","_VenueURL":"","_VenueStateProvince":"","_VenueLat":"","_VenueLng":"","_VenueShowMap":false,"_VenueShowMapLink":false,"_tribe_blocks_recurrence_rules":"","_tribe_blocks_recurrence_description":"","_tribe_blocks_recurrence_exclusions":"","footnotes":""},"categories":[3651,3647,3270,3368],"tags":[],"class_list":["post-113097","post","type-post","status-publish","format-standard","has-post-thumbnail","hentry","category-bureau-des-vocations-et-du-volontariat","category-commission-de-la-jeunesse","category-maison-generalice","category-nouvelles"],"_links":{"self":[{"href":"https:\/\/www.lasalle.org\/fr\/wp-json\/wp\/v2\/posts\/113097","targetHints":{"allow":["GET"]}}],"collection":[{"href":"https:\/\/www.lasalle.org\/fr\/wp-json\/wp\/v2\/posts"}],"about":[{"href":"https:\/\/www.lasalle.org\/fr\/wp-json\/wp\/v2\/types\/post"}],"author":[{"embeddable":true,"href":"https:\/\/www.lasalle.org\/fr\/wp-json\/wp\/v2\/users\/12"}],"replies":[{"embeddable":true,"href":"https:\/\/www.lasalle.org\/fr\/wp-json\/wp\/v2\/comments?post=113097"}],"version-history":[{"count":2,"href":"https:\/\/www.lasalle.org\/fr\/wp-json\/wp\/v2\/posts\/113097\/revisions"}],"predecessor-version":[{"id":113159,"href":"https:\/\/www.lasalle.org\/fr\/wp-json\/wp\/v2\/posts\/113097\/revisions\/113159"}],"wp:featuredmedia":[{"embeddable":true,"href":"https:\/\/www.lasalle.org\/fr\/wp-json\/wp\/v2\/media\/113092"}],"wp:attachment":[{"href":"https:\/\/www.lasalle.org\/fr\/wp-json\/wp\/v2\/media?parent=113097"}],"wp:term":[{"taxonomy":"category","embeddable":true,"href":"https:\/\/www.lasalle.org\/fr\/wp-json\/wp\/v2\/categories?post=113097"},{"taxonomy":"post_tag","embeddable":true,"href":"https:\/\/www.lasalle.org\/fr\/wp-json\/wp\/v2\/tags?post=113097"}],"curies":[{"name":"wp","href":"https:\/\/api.w.org\/{rel}","templated":true}]}}