{"id":114756,"date":"2025-07-11T14:46:01","date_gmt":"2025-07-11T12:46:01","guid":{"rendered":"https:\/\/www.lasalle.org\/?p=114756"},"modified":"2025-07-11T14:46:01","modified_gmt":"2025-07-11T12:46:01","slug":"le-consortium-icjm-met-a-jour-son-offre-de-programmes-de-formation","status":"publish","type":"post","link":"https:\/\/www.lasalle.org\/fr\/le-consortium-icjm-met-a-jour-son-offre-de-programmes-de-formation\/","title":{"rendered":"Le Consortium ICJM met \u00e0 jour son offre de programmes de formation"},"content":{"rendered":"<div class=\"pdfprnt-buttons pdfprnt-buttons-post pdfprnt-top-right\"><a href=\"https:\/\/www.lasalle.org\/fr\/wp-json\/wp\/v2\/posts\/114756?print=pdf\" class=\"pdfprnt-button pdfprnt-button-pdf\" target=\"_blank\" ><img decoding=\"async\" src=\"https:\/\/www.lasalle.org\/wp-content\/plugins\/pdf-print\/images\/pdf.png\" alt=\"image_pdf\" title=\"T\u00e9l\u00e9charger le PDF\" \/><span class=\"pdfprnt-button-title pdfprnt-button-pdf-title\">PDF<\/span><\/a><a href=\"https:\/\/www.lasalle.org\/fr\/wp-json\/wp\/v2\/posts\/114756?print=print\" class=\"pdfprnt-button pdfprnt-button-print\" target=\"_blank\" ><img decoding=\"async\" src=\"https:\/\/www.lasalle.org\/wp-content\/plugins\/pdf-print\/images\/print.png\" alt=\"image_print\" title=\"Contenu imprim\u00e9\" \/><span class=\"pdfprnt-button-title pdfprnt-button-print-title\">PRINT<\/span><\/a><\/div><div class=\"fusion-fullwidth fullwidth-box fusion-builder-row-1 fusion-flex-container nonhundred-percent-fullwidth non-hundred-percent-height-scrolling\" style=\"--awb-border-radius-top-left:0px;--awb-border-radius-top-right:0px;--awb-border-radius-bottom-right:0px;--awb-border-radius-bottom-left:0px;--awb-flex-wrap:wrap;\" ><div class=\"fusion-builder-row fusion-row fusion-flex-align-items-flex-start fusion-flex-content-wrap\" style=\"max-width:1248px;margin-left: calc(-4% \/ 2 );margin-right: calc(-4% \/ 2 );\"><div class=\"fusion-layout-column fusion_builder_column fusion-builder-column-0 fusion_builder_column_1_1 1_1 fusion-flex-column\" style=\"--awb-bg-size:cover;--awb-width-large:100%;--awb-margin-top-large:0px;--awb-spacing-right-large:1.92%;--awb-margin-bottom-large:0px;--awb-spacing-left-large:1.92%;--awb-width-medium:100%;--awb-spacing-right-medium:1.92%;--awb-spacing-left-medium:1.92%;--awb-width-small:100%;--awb-spacing-right-small:1.92%;--awb-spacing-left-small:1.92%;\"><div class=\"fusion-column-wrapper fusion-flex-justify-content-flex-start fusion-content-layout-column\"><div class=\"fusion-text fusion-text-1\"><p><span style=\"font-weight: 400;\">L\u2019Istituto Convitto Jesus Magister (ICJM) des Fr\u00e8res des \u00c9coles Chr\u00e9tiennes a fonctionn\u00e9 jusqu\u2019\u00e0 la fin des ann\u00e9es 1970 comme centre de formation pour les Fr\u00e8res de l\u2019Institut et d\u2019autres congr\u00e9gations religieuses.<\/span><\/p>\n<p><span style=\"font-weight: 400;\">Dans sa version actuelle, suivant les orientations du Sup\u00e9rieur G\u00e9n\u00e9ral et du Conseil G\u00e9n\u00e9ral de l\u2019Institut, l\u2019ICJM a \u00e9largi son public en s\u2019associant \u00e0 des institutions lasalliennes d\u2019enseignement sup\u00e9rieur, et agit comme une plateforme pour le d\u00e9veloppement professionnel permanent, la formation et la recherche dans tout le r\u00e9seau mondial d\u2019institutions lasalliennes.<\/span><\/p>\n<p><span style=\"font-weight: 400;\">Ainsi, en mati\u00e8re de d\u00e9veloppement professionnel et de formation, le Consortium a identifi\u00e9 les programmes existants de courte dur\u00e9e, qui offrent \u00e9galement des certificats, dipl\u00f4mes ou titres avanc\u00e9s, en encourageant les Fr\u00e8res et les collaborateurs la\u00efcs \u00e0 y participer et, par la suite, \u00e0 obtenir la reconnaissance acad\u00e9mique correspondante.<\/span><\/p>\n<\/div><div class=\"fusion-text fusion-text-2\"><p><span style=\"font-weight: 400;\">Ces programmes se concentrent sur quatre domaines :<\/span><\/p>\n<\/div><div class=\"fusion-text fusion-text-3\"><p style=\"padding-left: 40px;\">a. \u00c9tudes lasalliennes et formation lasallienne.<br \/>\nb. D\u00e9veloppement du leadership.<br \/>\nc. \u00c9ducation et p\u00e9dagogie.<br \/>\nd. Cat\u00e9ch\u00e8se \/ accompagnement cat\u00e9ch\u00e9tique.<\/p>\n<\/div><div class=\"fusion-text fusion-text-4\"><p><span style=\"font-weight: 400;\">\u00ab \u00c0 travers les programmes diffus\u00e9s ou promus par l\u2019ICJM, nous esp\u00e9rons renforcer le sentiment d\u2019appartenance parmi les membres de notre r\u00e9seau mondial, car ces programmes offrent une orientation approfondie sur les diverses mani\u00e8res dont les membres de notre r\u00e9seau contribuent \u00e0 la transformation que nous recherchons \u00bb, d\u00e9clare Ronald Holmes, Directeur du Bureau du Consortium ICJM de l\u2019Institut.<\/span><\/p>\n<\/div><div style=\"text-align:center;\"><a class=\"fusion-button button-flat button-xlarge button-default fusion-button-default button-1 fusion-button-default-span fusion-button-default-type\" target=\"_blank\" rel=\"noopener noreferrer\" href=\"https:\/\/drive.google.com\/drive\/folders\/1dmG6YZ8DZPspS8xh1Ha-xX_58FzcYN2P?usp=drive_link\"><span class=\"fusion-button-text awb-button__text awb-button__text--default\">T\u00e9l\u00e9chargez le portefeuille du Consortium ICJM en espagnol, anglais et fran\u00e7ais.<\/span><\/a><\/div><\/div><\/div><\/div><\/div>\n","protected":false},"excerpt":{"rendered":"","protected":false},"author":9,"featured_media":114749,"comment_status":"closed","ping_status":"closed","sticky":false,"template":"","format":"standard","meta":{"_tec_requires_first_save":true,"_monsterinsights_skip_tracking":false,"_monsterinsights_sitenote_active":false,"_monsterinsights_sitenote_note":"","_monsterinsights_sitenote_category":0,"_EventAllDay":false,"_EventTimezone":"","_EventStartDate":"","_EventEndDate":"","_EventStartDateUTC":"","_EventEndDateUTC":"","_EventShowMap":false,"_EventShowMapLink":false,"_EventURL":"","_EventCost":"","_EventCostDescription":"","_EventCurrencySymbol":"","_EventCurrencyCode":"","_EventCurrencyPosition":"","_EventDateTimeSeparator":"","_EventTimeRangeSeparator":"","_EventOrganizerID":[],"_EventVenueID":[],"_OrganizerEmail":"","_OrganizerPhone":"","_OrganizerWebsite":"","_VenueAddress":"","_VenueCity":"","_VenueCountry":"","_VenueProvince":"","_VenueState":"","_VenueZip":"","_VenuePhone":"","_VenueURL":"","_VenueStateProvince":"","_VenueLat":"","_VenueLng":"","_VenueShowMap":false,"_VenueShowMapLink":false,"_tribe_blocks_recurrence_rules":"","_tribe_blocks_recurrence_description":"","_tribe_blocks_recurrence_exclusions":"","footnotes":""},"categories":[3622,3270,3368],"tags":[],"class_list":["post-114756","post","type-post","status-publish","format-standard","has-post-thumbnail","hentry","category-bureau-du-consortium-icjm","category-maison-generalice","category-nouvelles"],"_links":{"self":[{"href":"https:\/\/www.lasalle.org\/fr\/wp-json\/wp\/v2\/posts\/114756","targetHints":{"allow":["GET"]}}],"collection":[{"href":"https:\/\/www.lasalle.org\/fr\/wp-json\/wp\/v2\/posts"}],"about":[{"href":"https:\/\/www.lasalle.org\/fr\/wp-json\/wp\/v2\/types\/post"}],"author":[{"embeddable":true,"href":"https:\/\/www.lasalle.org\/fr\/wp-json\/wp\/v2\/users\/9"}],"replies":[{"embeddable":true,"href":"https:\/\/www.lasalle.org\/fr\/wp-json\/wp\/v2\/comments?post=114756"}],"version-history":[{"count":1,"href":"https:\/\/www.lasalle.org\/fr\/wp-json\/wp\/v2\/posts\/114756\/revisions"}],"predecessor-version":[{"id":114757,"href":"https:\/\/www.lasalle.org\/fr\/wp-json\/wp\/v2\/posts\/114756\/revisions\/114757"}],"wp:featuredmedia":[{"embeddable":true,"href":"https:\/\/www.lasalle.org\/fr\/wp-json\/wp\/v2\/media\/114749"}],"wp:attachment":[{"href":"https:\/\/www.lasalle.org\/fr\/wp-json\/wp\/v2\/media?parent=114756"}],"wp:term":[{"taxonomy":"category","embeddable":true,"href":"https:\/\/www.lasalle.org\/fr\/wp-json\/wp\/v2\/categories?post=114756"},{"taxonomy":"post_tag","embeddable":true,"href":"https:\/\/www.lasalle.org\/fr\/wp-json\/wp\/v2\/tags?post=114756"}],"curies":[{"name":"wp","href":"https:\/\/api.w.org\/{rel}","templated":true}]}}