{"id":119570,"date":"2025-10-17T23:03:56","date_gmt":"2025-10-17T21:03:56","guid":{"rendered":"https:\/\/www.lasalle.org\/?p=119570"},"modified":"2025-10-21T10:05:23","modified_gmt":"2025-10-21T08:05:23","slug":"a-la-fao-le-pape-appelle-a-ne-pas-sombrer-dans-lapathie-face-aux-defis-actuels","status":"publish","type":"post","link":"https:\/\/www.lasalle.org\/fr\/a-la-fao-le-pape-appelle-a-ne-pas-sombrer-dans-lapathie-face-aux-defis-actuels\/","title":{"rendered":"\u00c0 la FAO, le Pape appelle \u00e0 ne pas sombrer dans l\u2019apathie face aux d\u00e9fis actuels"},"content":{"rendered":"<div class=\"pdfprnt-buttons pdfprnt-buttons-post pdfprnt-top-right\"><a href=\"https:\/\/www.lasalle.org\/fr\/wp-json\/wp\/v2\/posts\/119570?print=pdf\" class=\"pdfprnt-button pdfprnt-button-pdf\" target=\"_blank\" ><img decoding=\"async\" src=\"https:\/\/www.lasalle.org\/wp-content\/plugins\/pdf-print\/images\/pdf.png\" alt=\"image_pdf\" title=\"T\u00e9l\u00e9charger le PDF\" \/><span class=\"pdfprnt-button-title pdfprnt-button-pdf-title\">PDF<\/span><\/a><a href=\"https:\/\/www.lasalle.org\/fr\/wp-json\/wp\/v2\/posts\/119570?print=print\" class=\"pdfprnt-button pdfprnt-button-print\" target=\"_blank\" ><img decoding=\"async\" src=\"https:\/\/www.lasalle.org\/wp-content\/plugins\/pdf-print\/images\/print.png\" alt=\"image_print\" title=\"Contenu imprim\u00e9\" \/><span class=\"pdfprnt-button-title pdfprnt-button-print-title\">PRINT<\/span><\/a><\/div><div class=\"fusion-fullwidth fullwidth-box fusion-builder-row-1 fusion-flex-container nonhundred-percent-fullwidth non-hundred-percent-height-scrolling\" style=\"--awb-border-radius-top-left:0px;--awb-border-radius-top-right:0px;--awb-border-radius-bottom-right:0px;--awb-border-radius-bottom-left:0px;--awb-flex-wrap:wrap;\" ><div class=\"fusion-builder-row fusion-row fusion-flex-align-items-flex-start fusion-flex-content-wrap\" style=\"max-width:1248px;margin-left: calc(-4% \/ 2 );margin-right: calc(-4% \/ 2 );\"><div class=\"fusion-layout-column fusion_builder_column fusion-builder-column-0 fusion_builder_column_1_1 1_1 fusion-flex-column\" style=\"--awb-bg-size:cover;--awb-width-large:100%;--awb-margin-top-large:0px;--awb-spacing-right-large:1.92%;--awb-margin-bottom-large:0px;--awb-spacing-left-large:1.92%;--awb-width-medium:100%;--awb-spacing-right-medium:1.92%;--awb-spacing-left-medium:1.92%;--awb-width-small:100%;--awb-spacing-right-small:1.92%;--awb-spacing-left-small:1.92%;\"><div class=\"fusion-column-wrapper fusion-flex-justify-content-flex-start fusion-content-layout-column\"><div class=\"fusion-text fusion-text-1\"><p>L\u00e9on XIV a particip\u00e9 le jeudi 16 octobre \u00e0 la c\u00e9r\u00e9monie d\u2019anniversaire des 80 ans de la FAO, l\u2019agence onusienne bas\u00e9e \u00e0 Rome qui lutte contre la faim et la malnutrition dans le monde. Dans un discours, prononc\u00e9 en espagnol et en anglais, le Pape a d\u00e9plor\u00e9 l&rsquo;utilisation de la famine comme arme de guerre, et a rappel\u00e9 l\u2019importance du multilat\u00e9ralisme pour relever les d\u00e9fis li\u00e9s \u00e0 l\u2019alimentation.<\/p>\n<p>Devant une assembl\u00e9e, compos\u00e9e entre autres de la reine d\u2019Espagne, du roi du Lesotho et de l\u2019ancien secr\u00e9taire g\u00e9n\u00e9ral de l\u2019ONU Ban Ki-Moon, L\u00e9on XIV a rappel\u00e9 les ravages persistants de la faim et de la malnutrition dans le monde. \u00ab Le c\u0153ur du Pape, qui n&rsquo;appartient pas \u00e0 lui-m\u00eame mais \u00e0 l&rsquo;\u00c9glise et, en un certain sens, \u00e0 toute l&rsquo;humanit\u00e9, garde vivante la confiance que, si la faim est vaincue, la paix sera le terrain fertile d&rsquo;o\u00f9 na\u00eetra le bien commun de toutes les nations \u00bb\u00a0a soulign\u00e9 le Souverain pontife aux participants au forum, organis\u00e9 par la FAO du 13 au 18 octobre au quartier g\u00e9n\u00e9ral de l\u2019agence onusienne \u00e0 Rome.<\/p>\n<p>Mettre un terme \u00e0 la faim dans le monde n\u2019incombe cependant pas seulement aux responsables politiques, a mis en garde le Pape. L\u2019ensemble des acteurs soci\u00e9taux, allant des agences internationales aux institutions publiques, en passant par la soci\u00e9t\u00e9 civile, doivent contribuer \u00e0 l\u2019\u00e9radication de ce fl\u00e9au, et ne pas tomber dans l\u2019indiff\u00e9rence de la souffrance de l\u2019autre. \u00ab Celui qui souffre de la faim n\u2019est pas un \u00e9tranger. C\u2019est mon fr\u00e8re et je dois l\u2019aider sans tarder \u00bb a martel\u00e9 le Pape.<\/p>\n<h3><strong>\u00c9radiquer la faim d\u2019ici 2030<\/strong><\/h3>\n<p>Poursuivant son discours en espagnol, le Saint-P\u00e8re a r\u00e9it\u00e9r\u00e9 l\u2019objectif commun pour lequel \u0153uvre la FAO, le Saint-Si\u00e8ge et l\u2019ensemble des acteurs r\u00e9unis \u00e0 Rome en cette Journ\u00e9e mondiale de l\u2019alimentation, \u00e0 savoir celui de \u00ab mobiliser toutes les \u00e9nergies disponibles, dans un esprit de solidarit\u00e9, afin que personne dans le monde ne manque de nourriture, tant en quantit\u00e9 qu&rsquo;en qualit\u00e9 \u00bb. Rappelant l\u2019objectif \u00ab Faim z\u00e9ro \u00bb que la FAO souhaite atteindre \u00e0 l\u2019horizon 2030, le Pape a soulign\u00e9 le besoin d\u2019une volont\u00e9 renouvel\u00e9e pour y arriver, d\u00e9passant \u00ab les d\u00e9clarations solennelles \u00bb. \u00ab C&rsquo;est pr\u00e9cis\u00e9ment pour cette raison qu&rsquo;aujourd&rsquo;hui, avec une urgence renouvel\u00e9e, nous sommes appel\u00e9s \u00e0 r\u00e9pondre \u00e0 une question fondamentale : o\u00f9 en sommes-nous dans la lutte contre le fl\u00e9au de la faim qui continue de frapper atrocement une partie importante de l&rsquo;humanit\u00e9 ? \u00bb\u00a0a interrog\u00e9 le Pape.<\/p>\n<p>673 millions de personnes dans le monde se couchent en ayant faim, et 2,3 milliards de personnes n\u2019ont pas acc\u00e8s \u00e0 une alimentation ad\u00e9quate,\u00a0<a href=\"https:\/\/www.fao.org\/newsroom\/detail\/global-hunger-declines--but-rises-in-africa-and-western-asia--un-report\/fr\" target=\"_blank\" rel=\"noopener\">selon les derni\u00e8res estimations de la FAO<\/a>. Des statistiques rappel\u00e9es par le Pape qui souligne toutefois que \u00ab derri\u00e8re chacun de ces chiffres se cache une vie bris\u00e9e, une communaut\u00e9 vuln\u00e9rable, des m\u00e8res qui ne peuvent pas nourrir leurs enfants \u00bb. Des enfants qui, en raison de la faim, contractent des\u00a0maladies et connaissent un retard dans leur d\u00e9veloppement moteur et cognitif. Tant d\u2019\u00e9l\u00e9ments qui ne sont \u00ab pas un hasard \u00bb selon L\u00e9on XIV, \u00ab mais le signe \u00e9vident d&rsquo;une insensibilit\u00e9 dominante, d&rsquo;une \u00e9conomie sans \u00e2me, d&rsquo;un mod\u00e8le de d\u00e9veloppement discutable et d&rsquo;un syst\u00e8me de distribution des ressources injuste et insoutenable \u00bb.<\/p>\n<p>\u00ab\u00a0\u00c0 une \u00e9poque o\u00f9 la science a prolong\u00e9 l&rsquo;esp\u00e9rance de vie, o\u00f9 la technologie a rapproch\u00e9 les continents et o\u00f9 le savoir a ouvert des horizons autrefois inimaginables, laisser des millions d&rsquo;\u00eatres humains vivre \u2013 et mourir \u2013 victimes de la faim est un \u00e9chec collectif, une aberration \u00e9thique, une faute historique.\u00a0\u00bb<\/p>\n<h3><strong>La famine comme arme de guerre<\/strong><\/h3>\n<p>Aux d\u00e9fis structurels s\u2019ajoutent la r\u00e9apparition de l\u2019utilisation de la nourriture comme arme de guerre, \u00ab contredisant ainsi tout le travail de sensibilisation men\u00e9 par la FAO au cours des huit derni\u00e8res d\u00e9cennies \u00bb. \u00ab Le consensus exprim\u00e9 par les \u00c9tats, qui consid\u00e8rent comme un crime de guerre la famine d\u00e9lib\u00e9r\u00e9e, ainsi que le fait d&#8217;emp\u00eacher intentionnellement l&rsquo;acc\u00e8s \u00e0 la nourriture \u00e0 des communaut\u00e9s ou \u00e0 des peuples entiers, semble s&rsquo;\u00e9loigner de plus en plus \u00bb a d\u00e9plor\u00e9 le Pape, rappelant pourtant la condamnation \u00e0 l\u2019unanimit\u00e9 de telles pratiques par\u00a0<a href=\"https:\/\/docs.un.org\/fr\/S\/RES\/2417(2018)\" target=\"_blank\" rel=\"noopener\">le Conseil de s\u00e9curit\u00e9 des Nations unies en 2018<\/a>.<\/p>\n<p>\u00ab Tout cela semble avoir \u00e9t\u00e9 oubli\u00e9,\u00a0regrette L\u00e9on XIV,\u00a0car nous assistons avec douleur \u00e0 l&rsquo;utilisation continue de cette strat\u00e9gie cruelle qui condamne des hommes, des femmes et des enfants \u00e0 la faim en leur refusant le droit le plus \u00e9l\u00e9mentaire : le droit \u00e0 la vie \u00bb. Face \u00e0 ce constat, le Saint-P\u00e8re a enjoint chacun \u00e0 redoubler \u00ab d\u2019enthousiasme pour rem\u00e9dier \u00e0 ce scandale ! \u00bb.<\/p>\n<p>\u00ab\u00a0Ne nous arr\u00eatons pas en pensant que la faim n&rsquo;est qu&rsquo;un probl\u00e8me \u00e0 r\u00e9soudre. C&rsquo;est bien plus que cela. C&rsquo;est un cri qui monte vers le ciel et qui exige une r\u00e9ponse rapide de chaque nation, de chaque organisme international, de chaque instance r\u00e9gionale, locale ou priv\u00e9e. Personne ne peut rester en marge de la lutte acharn\u00e9e contre la faim.\u00a0\u00bb<strong>\u00a0<\/strong><\/p>\n<h3><strong>Un appel \u00e0 la responsabilit\u00e9 individuelle et collective<\/strong><\/h3>\n<p>Le Pape a poursuivi en d\u00e9non\u00e7ant l\u2019apathie de chacun face \u00e0 la violence d\u00e9chirante qui peuple le monde actuel, \u00ab si douloureux et d\u00e9solant \u00e0 cause des conflits qui l&rsquo;affligent. \u00bb Ainsi, \u00ab les trag\u00e9dies humanitaires bien connues de tous devraient nous inciter \u00e0 \u00eatre des artisans de paix \u00bb et inviter chacun \u00e0 se demander avec \u00ab lucidit\u00e9 et courage \u00bb : \u00ab les g\u00e9n\u00e9rations futures m\u00e9ritent-elles un monde qui n&rsquo;est pas capable d&rsquo;\u00e9radiquer une fois pour toutes la faim et la mis\u00e8re ? \u00bb.\u00a0D\u00e9plorant la polarisation des responsables politiques et sociaux, qui gaspillent \u00ab leur temps et leurs ressources dans des discussions inutiles et virulentes \u00bb,\u00a0le Saint-P\u00e8re invite \u00e0 d\u00e9passer\u00a0les int\u00e9r\u00eats partisans ainsi que le paradigme politique qui \u00ab remplace la personne par le profit \u00bb.<\/p>\n<p>Dans ce contexte historique marqu\u00e9 par de profondes divisions et contradictions,\u00a0<a href=\"https:\/\/www.fao.org\/world-food-day\/fr\" target=\"_blank\" rel=\"noopener\">le th\u00e8me de la Journ\u00e9e mondiale de l\u2019alimentation<\/a>\u00a0\u00ab Main dans la main pour des aliments et un avenir meilleur \u00bb\u00a0r\u00e9sonne tout particuli\u00e8rement selon le Pape. \u00ab Permettez-moi de souligner sans d\u00e9tours l&rsquo;importance du multilat\u00e9ralisme face aux tentations n\u00e9fastes qui tendent \u00e0 s&rsquo;\u00e9riger en autocraties dans un monde multipolaire et de plus en plus interconnect\u00e9 <strong>\u00bb,\u00a0<\/strong>a martel\u00e9<strong>\u00a0<\/strong>L\u00e9on XIV.<strong>\u00a0<\/strong>Cependant, les modalit\u00e9s de la coop\u00e9ration internationale doivent \u00eatre repens\u00e9es, selon le Pape, afin que la voix des pays les plus pauvres soit entendue \u00ab sans filtre \u00bb et prise en compte dans la r\u00e9solution de leurs probl\u00e8mes, \u00ab sans leur imposer des solutions \u00e9labor\u00e9es dans des bureaux lointains, lors de r\u00e9unions domin\u00e9es par des id\u00e9ologies qui ignorent souvent les cultures ancestrales, les traditions religieuses ou les coutumes profond\u00e9ment enracin\u00e9es dans la sagesse des anciens \u00bb.<\/p>\n<p>Passant de l\u2019espagnol \u00e0 l\u2019anglais, le Pape a appel\u00e9 \u00e0 ne pas oublier tous ceux qui sont \u00ab condamn\u00e9s \u00e0 la mort et \u00e0 la souffrance en Ukraine, \u00e0 Gaza, en Ha\u00efti, en Afghanistan, au Mali, en R\u00e9publique centrafricaine, au Y\u00e9men et au Soudan du Sud, pour ne citer que quelques-uns des endroits de la plan\u00e8te o\u00f9 la pauvret\u00e9 est devenue le lot quotidien de tant de nos fr\u00e8res et s\u0153urs \u00bb. Invitant la communaut\u00e9 internationale \u00e0 ne pas d\u00e9tourner le regard, le Saint-P\u00e8re a enjoint chacun \u00e0 se lib\u00e9rer de \u00ab l&rsquo;apathie qui justifie la faim comme s&rsquo;il s&rsquo;agissait d&rsquo;une musique de fond \u00e0 laquelle nous nous sommes habitu\u00e9s, d&rsquo;un probl\u00e8me insoluble ou simplement d&rsquo;une responsabilit\u00e9 qui incombe \u00e0 d&rsquo;autres \u00bb.<\/p>\n<p>\u00c0 la faim du pain s\u2019ajoute \u00ab une faim de foi, d&rsquo;esp\u00e9rance et d&rsquo;amour qui doit \u00eatre canalis\u00e9e dans la r\u00e9ponse globale que nous sommes appel\u00e9s \u00e0 donner ensemble \u00bb a assur\u00e9 le Pape en concluant son discours. \u00ab Ce que J\u00e9sus a dit \u00e0 ses disciples devant une foule affam\u00e9e reste un d\u00e9fi fondamental et urgent pour la communaut\u00e9 internationale : \u00ab Donnez-leur vous-m\u00eames \u00e0 manger \u00bb (Mc 6, 37). \u00ab Avec la petite contribution des disciples, J\u00e9sus a accompli un grand miracle \u00bb\u00a0a rappel\u00e9 le Saint-P\u00e8re.\u00a0\u00ab Ne vous lassez donc pas de demander aujourd&rsquo;hui \u00e0 Dieu le courage et l&rsquo;\u00e9nergie n\u00e9cessaires pour continuer \u00e0 \u0153uvrer en faveur d&rsquo;une justice qui produise des r\u00e9sultats durables et b\u00e9n\u00e9fiques \u00bb.<\/p>\n<p>Les quatre-vingt ans d\u2019histoire de l\u2019organisation pour l\u2019alimentation et l\u2019agriculture (FAO), c\u00e9l\u00e9br\u00e9s ce jeudi, ont \u00e9t\u00e9 marqu\u00e9s par les visites de nombreux Souverains pontifes, la derni\u00e8re remontant \u00e0 celle du Pape Fran\u00e7ois, il y a huit ans, le 16 octobre 2017. La FAO fut la premi\u00e8re institution des Nations unies avec laquelle le Saint-Si\u00e8ge a \u00e9tabli des relations diplomatiques r\u00e9guli\u00e8res.<\/p>\n<p><em><a href=\"https:\/\/www.vaticannews.va\/fr\/pape\/news\/2025-10\/pape-francois-fao-discours-nations-unies-rome-faim.html\" target=\"_blank\" rel=\"noopener\">* Article publi\u00e9 dans Vatican News. Par : Alexandra Sirgant. Photo : Vatican Media.<\/a><\/em><\/p>\n<\/div><\/div><\/div><\/div><\/div>\n","protected":false},"excerpt":{"rendered":"","protected":false},"author":12,"featured_media":119580,"comment_status":"closed","ping_status":"closed","sticky":false,"template":"","format":"standard","meta":{"_tec_requires_first_save":true,"_monsterinsights_skip_tracking":false,"_monsterinsights_sitenote_active":false,"_monsterinsights_sitenote_note":"","_monsterinsights_sitenote_category":0,"_EventAllDay":false,"_EventTimezone":"","_EventStartDate":"","_EventEndDate":"","_EventStartDateUTC":"","_EventEndDateUTC":"","_EventShowMap":false,"_EventShowMapLink":false,"_EventURL":"","_EventCost":"","_EventCostDescription":"","_EventCurrencySymbol":"","_EventCurrencyCode":"","_EventCurrencyPosition":"","_EventDateTimeSeparator":"","_EventTimeRangeSeparator":"","_EventOrganizerID":[],"_EventVenueID":[],"_OrganizerEmail":"","_OrganizerPhone":"","_OrganizerWebsite":"","_VenueAddress":"","_VenueCity":"","_VenueCountry":"","_VenueProvince":"","_VenueState":"","_VenueZip":"","_VenuePhone":"","_VenueURL":"","_VenueStateProvince":"","_VenueLat":"","_VenueLng":"","_VenueShowMap":false,"_VenueShowMapLink":false,"_tribe_blocks_recurrence_rules":"","_tribe_blocks_recurrence_description":"","_tribe_blocks_recurrence_exclusions":"","footnotes":""},"categories":[3368,3384],"tags":[3752],"class_list":["post-119570","post","type-post","status-publish","format-standard","has-post-thumbnail","hentry","category-nouvelles","category-saint-siege","tag-pape-leon-xiv"],"_links":{"self":[{"href":"https:\/\/www.lasalle.org\/fr\/wp-json\/wp\/v2\/posts\/119570","targetHints":{"allow":["GET"]}}],"collection":[{"href":"https:\/\/www.lasalle.org\/fr\/wp-json\/wp\/v2\/posts"}],"about":[{"href":"https:\/\/www.lasalle.org\/fr\/wp-json\/wp\/v2\/types\/post"}],"author":[{"embeddable":true,"href":"https:\/\/www.lasalle.org\/fr\/wp-json\/wp\/v2\/users\/12"}],"replies":[{"embeddable":true,"href":"https:\/\/www.lasalle.org\/fr\/wp-json\/wp\/v2\/comments?post=119570"}],"version-history":[{"count":2,"href":"https:\/\/www.lasalle.org\/fr\/wp-json\/wp\/v2\/posts\/119570\/revisions"}],"predecessor-version":[{"id":119617,"href":"https:\/\/www.lasalle.org\/fr\/wp-json\/wp\/v2\/posts\/119570\/revisions\/119617"}],"wp:featuredmedia":[{"embeddable":true,"href":"https:\/\/www.lasalle.org\/fr\/wp-json\/wp\/v2\/media\/119580"}],"wp:attachment":[{"href":"https:\/\/www.lasalle.org\/fr\/wp-json\/wp\/v2\/media?parent=119570"}],"wp:term":[{"taxonomy":"category","embeddable":true,"href":"https:\/\/www.lasalle.org\/fr\/wp-json\/wp\/v2\/categories?post=119570"},{"taxonomy":"post_tag","embeddable":true,"href":"https:\/\/www.lasalle.org\/fr\/wp-json\/wp\/v2\/tags?post=119570"}],"curies":[{"name":"wp","href":"https:\/\/api.w.org\/{rel}","templated":true}]}}