{"id":121762,"date":"2025-12-04T16:48:04","date_gmt":"2025-12-04T15:48:04","guid":{"rendered":"https:\/\/www.lasalle.org\/?p=121762"},"modified":"2025-12-05T10:42:18","modified_gmt":"2025-12-05T09:42:18","slug":"visite-du-superieur-general-dans-le-district-du-congo-kinshasa-revitaliser-lengagement-dans-la-mission-educative-lasallienne","status":"publish","type":"post","link":"https:\/\/www.lasalle.org\/fr\/visite-du-superieur-general-dans-le-district-du-congo-kinshasa-revitaliser-lengagement-dans-la-mission-educative-lasallienne\/","title":{"rendered":"Visite du Sup\u00e9rieur G\u00e9n\u00e9ral dans le District du Congo Kinshasa : revitaliser l&rsquo;engagement dans la mission \u00e9ducative lasallienne"},"content":{"rendered":"<div class=\"pdfprnt-buttons pdfprnt-buttons-post pdfprnt-top-right\"><a href=\"https:\/\/www.lasalle.org\/fr\/wp-json\/wp\/v2\/posts\/121762?print=pdf\" class=\"pdfprnt-button pdfprnt-button-pdf\" target=\"_blank\" ><img decoding=\"async\" src=\"https:\/\/www.lasalle.org\/wp-content\/plugins\/pdf-print\/images\/pdf.png\" alt=\"image_pdf\" title=\"T\u00e9l\u00e9charger le PDF\" \/><span class=\"pdfprnt-button-title pdfprnt-button-pdf-title\">PDF<\/span><\/a><a href=\"https:\/\/www.lasalle.org\/fr\/wp-json\/wp\/v2\/posts\/121762?print=print\" class=\"pdfprnt-button pdfprnt-button-print\" target=\"_blank\" ><img decoding=\"async\" src=\"https:\/\/www.lasalle.org\/wp-content\/plugins\/pdf-print\/images\/print.png\" alt=\"image_print\" title=\"Contenu imprim\u00e9\" \/><span class=\"pdfprnt-button-title pdfprnt-button-print-title\">PRINT<\/span><\/a><\/div><div class=\"fusion-fullwidth fullwidth-box fusion-builder-row-1 fusion-flex-container nonhundred-percent-fullwidth non-hundred-percent-height-scrolling\" style=\"--awb-border-radius-top-left:0px;--awb-border-radius-top-right:0px;--awb-border-radius-bottom-right:0px;--awb-border-radius-bottom-left:0px;--awb-flex-wrap:wrap;\" ><div class=\"fusion-builder-row fusion-row fusion-flex-align-items-flex-start fusion-flex-content-wrap\" style=\"max-width:1248px;margin-left: calc(-4% \/ 2 );margin-right: calc(-4% \/ 2 );\"><div class=\"fusion-layout-column fusion_builder_column fusion-builder-column-0 fusion_builder_column_1_1 1_1 fusion-flex-column\" style=\"--awb-bg-size:cover;--awb-width-large:100%;--awb-margin-top-large:0px;--awb-spacing-right-large:1.92%;--awb-margin-bottom-large:0px;--awb-spacing-left-large:1.92%;--awb-width-medium:100%;--awb-spacing-right-medium:1.92%;--awb-spacing-left-medium:1.92%;--awb-width-small:100%;--awb-spacing-right-small:1.92%;--awb-spacing-left-small:1.92%;\"><div class=\"fusion-column-wrapper fusion-flex-justify-content-flex-start fusion-content-layout-column\"><div class=\"fusion-text fusion-text-1\"><p>Du 1er au 10 novembre, le Fr\u00e8re Armin Luistro, Sup\u00e9rieur G\u00e9n\u00e9ral des Fr\u00e8res des \u00c9coles Chr\u00e9tiennes, a effectu\u00e9 une visite canonique dans le District du Congo Kinshasa. <strong>Cette visite a \u00e9t\u00e9 marqu\u00e9e par des \u00e9changes fructueux et des encouragements significatifs pour les communaut\u00e9s \u00e9ducatives lasallienns.<\/strong><\/p>\n<p>Tout d&rsquo;abord, le 1er novembre, le Sup\u00e9rieur G\u00e9n\u00e9ral est arriv\u00e9 \u00e0 Kinshasa en provenance de Kigali. Le lendemain, il a amorc\u00e9 ses activit\u00e9s par une visite au Postulat Fr\u00e8re V\u00e9ron Ignace. Au cours de sa rencontre avec les formateurs et postulants, il a soulign\u00e9 l&rsquo;importance cruciale de cette \u00e9tape de formation, en rappelant que des postulants bien pr\u00e9par\u00e9s sont appel\u00e9s \u00e0 devenir de bons Fr\u00e8res. Il a \u00e9galement d\u00e9livr\u00e9 un message d\u2019encouragement aux 12 postulants pr\u00e9sents, <strong>les incitant \u00e0 prendre leur formation au s\u00e9rieux tout en \u00e9tant attentifs \u00e0 l\u2019Esprit de Dieu qui murmure en eux<\/strong>, promettant de prier pour chacun.<\/p>\n<p>Par la suite, la visite s&rsquo;est poursuivie par une r\u00e9union \u00e0 la Maison Provinciale avec le Conseil du District. \u00c0 cette occasion, <strong>le Sup\u00e9rieur G\u00e9n\u00e9ral a rappel\u00e9 aux conseillers l\u2019importance de leur r\u00f4le d\u2019accompagnement<\/strong> et a encourag\u00e9 d\u2019initiatives telles que la bancarisation des finances et la construction de nouvelles \u00e9coles. Il a, en outre, invit\u00e9 les Fr\u00e8res \u00e0 collaborer de mani\u00e8re \u00e9troite pour favoriser le d\u00e9veloppement du District.<\/p>\n<p><span style=\"font-weight: 400;\">Une rencontre a \u00e9galement \u00e9t\u00e9 organis\u00e9e avec l&rsquo;ensemble des Fr\u00e8res \u00c9ducateurs (FEC). Lors de cet \u00e9change, le Sup\u00e9rieur G\u00e9n\u00e9ral a salu\u00e9 les avanc\u00e9es notables du District, en mettant en exergue l\u2019augmentation du nombre de Fr\u00e8res (68 au total) ainsi que le d\u00e9veloppement de nouveaux projets \u00e9ducatifs. <strong>Il a soulign\u00e9 le r\u00f4le exemplaire des Fr\u00e8res a\u00een\u00e9s pour les plus jeunes et l&rsquo;importance de l&rsquo;union des forces pour accomplir la mission<\/strong>.<\/span><\/p>\n<\/div><div class=\"fusion-title title fusion-title-1 fusion-sep-none fusion-title-text fusion-title-size-two\" style=\"--awb-text-color:var(--awb-custom17);--awb-font-size:22px;\"><h2 class=\"fusion-title-heading title-heading-left\" style=\"margin:0;font-size:1em;\"><b><strong>Cr\u00e9ativit\u00e9 et innovation<\/strong><\/b><\/h2><\/div><div class=\"fusion-text fusion-text-2\"><p>Le Sup\u00e9rieur G\u00e9n\u00e9ral a ensuite eu l&rsquo;occasion de visiter plusieurs \u00e9tablissements scolaires, notamment ceux du Pool Kintambo, de Gombe, de Mbandaka, de Gombe-Matadi et de Tumba. Lors de ces visites, il a rencontr\u00e9 des \u00e9ducateurs et des \u00e9coliers, partageant des messages d\u2019encouragement et rappelant la mission essentielle des Fr\u00e8res dans le domaine \u00e9ducatif. Par ailleurs, il a visit\u00e9 l\u2019Universit\u00e9 La Salle au Congo-Kinshasa, o\u00f9 il a <strong>invit\u00e9 les professeurs et \u00e9tudiants \u00e0 mobiliser leur intelligence au service de la cr\u00e9ativit\u00e9 et de l\u2019innovation<\/strong>, afin de proposer des solutions concr\u00e8tes aux probl\u00e8mes rencontr\u00e9s dans la cit\u00e9.<\/p>\n<p>Le Sup\u00e9rieur a pu observer de pr\u00e8s l\u2019impact positif de la mission \u00e9ducative lasallienne dans ces diverses localit\u00e9s. Ceci a \u00e9t\u00e9 confirm\u00e9 par l\u2019un des nombreux messages que les \u00e9l\u00e8ves ont adress\u00e9 au Sup\u00e9rieur g\u00e9n\u00e9ral : <em>\u00ab\u00a0Votre visite et votre pr\u00e9sence parmi nous nous rassurent profond\u00e9ment, et nous sommes d\u00e9sormais convaincus de notre appartenance \u00e0 la grande famille lasallienne mondiale. Au nom des \u00e9l\u00e8ves de l\u2019Institut Professionnel de la Gombe et du Centre Social Lasallien, nous souhaitons mettre en lumi\u00e8re les efforts consid\u00e9rables d\u00e9ploy\u00e9s par vos confr\u00e8res et le corps enseignant, qui <strong>travaillent sans rel\u00e2che pour favoriser notre croissance humaine, spirituelle et professionnelle<\/strong>. Depuis notre int\u00e9gration dans la famille lasallienne, une impulsion int\u00e9rieure nous guide vers un avenir prometteur\u00a0\u00bb. <\/em><\/p>\n<p><em>En conclusion, l\u2019\u00e9l\u00e8ve MBUTU Miriam a d\u00e9clar\u00e9 : \u00ab Chers camarades, restons fid\u00e8les au chemin que nous avons choisi. <strong>Terminer nos \u00e9tudes dans une \u00e9cole lasallienne est le plus beau cadeau que nous puissions offrir \u00e0 nos parents<\/strong>. Cela repr\u00e9sente une marque de fid\u00e9lit\u00e9 envers leur soutien, ainsi qu&rsquo;une expression de gratitude envers ceux qui croient en nous. \u00bb<\/em><em>\u00a0<\/em><\/p>\n<p>Un des moments forts de cette visite a \u00e9t\u00e9 la rencontre avec les associations lasalliennes qui a \u00e9t\u00e9 couronn\u00e9e par une soir\u00e9e festive et culturelle. <strong>Le Sup\u00e9rieur G\u00e9n\u00e9ral a mis l&rsquo;accent sur le sens de l\u2019Association au sein de l\u2019Institut<\/strong>, tout en encourageant les diff\u00e9rentes organisations \u00e0 travailler ensemble pour renforcer la mission \u00e9ducative lasallienne au Congo-Kinshasa.<\/p>\n<p>Enfin, un repas d&rsquo;adieu a r\u00e9uni tous les Fr\u00e8res pr\u00e9sents \u00e0 Kinshasa, ainsi que des pr\u00eatres et religieuses. Dans son mot de cl\u00f4ture, <strong>le Sup\u00e9rieur G\u00e9n\u00e9ral a exprim\u00e9 sa profonde gratitude pour l\u2019accueil chaleureux qui lui a \u00e9t\u00e9 r\u00e9serv\u00e9<\/strong>. Il a encourag\u00e9 chacun \u00e0 poursuivre la mission \u00e9ducative avec ferveur, soulignant l&rsquo;importance cruciale de chaque membre dans le projet lasallien.<\/p>\n<p><span style=\"font-weight: 400;\">En somme, cette visite canonique a constitu\u00e9 une occasion privil\u00e9gi\u00e9e de r\u00e9flexion et de renforcement des liens au sein de la communaut\u00e9, tout en contribuant \u00e0 <strong>revitaliser l&rsquo;engagement de chacun dans la grande mission \u00e9ducative lasallienne de l\u2019Institut en r\u00e9publique d\u00e9mocratique du Congo<\/strong>.<\/span><\/p>\n<\/div><div class=\"fusion-text fusion-text-3\" style=\"--awb-font-size:16px;\"><p><i><span style=\"font-weight: 400;\">* Article r\u00e9dig\u00e9 par le Fr\u00e8re Anatole <\/span><\/i><span style=\"font-weight: 400;\">Diretenadji<\/span><i><span style=\"font-weight: 400;\">, Conseiller g\u00e9n\u00e9ral.<\/span><\/i><\/p>\n<\/div><\/div><\/div><\/div><\/div>\n","protected":false},"excerpt":{"rendered":"","protected":false},"author":12,"featured_media":121766,"comment_status":"closed","ping_status":"closed","sticky":false,"template":"","format":"standard","meta":{"_tec_requires_first_save":true,"_monsterinsights_skip_tracking":false,"_monsterinsights_sitenote_active":false,"_monsterinsights_sitenote_note":"","_monsterinsights_sitenote_category":0,"_EventAllDay":false,"_EventTimezone":"","_EventStartDate":"","_EventEndDate":"","_EventStartDateUTC":"","_EventEndDateUTC":"","_EventShowMap":false,"_EventShowMapLink":false,"_EventURL":"","_EventCost":"","_EventCostDescription":"","_EventCurrencySymbol":"","_EventCurrencyCode":"","_EventCurrencyPosition":"","_EventDateTimeSeparator":"","_EventTimeRangeSeparator":"","_EventOrganizerID":[],"_EventVenueID":[],"_OrganizerEmail":"","_OrganizerPhone":"","_OrganizerWebsite":"","_VenueAddress":"","_VenueCity":"","_VenueCountry":"","_VenueProvince":"","_VenueState":"","_VenueZip":"","_VenuePhone":"","_VenueURL":"","_VenueStateProvince":"","_VenueLat":"","_VenueLng":"","_VenueShowMap":false,"_VenueShowMapLink":false,"_tribe_blocks_recurrence_rules":"","_tribe_blocks_recurrence_description":"","_tribe_blocks_recurrence_exclusions":"","footnotes":""},"categories":[3368,3442,3463],"tags":[],"class_list":["post-121762","post","type-post","status-publish","format-standard","has-post-thumbnail","hentry","category-nouvelles","category-regions-et-district","category-relaf-fr"],"_links":{"self":[{"href":"https:\/\/www.lasalle.org\/fr\/wp-json\/wp\/v2\/posts\/121762","targetHints":{"allow":["GET"]}}],"collection":[{"href":"https:\/\/www.lasalle.org\/fr\/wp-json\/wp\/v2\/posts"}],"about":[{"href":"https:\/\/www.lasalle.org\/fr\/wp-json\/wp\/v2\/types\/post"}],"author":[{"embeddable":true,"href":"https:\/\/www.lasalle.org\/fr\/wp-json\/wp\/v2\/users\/12"}],"replies":[{"embeddable":true,"href":"https:\/\/www.lasalle.org\/fr\/wp-json\/wp\/v2\/comments?post=121762"}],"version-history":[{"count":1,"href":"https:\/\/www.lasalle.org\/fr\/wp-json\/wp\/v2\/posts\/121762\/revisions"}],"predecessor-version":[{"id":121770,"href":"https:\/\/www.lasalle.org\/fr\/wp-json\/wp\/v2\/posts\/121762\/revisions\/121770"}],"wp:featuredmedia":[{"embeddable":true,"href":"https:\/\/www.lasalle.org\/fr\/wp-json\/wp\/v2\/media\/121766"}],"wp:attachment":[{"href":"https:\/\/www.lasalle.org\/fr\/wp-json\/wp\/v2\/media?parent=121762"}],"wp:term":[{"taxonomy":"category","embeddable":true,"href":"https:\/\/www.lasalle.org\/fr\/wp-json\/wp\/v2\/categories?post=121762"},{"taxonomy":"post_tag","embeddable":true,"href":"https:\/\/www.lasalle.org\/fr\/wp-json\/wp\/v2\/tags?post=121762"}],"curies":[{"name":"wp","href":"https:\/\/api.w.org\/{rel}","templated":true}]}}