{"id":122304,"date":"2026-01-05T23:30:18","date_gmt":"2026-01-05T22:30:18","guid":{"rendered":"https:\/\/www.lasalle.org\/?p=122304"},"modified":"2026-01-05T23:30:18","modified_gmt":"2026-01-05T22:30:18","slug":"plus-de-33-millions-de-pelerins-sont-venus-a-rome-pour-le-jubile","status":"publish","type":"post","link":"https:\/\/www.lasalle.org\/fr\/plus-de-33-millions-de-pelerins-sont-venus-a-rome-pour-le-jubile\/","title":{"rendered":"Plus de 33 millions de p\u00e8lerins sont venus \u00e0 Rome pour le Jubil\u00e9"},"content":{"rendered":"<div class=\"pdfprnt-buttons pdfprnt-buttons-post pdfprnt-top-right\"><a href=\"https:\/\/www.lasalle.org\/fr\/wp-json\/wp\/v2\/posts\/122304?print=pdf\" class=\"pdfprnt-button pdfprnt-button-pdf\" target=\"_blank\" ><img decoding=\"async\" src=\"https:\/\/www.lasalle.org\/wp-content\/plugins\/pdf-print\/images\/pdf.png\" alt=\"image_pdf\" title=\"T\u00e9l\u00e9charger le PDF\" \/><span class=\"pdfprnt-button-title pdfprnt-button-pdf-title\">PDF<\/span><\/a><a href=\"https:\/\/www.lasalle.org\/fr\/wp-json\/wp\/v2\/posts\/122304?print=print\" class=\"pdfprnt-button pdfprnt-button-print\" target=\"_blank\" ><img decoding=\"async\" src=\"https:\/\/www.lasalle.org\/wp-content\/plugins\/pdf-print\/images\/print.png\" alt=\"image_print\" title=\"Contenu imprim\u00e9\" \/><span class=\"pdfprnt-button-title pdfprnt-button-print-title\">PRINT<\/span><\/a><\/div><p>Le\u00a0\u00ab monde entier \u00bb\u00a0s&rsquo;est r\u00e9uni \u00e0 Rome pour l&rsquo;Ann\u00e9e Sainte 2025. 33 475 369 p\u00e8lerins venus de 185 pays ont particip\u00e9 au Jubil\u00e9 de l&rsquo;Esp\u00e9rance, que le Pape L\u00e9on XIV cl\u00f4turera officiellement dans quelques heures en fermant la Porte Sainte de la basilique Saint-Pierre.<\/p>\n<p>Les pr\u00e9visions de l&rsquo;Universit\u00e9 Roma Tre, qui tablaient sur \u00ab seulement \u00bb 31 millions de fid\u00e8les dans la Ville \u00c9ternelle en cette ann\u00e9e de gr\u00e2ce sp\u00e9ciale pour l&rsquo;\u00c9glise, ont donc \u00e9t\u00e9 largement d\u00e9pass\u00e9es. C&rsquo;est Mgr Rino Fisichella, pro-pr\u00e9fet du dicast\u00e8re pour l&rsquo;\u00c9vang\u00e9lisation, responsable de l&rsquo;organisation, qui a dress\u00e9 le bilan de l&rsquo;Ann\u00e9e Sainte, lors d&rsquo;une conf\u00e9rence qui s&rsquo;est tenue ce lundi matin, 5 janvier, \u00e0 la veille de la cl\u00f4ture du Jubil\u00e9, dans la salle de presse du Saint-Si\u00e8ge. Le monde entier est venu \u00e0 Rome, mais surtout l&rsquo;Europe : en effet, 62 % des p\u00e8lerins sont venus du Vieux Continent, l&rsquo;Italie occupant la premi\u00e8re place en termes de nombre de participants.<\/p>\n<p><img decoding=\"async\" class=\"aligncenter wp-image-122298 size-full\" src=\"https:\/\/www.lasalle.org\/wp-content\/uploads\/2026\/01\/Jubileo-1.jpeg\" alt=\"\" width=\"750\" height=\"421\" srcset=\"https:\/\/www.lasalle.org\/wp-content\/uploads\/2026\/01\/Jubileo-1-200x112.jpeg 200w, https:\/\/www.lasalle.org\/wp-content\/uploads\/2026\/01\/Jubileo-1-300x168.jpeg 300w, https:\/\/www.lasalle.org\/wp-content\/uploads\/2026\/01\/Jubileo-1-400x225.jpeg 400w, https:\/\/www.lasalle.org\/wp-content\/uploads\/2026\/01\/Jubileo-1-600x337.jpeg 600w, https:\/\/www.lasalle.org\/wp-content\/uploads\/2026\/01\/Jubileo-1.jpeg 750w\" sizes=\"(max-width: 750px) 100vw, 750px\" \/><\/p>\n<h3><strong>Un Jubil\u00e9 plac\u00e9 sous le signe de la spiritualit\u00e9 et de l&rsquo;avenir<\/strong><\/h3>\n<p>Ni le nombre de p\u00e8lerins, ni celui des\u00a0\u00ab grands \u00e9v\u00e9nements \u00bb\u00a0(pas moins de 35) ne rendent compte d&rsquo;un \u00e9v\u00e9nement qui visait avant tout \u00e0 entrer dans la vie des gens pour la renouveler en profondeur.\u00a0\u00ab La dimension spirituelle qui est \u00e0 la base du Jubil\u00e9 a permis de constater qu&rsquo;un peuple \u00e9tait en marche, anim\u00e9 d&rsquo;un grand d\u00e9sir de pri\u00e8re et de conversion \u00bb, a d\u00e9clar\u00e9 Mgr Fisichella.<\/p>\n<p>La vie spirituelle des p\u00e8lerins s&rsquo;est \u00e9panouie \u00e0 nouveau, alors qu&rsquo;ils remplissaient les principaux lieux de p\u00e8lerinage et les sanctuaires de Rome.\u00a0\u00ab Les basiliques papales et autres lieux de pri\u00e8re, comme la Scala Santa, ont enregistr\u00e9 une affluence sans pr\u00e9c\u00e9dent. Les confessions ont augment\u00e9 et la c\u00e9l\u00e9bration jubilaire du pardon total, l&rsquo;indulgence, a touch\u00e9 tout le monde \u00bb.<\/p>\n<p>Au cours de cette ann\u00e9e qui vient de s&rsquo;achever, l&rsquo;espoir a \u00e9t\u00e9 donn\u00e9 aux personnes et au monde :\u00a0\u00ab Le Jubil\u00e9 touche \u00e0 sa fin,\u00a0a d\u00e9clar\u00e9 le pro-pr\u00e9fet,\u00a0mais les nombreux signes d&rsquo;esp\u00e9rance qui ont \u00e9t\u00e9 offerts demeurent et l&rsquo;horizon s&rsquo;\u00e9largit pour soutenir un avenir charg\u00e9 de paix et de s\u00e9r\u00e9nit\u00e9, comme tout le monde le souhaite. En un mot, cette Ann\u00e9e Sainte a atteint l&rsquo;objectif exprim\u00e9 dans la bulle d&rsquo;indiction du Jubil\u00e9 Spes non confundit : \u00eatre pour tous l&rsquo;occasion de raviver l&rsquo;esp\u00e9rance \u00bb.<\/p>\n<p><img decoding=\"async\" class=\"aligncenter wp-image-116772 size-full\" src=\"https:\/\/www.lasalle.org\/wp-content\/uploads\/2025\/07\/coverNews_132.jpg\" alt=\"\" width=\"1200\" height=\"675\" srcset=\"https:\/\/www.lasalle.org\/wp-content\/uploads\/2025\/07\/coverNews_132-200x113.jpg 200w, https:\/\/www.lasalle.org\/wp-content\/uploads\/2025\/07\/coverNews_132-300x169.jpg 300w, https:\/\/www.lasalle.org\/wp-content\/uploads\/2025\/07\/coverNews_132-400x225.jpg 400w, https:\/\/www.lasalle.org\/wp-content\/uploads\/2025\/07\/coverNews_132-600x338.jpg 600w, https:\/\/www.lasalle.org\/wp-content\/uploads\/2025\/07\/coverNews_132-768x432.jpg 768w, https:\/\/www.lasalle.org\/wp-content\/uploads\/2025\/07\/coverNews_132-800x450.jpg 800w, https:\/\/www.lasalle.org\/wp-content\/uploads\/2025\/07\/coverNews_132.jpg 1200w\" sizes=\"(max-width: 1200px) 100vw, 1200px\" \/><\/p>\n<h3><strong>La g\u00e9n\u00e9rosit\u00e9 de 7 000 b\u00e9n\u00e9voles<\/strong><\/h3>\n<p>Il y a cependant des chiffres qui comptent, car\u00a0\u00ab en cette p\u00e9riode o\u00f9 l&rsquo;individualisme est facile \u00bb, comme l&rsquo;a finalement d\u00e9clar\u00e9 l&rsquo;\u00e9v\u00eaque en les remerciant, ils mesurent la g\u00e9n\u00e9rosit\u00e9 de nombreux b\u00e9n\u00e9voles : 5 000 sont en service tout au long de l&rsquo;ann\u00e9e et 2 000 membres de l&rsquo;Ordre de Malte ont assur\u00e9 les premiers secours dans les quatre basiliques papales.<\/p>\n<p>Le maire de Rome et commissaire extraordinaire du gouvernement pour le Jubil\u00e9, Roberto Gualtieri, a vu sa ville accueillir avec patience les nombreux fid\u00e8les venus dans la capitale pour b\u00e9n\u00e9ficier de l&rsquo;indulgence dans une relation mutuellement avantageuse.\u00a0\u00ab Les p\u00e8lerins n&rsquo;ont en rien diminu\u00e9 la capacit\u00e9 de Rome \u00e0 accueillir les touristes et \u00e0 offrir des services \u00e0 ses citoyens. Au contraire, le Jubil\u00e9 a \u00e9t\u00e9 un moteur \u00bb, a d\u00e9clar\u00e9 le premier magistrat.<\/p>\n<p>\u00ab La joie, la foi et l&rsquo;esp\u00e9rance des p\u00e8lerins ont touch\u00e9 le c\u0153ur des Romains, qui \u00e0 leur tour ont adopt\u00e9 une attitude accueillante \u00e0 leur \u00e9gard, m\u00eame lorsque leur nombre \u00e9tait extraordinaire. Tor Vergata, par exemple, est un \u00e9v\u00e9nement qui restera dans l&rsquo;histoire de notre ville et de l&rsquo;\u00c9glise \u00bb, a conclu le premier \u00e9dile.<\/p>\n<p><a href=\"https:\/\/www.vaticannews.va\/fr\/vatican\/news\/2026-01\/jubile-conference-de-presse-cloture-mgr-fisichella-bilan.html\" target=\"_blank\" rel=\"noopener\"><em>* Article publi\u00e9 dans Vatican News. Par : Daniele Piccini. Photographies : Vatican Media.<\/em><\/a><\/p>\n","protected":false},"excerpt":{"rendered":"<p>Le\u00a0\u00ab monde entier \u00bb\u00a0s&rsquo;est r\u00e9uni \u00e0 Rome pour l&rsquo;Ann\u00e9e Sainte  [&#8230;]<\/p>\n","protected":false},"author":12,"featured_media":122294,"comment_status":"closed","ping_status":"closed","sticky":false,"template":"","format":"standard","meta":{"_tec_requires_first_save":true,"_monsterinsights_skip_tracking":false,"_monsterinsights_sitenote_active":false,"_monsterinsights_sitenote_note":"","_monsterinsights_sitenote_category":0,"_EventAllDay":false,"_EventTimezone":"","_EventStartDate":"","_EventEndDate":"","_EventStartDateUTC":"","_EventEndDateUTC":"","_EventShowMap":false,"_EventShowMapLink":false,"_EventURL":"","_EventCost":"","_EventCostDescription":"","_EventCurrencySymbol":"","_EventCurrencyCode":"","_EventCurrencyPosition":"","_EventDateTimeSeparator":"","_EventTimeRangeSeparator":"","_EventOrganizerID":[],"_EventVenueID":[],"_OrganizerEmail":"","_OrganizerPhone":"","_OrganizerWebsite":"","_VenueAddress":"","_VenueCity":"","_VenueCountry":"","_VenueProvince":"","_VenueState":"","_VenueZip":"","_VenuePhone":"","_VenueURL":"","_VenueStateProvince":"","_VenueLat":"","_VenueLng":"","_VenueShowMap":false,"_VenueShowMapLink":false,"_tribe_blocks_recurrence_rules":"","_tribe_blocks_recurrence_description":"","_tribe_blocks_recurrence_exclusions":"","footnotes":""},"categories":[3368,3384],"tags":[3712,3707],"class_list":["post-122304","post","type-post","status-publish","format-standard","has-post-thumbnail","hentry","category-nouvelles","category-saint-siege","tag-jubile-2025","tag-vatican-fr"],"_links":{"self":[{"href":"https:\/\/www.lasalle.org\/fr\/wp-json\/wp\/v2\/posts\/122304","targetHints":{"allow":["GET"]}}],"collection":[{"href":"https:\/\/www.lasalle.org\/fr\/wp-json\/wp\/v2\/posts"}],"about":[{"href":"https:\/\/www.lasalle.org\/fr\/wp-json\/wp\/v2\/types\/post"}],"author":[{"embeddable":true,"href":"https:\/\/www.lasalle.org\/fr\/wp-json\/wp\/v2\/users\/12"}],"replies":[{"embeddable":true,"href":"https:\/\/www.lasalle.org\/fr\/wp-json\/wp\/v2\/comments?post=122304"}],"version-history":[{"count":1,"href":"https:\/\/www.lasalle.org\/fr\/wp-json\/wp\/v2\/posts\/122304\/revisions"}],"predecessor-version":[{"id":122305,"href":"https:\/\/www.lasalle.org\/fr\/wp-json\/wp\/v2\/posts\/122304\/revisions\/122305"}],"wp:featuredmedia":[{"embeddable":true,"href":"https:\/\/www.lasalle.org\/fr\/wp-json\/wp\/v2\/media\/122294"}],"wp:attachment":[{"href":"https:\/\/www.lasalle.org\/fr\/wp-json\/wp\/v2\/media?parent=122304"}],"wp:term":[{"taxonomy":"category","embeddable":true,"href":"https:\/\/www.lasalle.org\/fr\/wp-json\/wp\/v2\/categories?post=122304"},{"taxonomy":"post_tag","embeddable":true,"href":"https:\/\/www.lasalle.org\/fr\/wp-json\/wp\/v2\/tags?post=122304"}],"curies":[{"name":"wp","href":"https:\/\/api.w.org\/{rel}","templated":true}]}}