{"id":122522,"date":"2026-01-26T15:33:27","date_gmt":"2026-01-26T14:33:27","guid":{"rendered":"https:\/\/www.lasalle.org\/?p=122522"},"modified":"2026-01-26T16:58:21","modified_gmt":"2026-01-26T15:58:21","slug":"connexion-la-salle-episode-1-saint-jean-baptiste-de-la-salle-sa-famille-et-sa-formation","status":"publish","type":"post","link":"https:\/\/www.lasalle.org\/fr\/connexion-la-salle-episode-1-saint-jean-baptiste-de-la-salle-sa-famille-et-sa-formation\/","title":{"rendered":"Connexion La Salle \u2013 \u00c9pisode 1 : Saint Jean-Baptiste de La Salle, sa famille et sa formation"},"content":{"rendered":"<div class=\"pdfprnt-buttons pdfprnt-buttons-post pdfprnt-top-right\"><a href=\"https:\/\/www.lasalle.org\/fr\/wp-json\/wp\/v2\/posts\/122522?print=pdf\" class=\"pdfprnt-button pdfprnt-button-pdf\" target=\"_blank\" ><img decoding=\"async\" src=\"https:\/\/www.lasalle.org\/wp-content\/plugins\/pdf-print\/images\/pdf.png\" alt=\"image_pdf\" title=\"T\u00e9l\u00e9charger le PDF\" \/><span class=\"pdfprnt-button-title pdfprnt-button-pdf-title\">PDF<\/span><\/a><a href=\"https:\/\/www.lasalle.org\/fr\/wp-json\/wp\/v2\/posts\/122522?print=print\" class=\"pdfprnt-button pdfprnt-button-print\" target=\"_blank\" ><img decoding=\"async\" src=\"https:\/\/www.lasalle.org\/wp-content\/plugins\/pdf-print\/images\/print.png\" alt=\"image_print\" title=\"Contenu imprim\u00e9\" \/><span class=\"pdfprnt-button-title pdfprnt-button-print-title\">PRINT<\/span><\/a><\/div><div class=\"fusion-fullwidth fullwidth-box fusion-builder-row-1 fusion-flex-container nonhundred-percent-fullwidth non-hundred-percent-height-scrolling\" style=\"--awb-border-radius-top-left:0px;--awb-border-radius-top-right:0px;--awb-border-radius-bottom-right:0px;--awb-border-radius-bottom-left:0px;--awb-flex-wrap:wrap;\" ><div class=\"fusion-builder-row fusion-row fusion-flex-align-items-flex-start fusion-flex-content-wrap\" style=\"max-width:1248px;margin-left: calc(-4% \/ 2 );margin-right: calc(-4% \/ 2 );\"><div class=\"fusion-layout-column fusion_builder_column fusion-builder-column-0 fusion_builder_column_1_1 1_1 fusion-flex-column\" style=\"--awb-bg-size:cover;--awb-width-large:100%;--awb-margin-top-large:0px;--awb-spacing-right-large:1.92%;--awb-margin-bottom-large:0px;--awb-spacing-left-large:1.92%;--awb-width-medium:100%;--awb-spacing-right-medium:1.92%;--awb-spacing-left-medium:1.92%;--awb-width-small:100%;--awb-spacing-right-small:1.92%;--awb-spacing-left-small:1.92%;\"><div class=\"fusion-column-wrapper fusion-flex-justify-content-flex-start fusion-content-layout-column\"><div class=\"fusion-title title fusion-title-1 fusion-sep-none fusion-title-text fusion-title-size-two\" style=\"--awb-text-color:var(--awb-custom17);--awb-font-size:22px;\"><h2 class=\"fusion-title-heading title-heading-left\" style=\"margin:0;font-size:1em;\"><strong><i>\u00ab Connexion La Salle \u00bb est une s\u00e9rie multim\u00e9dia destin\u00e9e \u00e0 relier la Famille Lasallienne \u00e0 certains faits historiques qui continuent d\u2019inspirer les lasalliens d\u2019aujourd\u2019hui.<\/i><\/strong><\/h2><\/div><div class=\"fusion-text fusion-text-1\"><p><span style=\"font-weight: 400;\">Avant de devenir le fondateur des Fr\u00e8res des \u00c9coles Chr\u00e9tiennes, Jean-Baptiste de La Salle, fils a\u00een\u00e9 parmi plusieurs fr\u00e8res et s\u0153urs, a jou\u00e9 un r\u00f4le central et inattendu au sein de sa famille. Dans l\u2019\u00e9pisode de sa vie que nous \u00e9voquons aujourd\u2019hui, nous verrons comment, \u00e0 partir des responsabilit\u00e9s que la vie lui a impos\u00e9es, il a forg\u00e9 son caract\u00e8re et cherch\u00e9 un sens plus profond \u00e0 sa vocation sacerdotale.<\/span><\/p>\n<p><span style=\"font-weight: 400;\">En 1671, \u00e0 seulement 20 ans, alors qu\u2019il \u00e9tait au S\u00e9minaire de Saint-Sulpice \u00e0 Paris et poursuivait ses \u00e9tudes de th\u00e9ologie \u00e0 la Sorbonne, sa m\u00e8re, Nicole, meurt \u00e0 l\u2019\u00e2ge de 38 ans. Il n\u2019avait pas encore surmont\u00e9 une perte aussi douloureuse que son p\u00e8re, Louis, d\u00e9c\u00e8de \u00e0 son tour, \u00e0 47 ans. Moins d\u2019un an s\u2019\u00e9tait \u00e9coul\u00e9.<\/span><\/p>\n<p><span style=\"font-weight: 400;\">Jean-Baptiste se voit alors contraint de retourner dans sa ville natale afin d\u2019assumer des responsabilit\u00e9s en tant que tuteur de ses six fr\u00e8res et s\u0153urs cadets, tout en reprenant ses \u00e9tudes \u00e0 l\u2019Universit\u00e9 de Reims apr\u00e8s une ann\u00e9e de pause. Les t\u00e2ches complexes de tuteur et d\u2019administrateur ont fa\u00e7onn\u00e9 ses capacit\u00e9s d\u2019administration, d\u2019organisation et de pr\u00e9voyance. La famille \u00e9tait riche, mais <\/span><span style=\"font-weight: 400;\">avec de nombreux cr\u00e9anciers<\/span><span style=\"font-weight: 400;\">. Monsieur de La Salle s\u2019emploie alors \u00e0 reconstituer le patrimoine familial pour assurer l\u2019avenir de ses fr\u00e8res et s\u0153urs. L\u2019une de ses s\u0153urs est d\u00e9j\u00e0 entr\u00e9e au monast\u00e8re. Une autre se marie durant ces ann\u00e9es. L\u2019un de ses fr\u00e8res entre chez les augustins et les autres poursuivent leurs \u00e9tudes. Il s\u2019occupe de chacun avec une affection fraternelle. On conna\u00eet la comptabilit\u00e9 minutieuse, avec tous ses d\u00e9tails. C\u2019est un texte d\u2019une grande beaut\u00e9 sur sa fonction de fr\u00e8re a\u00een\u00e9.<\/span><\/p>\n<p><span style=\"font-weight: 400;\">Et au c\u0153ur des exigences de la vie et de la douleur des s\u00e9parations, sa vocation sacerdotale, \u00e9veill\u00e9e de nombreuses ann\u00e9es auparavant, continue de m\u00fbrir. En ao\u00fbt 1675, il ach\u00e8ve la licence en th\u00e9ologie ; le 9 avril 1678, il est ordonn\u00e9 pr\u00eatre ; et le 26 janvier 1680, il obtient le titre de docteur en th\u00e9ologie.<\/span><\/p>\n<p><span style=\"font-weight: 400;\">Sa mission en tant que pr\u00eatre ne lui appara\u00eet pas encore clairement. Son directeur spirituel le convainc de renoncer \u00e0 sa charge de chanoine pour devenir cur\u00e9, mais les d\u00e9marches n\u2019aboutissent pas. La Salle continue d\u2019attendre avec confiance, persuad\u00e9 que Dieu lui montrera le chemin. En 1678, son directeur spirituel, le p\u00e8re Roland, d\u00e9c\u00e8de et lui confie la responsabilit\u00e9 de la repr\u00e9sentation des s\u0153urs \u00e9ducatrices qu\u2019il avait fond\u00e9es. La Salle s\u2019en occupe avec d\u00e9vouement, mais n\u2019y voit pas encore un appel de Dieu pour lui-m\u00eame.<\/span><\/p>\n<\/div><div class=\"fusion-text fusion-text-2\"><div class=\"video-shortcode\"><iframe title=\"La Salle Connection | Ep. 1 - Saint John Baptist de La Salle, his family and his education\" width=\"1200\" height=\"675\" src=\"https:\/\/www.youtube.com\/embed\/9JkMFLt8kVg?feature=oembed\" frameborder=\"0\" allow=\"accelerometer; autoplay; clipboard-write; encrypted-media; gyroscope; picture-in-picture; web-share\" referrerpolicy=\"strict-origin-when-cross-origin\" allowfullscreen><\/iframe><\/div>\n<\/div><div class=\"fusion-title title fusion-title-2 fusion-sep-none fusion-title-text fusion-title-size-two\" style=\"--awb-text-color:var(--awb-custom17);--awb-font-size:22px;\"><h2 class=\"fusion-title-heading title-heading-left\" style=\"margin:0;font-size:1em;\"><strong><i>Dans les prochains \u00e9pisodes, nous continuerons de partager d\u2019autres moments significatifs de la vie et de l\u2019\u0153uvre de Saint Jean-Baptiste de La Salle. Vous pouvez les retrouver sur <\/i><a href=\"http:\/\/www.lasalle.org\"><i>www.lasalle.org<\/i><\/a><i> et sur nos r\u00e9seaux sociaux.<\/i><\/strong><\/h2><\/div><\/div><\/div><\/div><\/div>\n","protected":false},"excerpt":{"rendered":"","protected":false},"author":9,"featured_media":122516,"comment_status":"closed","ping_status":"closed","sticky":false,"template":"","format":"standard","meta":{"_tec_requires_first_save":true,"_monsterinsights_skip_tracking":false,"_monsterinsights_sitenote_active":false,"_monsterinsights_sitenote_note":"","_monsterinsights_sitenote_category":0,"_EventAllDay":false,"_EventTimezone":"","_EventStartDate":"","_EventEndDate":"","_EventStartDateUTC":"","_EventEndDateUTC":"","_EventShowMap":false,"_EventShowMapLink":false,"_EventURL":"","_EventCost":"","_EventCostDescription":"","_EventCurrencySymbol":"","_EventCurrencyCode":"","_EventCurrencyPosition":"","_EventDateTimeSeparator":"","_EventTimeRangeSeparator":"","_EventOrganizerID":[],"_EventVenueID":[],"_OrganizerEmail":"","_OrganizerPhone":"","_OrganizerWebsite":"","_VenueAddress":"","_VenueCity":"","_VenueCountry":"","_VenueProvince":"","_VenueState":"","_VenueZip":"","_VenuePhone":"","_VenueURL":"","_VenueStateProvince":"","_VenueLat":"","_VenueLng":"","_VenueShowMap":false,"_VenueShowMapLink":false,"_tribe_blocks_recurrence_rules":"","_tribe_blocks_recurrence_description":"","_tribe_blocks_recurrence_exclusions":"","footnotes":""},"categories":[3295,3270,3368],"tags":[],"class_list":["post-122522","post","type-post","status-publish","format-standard","has-post-thumbnail","hentry","category-bureau-de-linformation-et-de-la-communication","category-maison-generalice","category-nouvelles"],"_links":{"self":[{"href":"https:\/\/www.lasalle.org\/fr\/wp-json\/wp\/v2\/posts\/122522","targetHints":{"allow":["GET"]}}],"collection":[{"href":"https:\/\/www.lasalle.org\/fr\/wp-json\/wp\/v2\/posts"}],"about":[{"href":"https:\/\/www.lasalle.org\/fr\/wp-json\/wp\/v2\/types\/post"}],"author":[{"embeddable":true,"href":"https:\/\/www.lasalle.org\/fr\/wp-json\/wp\/v2\/users\/9"}],"replies":[{"embeddable":true,"href":"https:\/\/www.lasalle.org\/fr\/wp-json\/wp\/v2\/comments?post=122522"}],"version-history":[{"count":2,"href":"https:\/\/www.lasalle.org\/fr\/wp-json\/wp\/v2\/posts\/122522\/revisions"}],"predecessor-version":[{"id":122532,"href":"https:\/\/www.lasalle.org\/fr\/wp-json\/wp\/v2\/posts\/122522\/revisions\/122532"}],"wp:featuredmedia":[{"embeddable":true,"href":"https:\/\/www.lasalle.org\/fr\/wp-json\/wp\/v2\/media\/122516"}],"wp:attachment":[{"href":"https:\/\/www.lasalle.org\/fr\/wp-json\/wp\/v2\/media?parent=122522"}],"wp:term":[{"taxonomy":"category","embeddable":true,"href":"https:\/\/www.lasalle.org\/fr\/wp-json\/wp\/v2\/categories?post=122522"},{"taxonomy":"post_tag","embeddable":true,"href":"https:\/\/www.lasalle.org\/fr\/wp-json\/wp\/v2\/tags?post=122522"}],"curies":[{"name":"wp","href":"https:\/\/api.w.org\/{rel}","templated":true}]}}