{"id":122997,"date":"2026-02-23T11:36:01","date_gmt":"2026-02-23T10:36:01","guid":{"rendered":"https:\/\/www.lasalle.org\/?p=122997"},"modified":"2026-02-24T14:06:27","modified_gmt":"2026-02-24T13:06:27","slug":"artisans-dun-institut-sans-frontieres-uni-par-un-meme-esprit","status":"publish","type":"post","link":"https:\/\/www.lasalle.org\/fr\/artisans-dun-institut-sans-frontieres-uni-par-un-meme-esprit\/","title":{"rendered":"Artisans d\u2019un Institut sans fronti\u00e8res, uni par un m\u00eame esprit"},"content":{"rendered":"<div class=\"pdfprnt-buttons pdfprnt-buttons-post pdfprnt-top-right\"><a href=\"https:\/\/www.lasalle.org\/fr\/wp-json\/wp\/v2\/posts\/122997?print=pdf\" class=\"pdfprnt-button pdfprnt-button-pdf\" target=\"_blank\" ><img decoding=\"async\" src=\"https:\/\/www.lasalle.org\/wp-content\/plugins\/pdf-print\/images\/pdf.png\" alt=\"image_pdf\" title=\"T\u00e9l\u00e9charger le PDF\" \/><span class=\"pdfprnt-button-title pdfprnt-button-pdf-title\">PDF<\/span><\/a><a href=\"https:\/\/www.lasalle.org\/fr\/wp-json\/wp\/v2\/posts\/122997?print=print\" class=\"pdfprnt-button pdfprnt-button-print\" target=\"_blank\" ><img decoding=\"async\" src=\"https:\/\/www.lasalle.org\/wp-content\/plugins\/pdf-print\/images\/print.png\" alt=\"image_print\" title=\"Contenu imprim\u00e9\" \/><span class=\"pdfprnt-button-title pdfprnt-button-print-title\">PRINT<\/span><\/a><\/div><div class=\"fusion-fullwidth fullwidth-box fusion-builder-row-1 fusion-flex-container nonhundred-percent-fullwidth non-hundred-percent-height-scrolling\" style=\"--awb-border-radius-top-left:0px;--awb-border-radius-top-right:0px;--awb-border-radius-bottom-right:0px;--awb-border-radius-bottom-left:0px;--awb-flex-wrap:wrap;\" ><div class=\"fusion-builder-row fusion-row fusion-flex-align-items-flex-start fusion-flex-content-wrap\" style=\"max-width:1248px;margin-left: calc(-4% \/ 2 );margin-right: calc(-4% \/ 2 );\"><div class=\"fusion-layout-column fusion_builder_column fusion-builder-column-0 fusion_builder_column_1_1 1_1 fusion-flex-column\" style=\"--awb-bg-size:cover;--awb-width-large:100%;--awb-margin-top-large:0px;--awb-spacing-right-large:1.92%;--awb-margin-bottom-large:0px;--awb-spacing-left-large:1.92%;--awb-width-medium:100%;--awb-spacing-right-medium:1.92%;--awb-spacing-left-medium:1.92%;--awb-width-small:100%;--awb-spacing-right-small:1.92%;--awb-spacing-left-small:1.92%;\"><div class=\"fusion-column-wrapper fusion-flex-justify-content-flex-start fusion-content-layout-column\"><div class=\"fusion-text fusion-text-1\"><p><img decoding=\"async\" class=\"alignright size-medium wp-image-123016\" src=\"https:\/\/www.lasalle.org\/wp-content\/uploads\/2026\/02\/IMG_4100-300x200.jpg\" alt=\"\" width=\"300\" height=\"200\" srcset=\"https:\/\/www.lasalle.org\/wp-content\/uploads\/2026\/02\/IMG_4100-200x133.jpg 200w, https:\/\/www.lasalle.org\/wp-content\/uploads\/2026\/02\/IMG_4100-300x200.jpg 300w, https:\/\/www.lasalle.org\/wp-content\/uploads\/2026\/02\/IMG_4100-400x267.jpg 400w, https:\/\/www.lasalle.org\/wp-content\/uploads\/2026\/02\/IMG_4100-600x400.jpg 600w, https:\/\/www.lasalle.org\/wp-content\/uploads\/2026\/02\/IMG_4100-768x512.jpg 768w, https:\/\/www.lasalle.org\/wp-content\/uploads\/2026\/02\/IMG_4100-800x534.jpg 800w, https:\/\/www.lasalle.org\/wp-content\/uploads\/2026\/02\/IMG_4100-1200x800.jpg 1200w, https:\/\/www.lasalle.org\/wp-content\/uploads\/2026\/02\/IMG_4100.jpg 1228w\" sizes=\"(max-width: 300px) 100vw, 300px\" \/><span style=\"font-weight: 400;\">\u00ab Imaginons un Institut global, sans fronti\u00e8res (\u2026), sans limitations g\u00e9ographiques, linguistiques ou culturelles, mais <\/span><b>uni dans un seul c\u0153ur, un seul esprit, une seule \u00e2me <\/b><span style=\"font-weight: 400;\">\u00bb. C\u2019est par cette invitation que le Fr\u00e8re Armin Luistro, Sup\u00e9rieur G\u00e9n\u00e9ral des Fr\u00e8res des \u00c9coles Chr\u00e9tiennes, a conclu son intervention lors des troisi\u00e8mes <\/span><i><span style=\"font-weight: 400;\">Cluster Visit,<\/span><\/i><span style=\"font-weight: 400;\"> qui se sont tenues \u00e0 la Maison G\u00e9n\u00e9ralice, \u00e0 Rome, du 16 au 20 f\u00e9vrier, avec la participation de plus de 30 Fr\u00e8res et collaborateurs la\u00efcs lasalliens exer\u00e7ant des responsabilit\u00e9s de leadership dans diff\u00e9rents Districts.<\/span><\/p>\n<p><span style=\"font-weight: 400;\">\u00ab Ce processus a r\u00e9uni des Districts de tout l\u2019Institut en trois groupes distincts, <\/span><b>nous permettant de vivre la belle exp\u00e9rience du partage de la diversit\u00e9 des contextes et des r\u00e9alit\u00e9s d\u2019o\u00f9 nous venons, dans le but de relier la mission \u00e0 tous les niveaux<\/b><span style=\"font-weight: 400;\"> \u00bb, explique le Fr\u00e8re Chris Pati\u00f1o, Conseiller G\u00e9n\u00e9ral, en pr\u00e9cisant que ces rencontres ont permis de \u00ab rassembler ces voix en groupes plus restreints, ce qui nous permet de mettre en lumi\u00e8re la richesse de notre Institut ainsi que ses d\u00e9fis, en reconnaissant que personne ne chemine seul \u00bb.<\/span><\/p>\n<\/div><div class=\"fusion-title title fusion-title-1 fusion-sep-none fusion-title-text fusion-title-size-two\" style=\"--awb-text-color:var(--awb-custom17);--awb-font-size:22px;\"><h2 class=\"fusion-title-heading title-heading-left\" style=\"margin:0;font-size:1em;\"><b>\u00ab Outres neuves \u00bb<\/b><\/h2><\/div><div class=\"fusion-text fusion-text-2\"><p><img decoding=\"async\" class=\"alignleft size-medium wp-image-123008\" src=\"https:\/\/www.lasalle.org\/wp-content\/uploads\/2026\/02\/IMG_4069-300x200.jpg\" alt=\"\" width=\"300\" height=\"200\" srcset=\"https:\/\/www.lasalle.org\/wp-content\/uploads\/2026\/02\/IMG_4069-200x133.jpg 200w, https:\/\/www.lasalle.org\/wp-content\/uploads\/2026\/02\/IMG_4069-300x200.jpg 300w, https:\/\/www.lasalle.org\/wp-content\/uploads\/2026\/02\/IMG_4069-400x267.jpg 400w, https:\/\/www.lasalle.org\/wp-content\/uploads\/2026\/02\/IMG_4069-600x400.jpg 600w, https:\/\/www.lasalle.org\/wp-content\/uploads\/2026\/02\/IMG_4069-768x512.jpg 768w, https:\/\/www.lasalle.org\/wp-content\/uploads\/2026\/02\/IMG_4069-800x533.jpg 800w, https:\/\/www.lasalle.org\/wp-content\/uploads\/2026\/02\/IMG_4069.jpg 1187w\" sizes=\"(max-width: 300px) 100vw, 300px\" \/><span style=\"font-weight: 400;\">En effet, ces visites \u2014 inspir\u00e9es de la tradition des visites <\/span><i><span style=\"font-weight: 400;\">ad limina<\/span><\/i><span style=\"font-weight: 400;\"> que les \u00e9v\u00eaques catholiques effectuent p\u00e9riodiquement, en petits groupes, favorisant l\u2019unit\u00e9 et la communion avec l\u2019\u00c9v\u00eaque de Rome \u2014 constituent une opportunit\u00e9 pour \u00ab engager un dialogue f\u00e9cond sur des questions cl\u00e9s, tant permanentes qu\u2019\u00e9mergentes, afin d\u2019approfondir notre exp\u00e9rience de <\/span><span style=\"font-weight: 400;\"><br \/>\n<\/span><i><span style=\"font-weight: 400;\">1LaSalle<\/span><\/i><span style=\"font-weight: 400;\"> \u00bb, affirme le Fr\u00e8re Armin, en insistant sur l\u2019importance de pr\u00e9parer \u00ab des outres neuves pour l\u2019Institut \u00bb, puisque <\/span><b>\u00ab nous avons besoin de nouvelles structures organisationnelles capables de susciter un changement profond et de donner forme \u00e0 notre chemin collectif vers l\u2019avenir \u00bb.<\/b><\/p>\n<p><span style=\"font-weight: 400;\">Cette perspective suppose de reconna\u00eetre que \u00ab notre responsabilit\u00e9 de gouvernance ne peut se limiter uniquement \u00e0 l\u2019administration op\u00e9rationnelle efficace des t\u00e2ches confi\u00e9es \u00bb, car\u00a0 <\/span><span style=\"font-weight: 400;\">\u00ab l\u2019exp\u00e9rience synodale d\u2019une \u00e9coute profonde, d\u2019un discernement communautaire et d\u2019une action concert\u00e9e \u00bb peut aujourd\u2019hui nous aider \u00e0 \u00ab \u00e9largir notre conscience et notre sensibilit\u00e9 face aux probl\u00e8mes rencontr\u00e9s par d\u2019autres Districts, notamment \u00e0 l\u2019\u00e9gard de d\u00e9fis qui peuvent d\u2019abord sembler trop \u00e9loign\u00e9s de notre propre exp\u00e9rience \u00bb, affirme le Fr\u00e8re Sup\u00e9rieur G\u00e9n\u00e9ral. Il souligne que \u00ab<\/span><b> pour dynamiser la mission lasallienne aujourd\u2019hui, il est n\u00e9cessaire de tirer parti de la dimension globale de l\u2019Institut <\/b><span style=\"font-weight: 400;\">\u00bb, puisque \u00ab chaque District apporte sa sagesse, son contexte et ses bonnes pratiques \u00bb.<\/span><\/p>\n<\/div><div class=\"fusion-title title fusion-title-2 fusion-sep-none fusion-title-text fusion-title-size-two\" style=\"--awb-text-color:var(--awb-custom17);--awb-font-size:22px;\"><h2 class=\"fusion-title-heading title-heading-left\" style=\"margin:0;font-size:1em;\"><b>Leadership synodal<\/b><\/h2><\/div><div class=\"fusion-text fusion-text-3\"><p><span style=\"font-weight: 400;\"><img decoding=\"async\" class=\"alignright size-medium wp-image-123012\" src=\"https:\/\/www.lasalle.org\/wp-content\/uploads\/2026\/02\/IMG_4088-300x200.jpg\" alt=\"\" width=\"300\" height=\"200\" srcset=\"https:\/\/www.lasalle.org\/wp-content\/uploads\/2026\/02\/IMG_4088-200x133.jpg 200w, https:\/\/www.lasalle.org\/wp-content\/uploads\/2026\/02\/IMG_4088-300x200.jpg 300w, https:\/\/www.lasalle.org\/wp-content\/uploads\/2026\/02\/IMG_4088-400x267.jpg 400w, https:\/\/www.lasalle.org\/wp-content\/uploads\/2026\/02\/IMG_4088-600x400.jpg 600w, https:\/\/www.lasalle.org\/wp-content\/uploads\/2026\/02\/IMG_4088-768x512.jpg 768w, https:\/\/www.lasalle.org\/wp-content\/uploads\/2026\/02\/IMG_4088-800x534.jpg 800w, https:\/\/www.lasalle.org\/wp-content\/uploads\/2026\/02\/IMG_4088-1200x801.jpg 1200w, https:\/\/www.lasalle.org\/wp-content\/uploads\/2026\/02\/IMG_4088.jpg 1313w\" sizes=\"(max-width: 300px) 100vw, 300px\" \/>\u00ab Un style de leadership synodal consiste \u00e0 \u00e9couter, \u00e0 favoriser la participation et \u00e0 mettre en pratique ce que nous appelons le \u2018<\/span><b>discernement Eccl\u00e9sial pour la mission<\/b><span style=\"font-weight: 400;\">\u2019 \u00bb, avait pr\u00e9cis\u00e9 S\u0153ur Nathalie Becquart, XMCJ, Sous-secr\u00e9taire du Secr\u00e9tariat G\u00e9n\u00e9ral du Synode, lors de son intervention durant la deuxi\u00e8me journ\u00e9e des <\/span><i><span style=\"font-weight: 400;\">Cluster Visit<\/span><\/i><span style=\"font-weight: 400;\">, en ajoutant qu\u2019\u00ab il s\u2019agit de laisser l\u2019Esprit Saint \u00eatre le v\u00e9ritable leader et de discerner nos d\u00e9cisions \u00e0 travers cette \u00e9coute mutuelle et ces processus de discernement en commun \u00bb.<\/span><\/p>\n<p><span style=\"font-weight: 400;\">\u00ab C\u2019est une mani\u00e8re d\u2019exercer l\u2019autorit\u00e9 o\u00f9 l\u2019on ne d\u00e9cide pas seul, car nous nous enrichissons de perspectives diff\u00e9rentes pour comprendre une situation \u2014 poursuit S\u0153ur Nathalie \u2014 ; Il s\u2019agit donc d\u2019un leadership collaboratif, d\u2019un leadership fond\u00e9 sur le discernement et, nous pouvons le dire, d\u2019un leadership de service \u00bb.<\/span><\/p>\n<p><span style=\"font-weight: 400;\">Selon le Fr\u00e8re Carlos G\u00f3mez, Vicaire G\u00e9n\u00e9ral, <\/span><b>\u00ab dans un Institut qui assume la synodalit\u00e9, le leadership se renouvelle et se repense ; il suppose un d\u00e9centrement, un discernement communautaire et une coresponsabilit\u00e9<\/b><span style=\"font-weight: 400;\">. Ainsi \u2014 souligne-t-il \u2014, il \u00e9coute d\u2019abord, prie avant de d\u00e9cider, inclut plut\u00f4t que d\u2019exclure, et pr\u00eate attention aux voix qui expriment un d\u00e9saccord ou qui questionnent \u00bb. En effet, \u00ab bien souvent, la v\u00e9rit\u00e9 se trouve aux marges et non dans les centres de pouvoir ; elle n\u2019est pas non plus le monopole des savants, des anciens, ni de ceux qui d\u00e9tiennent le pouvoir \u00bb.<\/span><\/p>\n<\/div><div class=\"fusion-title title fusion-title-3 fusion-sep-none fusion-title-text fusion-title-size-two\" style=\"--awb-text-color:var(--awb-custom17);--awb-font-size:22px;\"><h2 class=\"fusion-title-heading title-heading-left\" style=\"margin:0;font-size:1em;\"><b>Esp\u00e9rance active<\/b><\/h2><\/div><div class=\"fusion-text fusion-text-4\"><p><img decoding=\"async\" class=\"alignleft size-medium wp-image-123004\" src=\"https:\/\/www.lasalle.org\/wp-content\/uploads\/2026\/02\/IMG_4060-300x200.jpg\" alt=\"\" width=\"300\" height=\"200\" srcset=\"https:\/\/www.lasalle.org\/wp-content\/uploads\/2026\/02\/IMG_4060-200x133.jpg 200w, https:\/\/www.lasalle.org\/wp-content\/uploads\/2026\/02\/IMG_4060-300x200.jpg 300w, https:\/\/www.lasalle.org\/wp-content\/uploads\/2026\/02\/IMG_4060-400x267.jpg 400w, https:\/\/www.lasalle.org\/wp-content\/uploads\/2026\/02\/IMG_4060-600x400.jpg 600w, https:\/\/www.lasalle.org\/wp-content\/uploads\/2026\/02\/IMG_4060-768x512.jpg 768w, https:\/\/www.lasalle.org\/wp-content\/uploads\/2026\/02\/IMG_4060-800x534.jpg 800w, https:\/\/www.lasalle.org\/wp-content\/uploads\/2026\/02\/IMG_4060-1200x801.jpg 1200w, https:\/\/www.lasalle.org\/wp-content\/uploads\/2026\/02\/IMG_4060.jpg 1313w\" sizes=\"(max-width: 300px) 100vw, 300px\" \/><span style=\"font-weight: 400;\">Au-del\u00e0 du leadership et de la synodalit\u00e9, le Fr\u00e8re Carlos \u00e9voque l\u2019esp\u00e9rance, \u00ab cette vertu parfois insaisissable qui doit devenir guide, moteur et source d\u2019inspiration de notre mission \u00bb. <\/span><b>\u00ab L\u2019esp\u00e9rance est une force indomptable de l\u2019Esprit qui nous pousse \u00e0 vivre le projet de Dieu et le don g\u00e9n\u00e9reux de la vocation \u00e0 laquelle Dieu nous appelle<\/b><span style=\"font-weight: 400;\"> \u00bb, pr\u00e9cise le Vicaire G\u00e9n\u00e9ral, en ajoutant qu\u2019\u00ab elle implique engagement, s\u00e9r\u00e9nit\u00e9, regard profond, capacit\u00e9 de transmettre la vie, de gu\u00e9rir la douleur, de r\u00eaver des horizons et de cheminer avec d\u2019autres, de nous demander \u00e0 nouveau qui nous sommes et pour quoi nous nous sommes consacr\u00e9s, quelles sont nos motivations, quels sont les moteurs de notre vie. Il s\u2019agit donc d\u2019une esp\u00e9rance active et non d\u2019un optimisme na\u00eff \u00bb.<\/span><\/p>\n<p><span style=\"font-weight: 400;\">Artisans d\u2019un Institut qui se construit \u00ab de l\u2019int\u00e9rieur, par le bas, dans la proximit\u00e9 \u00bb, au-del\u00e0 des fronti\u00e8res, \u00e0 travers des dynamiques participatives et inclusives, <\/span><b>l\u2019exp\u00e9rience des <\/b><b><i>Cluster Visit<\/i><\/b><b> ouvre de nouveaux horizons de gouvernance fond\u00e9s sur l\u2019esp\u00e9rance, le leadership et la synodalit\u00e9, o\u00f9 \u00ab chacun a quelque chose \u00e0 apprendre et quelque chose \u00e0 enseigner<\/b><span style=\"font-weight: 400;\"> \u00bb. Car la synodalit\u00e9 est une mani\u00e8re \u00ab d\u2019\u00eatre \u00c9glise \u00bb et aussi une mani\u00e8re \u00ab d\u2019\u00eatre Institut \u00bb, qui suppose d\u00e9centrement, discernement communautaire et coresponsabilit\u00e9, en g\u00e9n\u00e9rant des processus de transformation dans les Districts et les R\u00e9gions, avec la conviction que nous sommes <\/span><i><span style=\"font-weight: 400;\">1LaSalle <\/span><\/i><span style=\"font-weight: 400;\">: \u00ab un seul c\u0153ur, un seul esprit, une seule \u00e2me \u00bb, comme l\u2019a affirm\u00e9 le Fr\u00e8re Armin.<\/span><\/p>\n<p><span style=\"font-weight: 400;\">\u00ab Je crois que nous voyons r\u00e9ellement \u00e9merger de nouvelles mani\u00e8res de fonctionner, de nouvelles fa\u00e7ons de nous comprendre les uns les autres et de soutenir la mission dans le monde entier \u00bb, a assur\u00e9 Tom Southard, Directeur Ex\u00e9cutif de RELAN, en dressant le bilan de la rencontre. Pour sa part, le Fr\u00e8re Moses Abunya, Visiteur auxiliaire du District de Lwanga, est convaincu qu\u2019il est urgent de promouvoir un \u00ab discernement mutuel \u00bb pour cheminer ensemble, \u00ab car personne n\u2019est d\u00e9positaire du savoir et de la sagesse \u00e0 lui seul \u00bb. Cela implique \u00e9galement, selon le Fr\u00e8re Olavo Dalvit, Visiteur du District Br\u00e9sil-Chili, d\u2019assumer de nouveaux engagements dans l\u2019association des Fr\u00e8res et des la\u00efcs pour la mission, en abordant la question de la formation, o\u00f9 \u00ab les Districts, dans chaque communaut\u00e9 et comme Institut \u00bb doivent \u00ab poser des actes encore plus concrets \u00bb. Par cons\u00e9quent, il ne faut pas perdre de vue \u00ab notre identit\u00e9 de Fr\u00e8res et notre r\u00f4le en ce moment historique \u00bb, conclut le Fr\u00e8re Olavo, en rappelant que \u00ab nous sommes Fr\u00e8res pour le monde, comme le rappelle souvent le Fr\u00e8re Armin \u00bb.<\/span><\/p>\n<\/div><div class=\"fusion-text fusion-text-5\"><div class=\"video-shortcode\"><iframe title=\"LaSalleOrg News | Artisans of an Institute without borders, united by the same spirit\" width=\"1200\" height=\"675\" src=\"https:\/\/www.youtube.com\/embed\/RXc00TwWL2s?feature=oembed\" frameborder=\"0\" allow=\"accelerometer; autoplay; clipboard-write; encrypted-media; gyroscope; picture-in-picture; web-share\" referrerpolicy=\"strict-origin-when-cross-origin\" allowfullscreen><\/iframe><\/div>\n<\/div><\/div><\/div><\/div><\/div>\n","protected":false},"excerpt":{"rendered":"","protected":false},"author":9,"featured_media":122991,"comment_status":"closed","ping_status":"closed","sticky":false,"template":"","format":"standard","meta":{"_tec_requires_first_save":true,"_monsterinsights_skip_tracking":false,"_monsterinsights_sitenote_active":false,"_monsterinsights_sitenote_note":"","_monsterinsights_sitenote_category":0,"_EventAllDay":false,"_EventTimezone":"","_EventStartDate":"","_EventEndDate":"","_EventStartDateUTC":"","_EventEndDateUTC":"","_EventShowMap":false,"_EventShowMapLink":false,"_EventURL":"","_EventCost":"","_EventCostDescription":"","_EventCurrencySymbol":"","_EventCurrencyCode":"","_EventCurrencyPosition":"","_EventDateTimeSeparator":"","_EventTimeRangeSeparator":"","_EventOrganizerID":[],"_EventVenueID":[],"_OrganizerEmail":"","_OrganizerPhone":"","_OrganizerWebsite":"","_VenueAddress":"","_VenueCity":"","_VenueCountry":"","_VenueProvince":"","_VenueState":"","_VenueZip":"","_VenuePhone":"","_VenueURL":"","_VenueStateProvince":"","_VenueLat":"","_VenueLng":"","_VenueShowMap":false,"_VenueShowMapLink":false,"_tribe_blocks_recurrence_rules":"","_tribe_blocks_recurrence_description":"","_tribe_blocks_recurrence_exclusions":"","footnotes":""},"categories":[3273,3305,3270,3368,3302],"tags":[],"class_list":["post-122997","post","type-post","status-publish","format-standard","has-post-thumbnail","hentry","category-conseil-general","category-evenements","category-maison-generalice","category-nouvelles","category-superieur-general"],"_links":{"self":[{"href":"https:\/\/www.lasalle.org\/fr\/wp-json\/wp\/v2\/posts\/122997","targetHints":{"allow":["GET"]}}],"collection":[{"href":"https:\/\/www.lasalle.org\/fr\/wp-json\/wp\/v2\/posts"}],"about":[{"href":"https:\/\/www.lasalle.org\/fr\/wp-json\/wp\/v2\/types\/post"}],"author":[{"embeddable":true,"href":"https:\/\/www.lasalle.org\/fr\/wp-json\/wp\/v2\/users\/9"}],"replies":[{"embeddable":true,"href":"https:\/\/www.lasalle.org\/fr\/wp-json\/wp\/v2\/comments?post=122997"}],"version-history":[{"count":4,"href":"https:\/\/www.lasalle.org\/fr\/wp-json\/wp\/v2\/posts\/122997\/revisions"}],"predecessor-version":[{"id":123024,"href":"https:\/\/www.lasalle.org\/fr\/wp-json\/wp\/v2\/posts\/122997\/revisions\/123024"}],"wp:featuredmedia":[{"embeddable":true,"href":"https:\/\/www.lasalle.org\/fr\/wp-json\/wp\/v2\/media\/122991"}],"wp:attachment":[{"href":"https:\/\/www.lasalle.org\/fr\/wp-json\/wp\/v2\/media?parent=122997"}],"wp:term":[{"taxonomy":"category","embeddable":true,"href":"https:\/\/www.lasalle.org\/fr\/wp-json\/wp\/v2\/categories?post=122997"},{"taxonomy":"post_tag","embeddable":true,"href":"https:\/\/www.lasalle.org\/fr\/wp-json\/wp\/v2\/tags?post=122997"}],"curies":[{"name":"wp","href":"https:\/\/api.w.org\/{rel}","templated":true}]}}