{"id":124334,"date":"2026-04-01T12:41:55","date_gmt":"2026-04-01T11:41:55","guid":{"rendered":"https:\/\/www.lasalle.org\/?p=124334"},"modified":"2026-04-01T20:59:43","modified_gmt":"2026-04-01T19:59:43","slug":"le-triduum-pascal-et-les-valeurs-lasalliennes","status":"publish","type":"post","link":"https:\/\/www.lasalle.org\/fr\/le-triduum-pascal-et-les-valeurs-lasalliennes\/","title":{"rendered":"Le Triduum Pascal et les valeurs lasalliennes"},"content":{"rendered":"<div class=\"pdfprnt-buttons pdfprnt-buttons-post pdfprnt-top-right\"><a href=\"https:\/\/www.lasalle.org\/fr\/wp-json\/wp\/v2\/posts\/124334?print=pdf\" class=\"pdfprnt-button pdfprnt-button-pdf\" target=\"_blank\" ><img decoding=\"async\" src=\"https:\/\/www.lasalle.org\/wp-content\/plugins\/pdf-print\/images\/pdf.png\" alt=\"image_pdf\" title=\"T\u00e9l\u00e9charger le PDF\" \/><span class=\"pdfprnt-button-title pdfprnt-button-pdf-title\">PDF<\/span><\/a><a href=\"https:\/\/www.lasalle.org\/fr\/wp-json\/wp\/v2\/posts\/124334?print=print\" class=\"pdfprnt-button pdfprnt-button-print\" target=\"_blank\" ><img decoding=\"async\" src=\"https:\/\/www.lasalle.org\/wp-content\/plugins\/pdf-print\/images\/print.png\" alt=\"image_print\" title=\"Contenu imprim\u00e9\" \/><span class=\"pdfprnt-button-title pdfprnt-button-print-title\">PRINT<\/span><\/a><\/div><div class=\"fusion-fullwidth fullwidth-box fusion-builder-row-1 fusion-flex-container nonhundred-percent-fullwidth non-hundred-percent-height-scrolling\" style=\"--awb-border-radius-top-left:0px;--awb-border-radius-top-right:0px;--awb-border-radius-bottom-right:0px;--awb-border-radius-bottom-left:0px;--awb-flex-wrap:wrap;\" ><div class=\"fusion-builder-row fusion-row fusion-flex-align-items-flex-start fusion-flex-content-wrap\" style=\"max-width:1248px;margin-left: calc(-4% \/ 2 );margin-right: calc(-4% \/ 2 );\"><div class=\"fusion-layout-column fusion_builder_column fusion-builder-column-0 fusion_builder_column_1_1 1_1 fusion-flex-column\" style=\"--awb-bg-size:cover;--awb-width-large:100%;--awb-margin-top-large:0px;--awb-spacing-right-large:1.92%;--awb-margin-bottom-large:0px;--awb-spacing-left-large:1.92%;--awb-width-medium:100%;--awb-spacing-right-medium:1.92%;--awb-spacing-left-medium:1.92%;--awb-width-small:100%;--awb-spacing-right-small:1.92%;--awb-spacing-left-small:1.92%;\"><div class=\"fusion-column-wrapper fusion-flex-justify-content-flex-start fusion-content-layout-column\"><div class=\"fusion-text fusion-text-1\"><p>Le Triduum Pascal nous invite \u00e0 parcourir un chemin de r\u00e9flexion, de contemplation et de renouvellement, qui trouve sa pl\u00e9nitude dans l\u2019amour de J\u00e9sus pour l\u2019humanit\u00e9. <strong>Parmi les nombreuses mani\u00e8res d\u2019approfondir le myst\u00e8re Pascal, il est \u00e9galement possible d\u2019adopter un regard lasallien<\/strong>. Dans cet itin\u00e9raire de foi, nous sommes invit\u00e9s \u00e0 approfondir les valeurs qui font partie de notre ADN lasallien : foi, fraternit\u00e9, service, justice et engagement.<\/p>\n<p>Le <strong>Jeudi Saint<\/strong>, nous c\u00e9l\u00e9brons la <strong>fraternit\u00e9 et le service<\/strong>. R\u00e9uni avec ses disciples lors de la Derni\u00e8re C\u00e8ne, J\u00e9sus accomplit un geste profond\u00e9ment symbolique en lavant les pieds de chacun, nous enseignant que servir est l\u2019expression la plus \u00e9lev\u00e9e de l\u2019amour et nous appelant \u00e0 vivre une spiritualit\u00e9 incarn\u00e9e, en donnant la priorit\u00e9 au soin de l\u2019autre. Dans la fraction du pain et dans l\u2019image de la vigne et des sarments, il renforce l\u2019importance de la communion et de l\u2019unit\u00e9 pour porter du fruit. Ainsi, la communaut\u00e9 \u00e9ducative lasallienne est elle aussi invit\u00e9e \u00e0 vivre la fraternit\u00e9 et la communion dans la vie communautaire et dans la mission.<\/p>\n<p>Le <strong>Vendredi Saint<\/strong>, nous contemplons <strong>l\u2019engagement<\/strong> port\u00e9 jusqu\u2019\u00e0 ses ultimes cons\u00e9quences. Face \u00e0 la douleur et \u00e0 la croix, J\u00e9sus demeure fid\u00e8le \u00e0 sa mission salvifique. Son sacrifice r\u00e9v\u00e8le que l\u2019engagement chr\u00e9tien implique un chemin qui n\u2019est pas facile ; au contraire, c\u2019est un itin\u00e9raire travers\u00e9 par des difficult\u00e9s qui nous mettent au d\u00e9fi de rester fid\u00e8les jusqu\u2019au bout, les yeux fix\u00e9s sur Dieu, comme nous l\u2019a enseign\u00e9 Saint Jean-Baptiste de La Salle en pronon\u00e7ant, le jour de sa mort, un Vendredi Saint, ses derni\u00e8res paroles : \u00ab J\u2019adore en toute chose la conduite de Dieu \u00e0 mon \u00e9gard \u00bb. En Christ, nous apprenons que nos souffrances peuvent aussi \u00eatre une expression de don de soi et de fid\u00e9lit\u00e9 \u00e0 une finalit\u00e9 plus grande.<\/p>\n<p>Le <strong>Samedi Saint<\/strong> est marqu\u00e9 par le silence et l\u2019attente. C\u2019est le temps de la <strong>foi<\/strong> qui soutient, m\u00eame face aux circonstances les plus adverses. Comme disciples de J\u00e9sus, nous maintenons vivante l\u2019esp\u00e9rance en sa promesse. La foi nous soutient dans les temps d\u2019incertitude, en renfor\u00e7ant la confiance en Dieu et en renouvelant l\u2019esp\u00e9rance dans le Dieu de la vie.<\/p>\n<p>Le <strong>Dimanche de P\u00e2ques<\/strong>, nous c\u00e9l\u00e9brons la <strong>justice<\/strong> divine qui se manifeste dans la victoire de la vie sur la mort. La r\u00e9surrection de J\u00e9sus confirme que l\u2019amour est plus fort que toute injustice. Dieu, dans sa justice, a le dernier mot et la mort se transforme en c\u00e9l\u00e9bration de la vie nouvelle, d\u2019une esp\u00e9rance renouvel\u00e9e et de la certitude que le bien triomphe.<\/p>\n<p>En contemplant ce chemin pascal, nous nous rappelons que<strong> \u00ab tout est li\u00e9 \u00bb.<\/strong> Les fruits de P\u00e2ques se manifestent dans chaque vie transform\u00e9e par l\u2019\u00e9ducation. \u00c9duquer, en particulier les pauvres et les plus vuln\u00e9rables, est un acte concret de foi, de fraternit\u00e9, de service et de justice.<\/p>\n<p>Que cette Semaine Sainte soit, pour toute la Famille Lasallienne, un temps de renouvellement int\u00e9rieur et d\u2019engagement dans la mission. <strong>Nous marchons vers P\u00e2ques.<br \/>\n<\/strong><\/p>\n<\/div><div class=\"fusion-title title fusion-title-1 fusion-sep-none fusion-title-text fusion-title-size-two\" style=\"--awb-text-color:var(--awb-custom17);--awb-font-size:22px;\"><h2 class=\"fusion-title-heading title-heading-left\" style=\"margin:0;font-size:1em;\"><p style=\"text-align: center;\"><b><strong>Joyeuses P\u00e2ques !<\/strong><\/b><\/p><\/h2><\/div><\/div><\/div><\/div><\/div>\n","protected":false},"excerpt":{"rendered":"","protected":false},"author":12,"featured_media":124337,"comment_status":"closed","ping_status":"closed","sticky":false,"template":"","format":"standard","meta":{"_tec_requires_first_save":true,"_monsterinsights_skip_tracking":false,"_monsterinsights_sitenote_active":false,"_monsterinsights_sitenote_note":"","_monsterinsights_sitenote_category":0,"_EventAllDay":false,"_EventTimezone":"","_EventStartDate":"","_EventEndDate":"","_EventStartDateUTC":"","_EventEndDateUTC":"","_EventShowMap":false,"_EventShowMapLink":false,"_EventURL":"","_EventCost":"","_EventCostDescription":"","_EventCurrencySymbol":"","_EventCurrencyCode":"","_EventCurrencyPosition":"","_EventDateTimeSeparator":"","_EventTimeRangeSeparator":"","_EventOrganizerID":[],"_EventVenueID":[],"_OrganizerEmail":"","_OrganizerPhone":"","_OrganizerWebsite":"","_VenueAddress":"","_VenueCity":"","_VenueCountry":"","_VenueProvince":"","_VenueState":"","_VenueZip":"","_VenuePhone":"","_VenueURL":"","_VenueStateProvince":"","_VenueLat":"","_VenueLng":"","_VenueShowMap":false,"_VenueShowMapLink":false,"_tribe_blocks_recurrence_rules":"","_tribe_blocks_recurrence_description":"","_tribe_blocks_recurrence_exclusions":"","footnotes":""},"categories":[3270,3368],"tags":[],"class_list":["post-124334","post","type-post","status-publish","format-standard","has-post-thumbnail","hentry","category-maison-generalice","category-nouvelles"],"_links":{"self":[{"href":"https:\/\/www.lasalle.org\/fr\/wp-json\/wp\/v2\/posts\/124334","targetHints":{"allow":["GET"]}}],"collection":[{"href":"https:\/\/www.lasalle.org\/fr\/wp-json\/wp\/v2\/posts"}],"about":[{"href":"https:\/\/www.lasalle.org\/fr\/wp-json\/wp\/v2\/types\/post"}],"author":[{"embeddable":true,"href":"https:\/\/www.lasalle.org\/fr\/wp-json\/wp\/v2\/users\/12"}],"replies":[{"embeddable":true,"href":"https:\/\/www.lasalle.org\/fr\/wp-json\/wp\/v2\/comments?post=124334"}],"version-history":[{"count":1,"href":"https:\/\/www.lasalle.org\/fr\/wp-json\/wp\/v2\/posts\/124334\/revisions"}],"predecessor-version":[{"id":124340,"href":"https:\/\/www.lasalle.org\/fr\/wp-json\/wp\/v2\/posts\/124334\/revisions\/124340"}],"wp:featuredmedia":[{"embeddable":true,"href":"https:\/\/www.lasalle.org\/fr\/wp-json\/wp\/v2\/media\/124337"}],"wp:attachment":[{"href":"https:\/\/www.lasalle.org\/fr\/wp-json\/wp\/v2\/media?parent=124334"}],"wp:term":[{"taxonomy":"category","embeddable":true,"href":"https:\/\/www.lasalle.org\/fr\/wp-json\/wp\/v2\/categories?post=124334"},{"taxonomy":"post_tag","embeddable":true,"href":"https:\/\/www.lasalle.org\/fr\/wp-json\/wp\/v2\/tags?post=124334"}],"curies":[{"name":"wp","href":"https:\/\/api.w.org\/{rel}","templated":true}]}}