{"id":125032,"date":"2026-04-24T14:23:19","date_gmt":"2026-04-24T12:23:19","guid":{"rendered":"https:\/\/www.lasalle.org\/?p=125032"},"modified":"2026-04-24T14:33:09","modified_gmt":"2026-04-24T12:33:09","slug":"joie-dans-le-district-de-bogota-pour-la-profession-perpetuelle-des-freres-jesus-daniel-mosquera-et-juan-diego-ramirez","status":"publish","type":"post","link":"https:\/\/www.lasalle.org\/fr\/joie-dans-le-district-de-bogota-pour-la-profession-perpetuelle-des-freres-jesus-daniel-mosquera-et-juan-diego-ramirez\/","title":{"rendered":"Joie dans le District de Bogota pour la Profession Perp\u00e9tuelle des Fr\u00e8res  Jes\u00fas Daniel Mosquera et Juan Diego Ram\u00edrez"},"content":{"rendered":"<div class=\"pdfprnt-buttons pdfprnt-buttons-post pdfprnt-top-right\"><a href=\"https:\/\/www.lasalle.org\/fr\/wp-json\/wp\/v2\/posts\/125032?print=pdf\" class=\"pdfprnt-button pdfprnt-button-pdf\" target=\"_blank\" ><img decoding=\"async\" src=\"https:\/\/www.lasalle.org\/wp-content\/plugins\/pdf-print\/images\/pdf.png\" alt=\"image_pdf\" title=\"T\u00e9l\u00e9charger le PDF\" \/><span class=\"pdfprnt-button-title pdfprnt-button-pdf-title\">PDF<\/span><\/a><a href=\"https:\/\/www.lasalle.org\/fr\/wp-json\/wp\/v2\/posts\/125032?print=print\" class=\"pdfprnt-button pdfprnt-button-print\" target=\"_blank\" ><img decoding=\"async\" src=\"https:\/\/www.lasalle.org\/wp-content\/plugins\/pdf-print\/images\/print.png\" alt=\"image_print\" title=\"Contenu imprim\u00e9\" \/><span class=\"pdfprnt-button-title pdfprnt-button-print-title\">PRINT<\/span><\/a><\/div><div class=\"fusion-fullwidth fullwidth-box fusion-builder-row-1 fusion-flex-container nonhundred-percent-fullwidth non-hundred-percent-height-scrolling\" style=\"--awb-border-radius-top-left:0px;--awb-border-radius-top-right:0px;--awb-border-radius-bottom-right:0px;--awb-border-radius-bottom-left:0px;--awb-flex-wrap:wrap;\" ><div class=\"fusion-builder-row fusion-row fusion-flex-align-items-flex-start fusion-flex-content-wrap\" style=\"max-width:1248px;margin-left: calc(-4% \/ 2 );margin-right: calc(-4% \/ 2 );\"><div class=\"fusion-layout-column fusion_builder_column fusion-builder-column-0 fusion_builder_column_1_1 1_1 fusion-flex-column\" style=\"--awb-bg-size:cover;--awb-width-large:100%;--awb-margin-top-large:0px;--awb-spacing-right-large:1.92%;--awb-margin-bottom-large:0px;--awb-spacing-left-large:1.92%;--awb-width-medium:100%;--awb-spacing-right-medium:1.92%;--awb-spacing-left-medium:1.92%;--awb-width-small:100%;--awb-spacing-right-small:1.92%;--awb-spacing-left-small:1.92%;\"><div class=\"fusion-column-wrapper fusion-flex-justify-content-flex-start fusion-content-layout-column\"><div class=\"fusion-text fusion-text-1\"><p><span style=\"font-weight: 400;\">En Colombie, le samedi 25 avril 2026, <\/span><b>les Fr\u00e8res Jes\u00fas Daniel Mosquera T\u00e9llez et Juan Diego Ram\u00edrez Gualdr\u00f3n, du District Lasallien de Bogota, donneront leur \u201coui\u201d d\u00e9finitif \u00e0 Dieu en tant que Fr\u00e8res des \u00c9coles Chr\u00e9tiennes.<\/b><\/p>\n<p><span style=\"font-weight: 400;\">La c\u00e9l\u00e9bration de leurs V\u0153ux Perp\u00e9tuels aura lieu dans la Chapelle Notre-Dame de l\u2019\u00c9toile, \u00e0 l\u2019Universit\u00e9 La Salle de Bogota, et r\u00e9unira le <\/span><b>Fr\u00e8re Armin Luistro<\/b><span style=\"font-weight: 400;\">, Sup\u00e9rieur G\u00e9n\u00e9ral, ainsi que le <\/span><b>Fr\u00e8re Rafael Cer\u00f3n<\/b><span style=\"font-weight: 400;\">, Conseiller G\u00e9n\u00e9ral, de m\u00eame qu\u2019un groupe important de Fr\u00e8res et de Lasalliens du District de Bogota.<\/span><\/p>\n<\/div><div class=\"fusion-title title fusion-title-1 fusion-sep-none fusion-title-text fusion-title-size-two\" style=\"--awb-text-color:var(--awb-custom17);--awb-font-size:22px;\"><h2 class=\"fusion-title-heading title-heading-left\" style=\"margin:0;font-size:1em;\"><b>\u00ab Dieu m\u2019appelle \u00e0 vivre en communion \u00bb<\/b><\/h2><\/div><div class=\"fusion-text fusion-text-2\"><p><img decoding=\"async\" class=\"alignright size-medium wp-image-125028\" src=\"https:\/\/www.lasalle.org\/wp-content\/uploads\/2026\/04\/5313-240x300.jpg\" alt=\"\" width=\"240\" height=\"300\" srcset=\"https:\/\/www.lasalle.org\/wp-content\/uploads\/2026\/04\/5313-200x250.jpg 200w, https:\/\/www.lasalle.org\/wp-content\/uploads\/2026\/04\/5313-240x300.jpg 240w, https:\/\/www.lasalle.org\/wp-content\/uploads\/2026\/04\/5313-400x500.jpg 400w, https:\/\/www.lasalle.org\/wp-content\/uploads\/2026\/04\/5313-600x750.jpg 600w, https:\/\/www.lasalle.org\/wp-content\/uploads\/2026\/04\/5313-768x960.jpg 768w, https:\/\/www.lasalle.org\/wp-content\/uploads\/2026\/04\/5313-800x1000.jpg 800w, https:\/\/www.lasalle.org\/wp-content\/uploads\/2026\/04\/5313-819x1024.jpg 819w, https:\/\/www.lasalle.org\/wp-content\/uploads\/2026\/04\/5313.jpg 1024w\" sizes=\"(max-width: 240px) 100vw, 240px\" \/><span style=\"font-weight: 400;\">Le Fr\u00e8re Jes\u00fas Daniel est n\u00e9 \u00e0 Gigante (Huila), dans le sud-ouest colombien, le 24 d\u00e9cembre 1996. <\/span><b>Il est ancien \u00e9l\u00e8ve de l\u2019\u00c9cole Normale Sup\u00e9rieure de Gigante<\/b><span style=\"font-weight: 400;\">, o\u00f9 il a connu les Fr\u00e8res de La Salle.<\/span><\/p>\n<p><span style=\"font-weight: 400;\">Avec le soutien de ses parents \u2014 Deysi T\u00e9llez et Ovidio Mosquera \u2014 il a commenc\u00e9 son parcours de formation au Postulat de San Jos\u00e9 de Guausa (Ch\u00eda, Cundinamarca) en janvier 2015. Il a ensuite poursuivi son chemin vocationnel au Pr\u00e9-noviciat du Lyc\u00e9e Fr\u00e8re Miguel, \u00e0 Bogota, <\/span><b>et il est entr\u00e9 au Noviciat, au Costa Rica, le 8 d\u00e9cembre 2017<\/b><span style=\"font-weight: 400;\">. Entre 2019 et 2021, il a effectu\u00e9 le Scolasticat, de nouveau \u00e0 Bogota, en int\u00e9grant les communaut\u00e9s des Institutions \u00c9ducatives de District Juan Luis Londo\u00f1o d\u2019abord, puis Rogelio Salmona, tout en achevant ses \u00e9tudes de Licence en \u00c9ducation Religieuse Scolaire \u00e0 l\u2019Universit\u00e9 La Salle.<\/span><\/p>\n<p><span style=\"font-weight: 400;\">\u00ab Mes convictions comme religieux lasallien naissent de la certitude que Dieu Trinit\u00e9 m\u2019appelle \u00e0 vivre en communion, \u00e0 <\/span><b>faire de ma vie un don pour les autres<\/b><span style=\"font-weight: 400;\"> et \u00e0 annoncer son amour, sp\u00e9cialement \u00e0 travers l\u2019\u00e9ducation \u00bb, explique le Fr\u00e8re Jes\u00fas Daniel.<\/span><\/p>\n<p><span style=\"font-weight: 400;\">\u00ab Je crois profond\u00e9ment en la dignit\u00e9 de chaque personne, en la force transformatrice de l\u2019\u00e9cole et en <\/span><b>la fraternit\u00e9 comme chemin concret pour rendre visible le Royaume de Dieu<\/b><span style=\"font-weight: 400;\"> \u00bb, ajoute-t-il.<\/span><\/p>\n<p><span style=\"font-weight: 400;\">C\u2019est pourquoi, comme religieux \u00e9ducateur, il veut <\/span><b>\u00eatre signe d\u2019esp\u00e9rance pour les enfants et les jeunes les plus pauvres<\/b><span style=\"font-weight: 400;\"> : \u00ab J\u2019aspire \u00e0 former des c\u0153urs sensibles, des esprits critiques et des \u00e2mes ouvertes \u00e0 Dieu ; je r\u00eave de communaut\u00e9s \u00e9ducatives o\u00f9 l\u2019on respire fraternit\u00e9, justice et respect de la vie, o\u00f9 chaque \u00e9l\u00e8ve se d\u00e9couvre aim\u00e9 et capable de transformer sa r\u00e9alit\u00e9. Je r\u00eave aussi d\u2019une vie communautaire authentique, o\u00f9 le partage quotidien soit t\u00e9moignage de foi, de joie et de don de soi, car \u201cnotre plus grand secret et tr\u00e9sor, c\u2019est d\u2019\u00eatre Fr\u00e8res\u201d. \u00bb<\/span><\/p>\n<p><b>Ces r\u00eaves se sont consolid\u00e9s<\/b> <b>petit \u00e0 petit<\/b><span style=\"font-weight: 400;\"> dans les diff\u00e9rentes \u0153uvres \u00e9ducatives o\u00f9 il a \u00e9t\u00e9 enseignant et coordinateur de la pastorale, notamment au Polytechnique \u00c1lvaro Gonz\u00e1lez Santana, dans la ville de Sogamoso, entre 2022 et 2024, et aujourd\u2019hui \u00e0 l\u2019Institution \u00e9ducative Dante Alighieri, \u00e0 San Vicente del Cagu\u00e1n \u2014 en Amazonie colombienne \u2014 o\u00f9 il exerce la fonction de Coordinateur du Vivre-ensemble et du D\u00e9veloppement Humain.<\/span><\/p>\n<\/div><div class=\"fusion-title title fusion-title-2 fusion-sep-none fusion-title-text fusion-title-size-two\" style=\"--awb-text-color:var(--awb-custom17);--awb-font-size:22px;\"><h2 class=\"fusion-title-heading title-heading-left\" style=\"margin:0;font-size:1em;\"><b>\u00ab Communiquer le d\u00e9sir de vivre et d\u2019aimer la vie, de nous d\u00e9couvrir fr\u00e8res \u00bb<\/b><\/h2><\/div><div class=\"fusion-text fusion-text-3\"><p><img decoding=\"async\" class=\"alignleft size-medium wp-image-125027\" src=\"https:\/\/www.lasalle.org\/wp-content\/uploads\/2026\/04\/IMG_1910-216x300.jpg\" alt=\"\" width=\"216\" height=\"300\" srcset=\"https:\/\/www.lasalle.org\/wp-content\/uploads\/2026\/04\/IMG_1910-200x277.jpg 200w, https:\/\/www.lasalle.org\/wp-content\/uploads\/2026\/04\/IMG_1910-216x300.jpg 216w, https:\/\/www.lasalle.org\/wp-content\/uploads\/2026\/04\/IMG_1910-400x555.jpg 400w, https:\/\/www.lasalle.org\/wp-content\/uploads\/2026\/04\/IMG_1910-600x832.jpg 600w, https:\/\/www.lasalle.org\/wp-content\/uploads\/2026\/04\/IMG_1910-738x1024.jpg 738w, https:\/\/www.lasalle.org\/wp-content\/uploads\/2026\/04\/IMG_1910-768x1065.jpg 768w, https:\/\/www.lasalle.org\/wp-content\/uploads\/2026\/04\/IMG_1910-800x1109.jpg 800w, https:\/\/www.lasalle.org\/wp-content\/uploads\/2026\/04\/IMG_1910-1108x1536.jpg 1108w, https:\/\/www.lasalle.org\/wp-content\/uploads\/2026\/04\/IMG_1910.jpg 1200w\" sizes=\"(max-width: 216px) 100vw, 216px\" \/><\/p>\n<p><span style=\"font-weight: 400;\">Pour sa part, le Fr\u00e8re Juan Diego est originaire de la ville frontali\u00e8re de C\u00facuta, pr\u00e8s du Venezuela, o\u00f9 il est n\u00e9 le 10 mars 1999. Il y a <\/span><b>\u00e9tudi\u00e9 \u00e0 l\u2019Institution \u00c9ducative Sacr\u00e9-C\u0153ur de J\u00e9sus<\/b><span style=\"font-weight: 400;\"> \u2014 dirig\u00e9e par les Fr\u00e8res des \u00c9coles chr\u00e9tiennes \u2014 d\u2019o\u00f9 il est sorti dipl\u00f4m\u00e9 comme Bachelier technique en conception et int\u00e9gration multim\u00e9dia, en 2015.<\/span><\/p>\n<p><span style=\"font-weight: 400;\">Il est entr\u00e9 au Postulat en 2016 \u2014 \u00e9galement \u00e0 San Jos\u00e9 de Guausa \u2014 puis a pass\u00e9 les deux ann\u00e9es suivantes au Pr\u00e9-noviciat du Lyc\u00e9e Fr\u00e8re Miguel. <\/span><b>En janvier 2019, il a commenc\u00e9 son ann\u00e9e de formation au Noviciat, au Costa Rica.<\/b><\/p>\n<p><span style=\"font-weight: 400;\">Apr\u00e8s avoir exerc\u00e9 son minist\u00e8re \u00e9ducatif et pastoral dans les communaut\u00e9s de Juan Luis Londo\u00f1o (2020), Rogelio Salmona (2021) et du Lyc\u00e9e Fr\u00e8re Miguel (2022), au cours du Scolasticat, p\u00e9riode durant laquelle il a \u00e9galement obtenu le dipl\u00f4me de Licence en \u00c9ducation Religieuse Scolaire, le Fr\u00e8re Juan Diego <\/span><b>a \u00e9t\u00e9 enseignant et coordinateur \u00e0 l\u2019Institution \u00e9ducative Dante Alighieri.<\/b><\/p>\n<p><span style=\"font-weight: 400;\">Il fait actuellement partie de la communaut\u00e9 des Fr\u00e8res de Tijuana, en Basse-Californie (Mexique), o\u00f9 il est enseignant au Centre de Formation Int\u00e9grale La Salle, li\u00e9 au <\/span><b><i>Mouvement Levain<\/i><\/b><span style=\"font-weight: 400;\">.<\/span><\/p>\n<p><span style=\"font-weight: 400;\">\u00ab En ce moment de ma vie, j\u2019ai d\u00e9cid\u00e9 de me consacrer \u00e0 Dieu \u201centi\u00e8rement\u201d et pour toute la vie \u00bb, affirme avec conviction le Fr\u00e8re Juan Diego, en \u00e9voquant une phrase inspirante attribu\u00e9e \u00e0 Fiodor Dosto\u00efevski : <\/span><b>\u00ab le secret de l\u2019existence humaine n\u2019est pas seulement de vivre, mais de savoir pourquoi l\u2019on vit \u00bb.<\/b><\/p>\n<p><span style=\"font-weight: 400;\">\u00ab Apr\u00e8s mon exp\u00e9rience au Cagu\u00e1n et celle que je vis au Mexique, ce qui me permet aujourd\u2019hui de me consacrer \u00e0 Dieu pour toute la vie, c\u2019est de savoir pourquoi je vis ; c\u2019est de savoir que j\u2019ai la possibilit\u00e9 de transmettre le d\u00e9sir de vivre et d\u2019aimer la vie, de r\u00eaver et de travailler pour ses r\u00eaves, de construire et de grandir avec les autres, de cesser de nous voir comme des ennemis et de nous d\u00e9couvrir fr\u00e8res, de <\/span><b>prendre conscience qu\u2019un autre monde est possible<\/b><span style=\"font-weight: 400;\">, qu\u2019une autre Colombie est possible \u00bb, poursuit le jeune religieux.<\/span><\/p>\n<p><span style=\"font-weight: 400;\">\u00ab Je d\u00e9sire profond\u00e9ment <\/span><b>que ma vie comme Fr\u00e8re continue d\u2019\u00eatre cette r\u00e9ponse \u00e0 la question du pourquoi je vis<\/b><span style=\"font-weight: 400;\"> et, ainsi, de continuer \u00e0 \u00eatre, peut-\u00eatre pour quelqu\u2019un, une raison de vivre et d\u2019esp\u00e9rer \u00bb, conclut le Fr\u00e8re Juan Diego.<\/span><\/p>\n<p><span style=\"font-weight: 400;\">Comme Lasalliens, <\/span><b>nous rendons gr\u00e2ce \u00e0 Dieu, avec le District de Bogota, pour la cons\u00e9cration d\u00e9finitive au Seigneur des Fr\u00e8res Jes\u00fas Daniel Mosquera et Juan Diego Ram\u00edrez.<\/b><span style=\"font-weight: 400;\"> Nous prions Saint Jean-Baptiste de La Salle d\u2019interc\u00e9der afin qu\u2019il continue \u00e0 fortifier leurs itin\u00e9raires \u00e9vang\u00e9liques et vocationnels, d\u2019engagement en engagement.<\/span><\/p>\n<\/div><div class=\"fusion-text fusion-text-4\" style=\"--awb-font-size:16px;\"><p><i><span style=\"font-weight: 400;\">* Article r\u00e9dig\u00e9 avec la collaboration du District de Bogota. Photos : archives priv\u00e9es.\u00a0<\/span><\/i><\/p>\n<\/div><\/div><\/div><\/div><\/div>\n","protected":false},"excerpt":{"rendered":"","protected":false},"author":9,"featured_media":125026,"comment_status":"closed","ping_status":"closed","sticky":false,"template":"","format":"standard","meta":{"_tec_requires_first_save":true,"_monsterinsights_skip_tracking":false,"_monsterinsights_sitenote_active":false,"_monsterinsights_sitenote_note":"","_monsterinsights_sitenote_category":0,"_EventAllDay":false,"_EventTimezone":"","_EventStartDate":"","_EventEndDate":"","_EventStartDateUTC":"","_EventEndDateUTC":"","_EventShowMap":false,"_EventShowMapLink":false,"_EventURL":"","_EventCost":"","_EventCostDescription":"","_EventCurrencySymbol":"","_EventCurrencyCode":"","_EventCurrencyPosition":"","_EventDateTimeSeparator":"","_EventTimeRangeSeparator":"","_EventOrganizerID":[],"_EventVenueID":[],"_OrganizerEmail":"","_OrganizerPhone":"","_OrganizerWebsite":"","_VenueAddress":"","_VenueCity":"","_VenueCountry":"","_VenueProvince":"","_VenueState":"","_VenueZip":"","_VenuePhone":"","_VenueURL":"","_VenueStateProvince":"","_VenueLat":"","_VenueLng":"","_VenueShowMap":false,"_VenueShowMapLink":false,"_tribe_blocks_recurrence_rules":"","_tribe_blocks_recurrence_description":"","_tribe_blocks_recurrence_exclusions":"","footnotes":""},"categories":[3368,3487],"tags":[],"class_list":["post-125032","post","type-post","status-publish","format-standard","has-post-thumbnail","hentry","category-nouvelles","category-relal-fr"],"_links":{"self":[{"href":"https:\/\/www.lasalle.org\/fr\/wp-json\/wp\/v2\/posts\/125032","targetHints":{"allow":["GET"]}}],"collection":[{"href":"https:\/\/www.lasalle.org\/fr\/wp-json\/wp\/v2\/posts"}],"about":[{"href":"https:\/\/www.lasalle.org\/fr\/wp-json\/wp\/v2\/types\/post"}],"author":[{"embeddable":true,"href":"https:\/\/www.lasalle.org\/fr\/wp-json\/wp\/v2\/users\/9"}],"replies":[{"embeddable":true,"href":"https:\/\/www.lasalle.org\/fr\/wp-json\/wp\/v2\/comments?post=125032"}],"version-history":[{"count":1,"href":"https:\/\/www.lasalle.org\/fr\/wp-json\/wp\/v2\/posts\/125032\/revisions"}],"predecessor-version":[{"id":125033,"href":"https:\/\/www.lasalle.org\/fr\/wp-json\/wp\/v2\/posts\/125032\/revisions\/125033"}],"wp:featuredmedia":[{"embeddable":true,"href":"https:\/\/www.lasalle.org\/fr\/wp-json\/wp\/v2\/media\/125026"}],"wp:attachment":[{"href":"https:\/\/www.lasalle.org\/fr\/wp-json\/wp\/v2\/media?parent=125032"}],"wp:term":[{"taxonomy":"category","embeddable":true,"href":"https:\/\/www.lasalle.org\/fr\/wp-json\/wp\/v2\/categories?post=125032"},{"taxonomy":"post_tag","embeddable":true,"href":"https:\/\/www.lasalle.org\/fr\/wp-json\/wp\/v2\/tags?post=125032"}],"curies":[{"name":"wp","href":"https:\/\/api.w.org\/{rel}","templated":true}]}}