{"id":125209,"date":"2026-04-30T12:40:28","date_gmt":"2026-04-30T10:40:28","guid":{"rendered":"https:\/\/www.lasalle.org\/?p=125209"},"modified":"2026-04-30T12:59:26","modified_gmt":"2026-04-30T10:59:26","slug":"aux-philippines-la-de-la-salle-university-dasmarinas-transforme-la-vie-de-jeunes-refugies-rohingyas","status":"publish","type":"post","link":"https:\/\/www.lasalle.org\/fr\/aux-philippines-la-de-la-salle-university-dasmarinas-transforme-la-vie-de-jeunes-refugies-rohingyas\/","title":{"rendered":"Aux Philippines, la De La Salle University-Dasmari\u00f1as transforme la vie de jeunes r\u00e9fugi\u00e9s Rohingyas"},"content":{"rendered":"<div class=\"pdfprnt-buttons pdfprnt-buttons-post pdfprnt-top-right\"><a href=\"https:\/\/www.lasalle.org\/fr\/wp-json\/wp\/v2\/posts\/125209?print=pdf\" class=\"pdfprnt-button pdfprnt-button-pdf\" target=\"_blank\" ><img decoding=\"async\" src=\"https:\/\/www.lasalle.org\/wp-content\/plugins\/pdf-print\/images\/pdf.png\" alt=\"image_pdf\" title=\"T\u00e9l\u00e9charger le PDF\" \/><span class=\"pdfprnt-button-title pdfprnt-button-pdf-title\">PDF<\/span><\/a><a href=\"https:\/\/www.lasalle.org\/fr\/wp-json\/wp\/v2\/posts\/125209?print=print\" class=\"pdfprnt-button pdfprnt-button-print\" target=\"_blank\" ><img decoding=\"async\" src=\"https:\/\/www.lasalle.org\/wp-content\/plugins\/pdf-print\/images\/print.png\" alt=\"image_print\" title=\"Contenu imprim\u00e9\" \/><span class=\"pdfprnt-button-title pdfprnt-button-print-title\">PRINT<\/span><\/a><\/div><div class=\"fusion-fullwidth fullwidth-box fusion-builder-row-1 fusion-flex-container nonhundred-percent-fullwidth non-hundred-percent-height-scrolling\" style=\"--awb-border-radius-top-left:0px;--awb-border-radius-top-right:0px;--awb-border-radius-bottom-right:0px;--awb-border-radius-bottom-left:0px;--awb-flex-wrap:wrap;\" ><div class=\"fusion-builder-row fusion-row fusion-flex-align-items-flex-start fusion-flex-content-wrap\" style=\"max-width:1248px;margin-left: calc(-4% \/ 2 );margin-right: calc(-4% \/ 2 );\"><div class=\"fusion-layout-column fusion_builder_column fusion-builder-column-0 fusion_builder_column_1_1 1_1 fusion-flex-column\" style=\"--awb-bg-size:cover;--awb-width-large:100%;--awb-margin-top-large:0px;--awb-spacing-right-large:1.92%;--awb-margin-bottom-large:0px;--awb-spacing-left-large:1.92%;--awb-width-medium:100%;--awb-spacing-right-medium:1.92%;--awb-spacing-left-medium:1.92%;--awb-width-small:100%;--awb-spacing-right-small:1.92%;--awb-spacing-left-small:1.92%;\"><div class=\"fusion-column-wrapper fusion-flex-justify-content-flex-start fusion-content-layout-column\"><div class=\"fusion-text fusion-text-1\"><p><a href=\"https:\/\/www.youtube.com\/watch?v=2ihF51O4w4Q\"><i><span style=\"font-weight: 400;\">\u00ab L\u00e0 o\u00f9 le c\u0153ur trouve un foyer \u00bb<\/span><\/i><\/a> <i><span style=\"font-weight: 400;\">(\u00ab Where the heart finds a home \u00bb)<\/span><\/i><span style=\"font-weight: 400;\"> est le titre de la derni\u00e8re histoire publi\u00e9e par la <\/span><a href=\"https:\/\/www.dlsud.edu.ph\/\"><span style=\"font-weight: 400;\">De La Salle University-Damari\u00f1as<\/span><\/a><span style=\"font-weight: 400;\">, en format vid\u00e9o, dans le cadre du <\/span><a href=\"https:\/\/www.facebook.com\/profile.php?id=61562432970199\"><i><span style=\"font-weight: 400;\">Festival de la Mission Lasallienne<\/span><\/i><\/a><span style=\"font-weight: 400;\">* <\/span><i><span style=\"font-weight: 400;\">(Lasallian Mission Festival)<\/span><\/i><span style=\"font-weight: 400;\">, qui se tient cette semaine afin de r\u00e9fl\u00e9chir \u00e0 la mani\u00e8re dont <\/span><b>la Mission Lasallienne continue de transformer des vies, en particulier celles de personnes marqu\u00e9es par le conflit et l\u2019exil.<\/b><\/p>\n<p><span style=\"font-weight: 400;\">\u00ab Plus qu\u2019une s\u00e9rie d\u2019activit\u00e9s, le Festival est une invitation \u00e0 renouveler notre engagement envers la Mission Lasallienne : former des communaut\u00e9s qui d\u00e9fendent la dignit\u00e9 humaine, promeuvent l\u2019inclusion et r\u00e9pondent concr\u00e8tement aux besoins de notre \u00e9poque \u00bb, explique le directeur de la Mission Lasallienne, Jose Ritche. Dans ce sens, ajoute-t-il, \u00ab les histoires d\u2019Ash et de Lio ont \u00e9t\u00e9 partag\u00e9es comme de puissants t\u00e9moignages d\u2019esp\u00e9rance, de r\u00e9silience et d\u2019accompagnement, nous rappelant que <\/span><b>la Mission Lasallienne va au-del\u00e0 de la salle de classe et se concr\u00e9tise dans la mani\u00e8re dont nous accueillons, accompagnons et rendons les autres acteurs de leur propre vie <\/b><span style=\"font-weight: 400;\">\u00bb.<\/span><\/p>\n<p><span style=\"font-weight: 400;\">En effet, le court m\u00e9trage \u2014 d\u2019une dur\u00e9e de 13\u00a0 minutes 02 secondes, en anglais \u2014 pr\u00e9sente l\u2019histoire de <\/span><b>Shafiul Kader (Lio) et d\u2019Asmatullah (Ash), deux jeunes originaires du Myanmar qui ont migr\u00e9 en Malaisie d\u00e8s leur enfance<\/b><span style=\"font-weight: 400;\"> avec leurs familles, fuyant la pers\u00e9cution et la violence \u00e0 l\u2019encontre des Rohingyas.<\/span><\/p>\n<\/div><div class=\"fusion-title title fusion-title-1 fusion-sep-none fusion-title-text fusion-title-size-two\" style=\"--awb-text-color:var(--awb-custom17);--awb-font-size:22px;\"><h2 class=\"fusion-title-heading title-heading-left\" style=\"margin:0;font-size:1em;\"><b>Une communaut\u00e9 apatride et pers\u00e9cut\u00e9e<\/b><\/h2><\/div><div class=\"fusion-text fusion-text-2\"><p><span style=\"font-weight: 400;\"><img decoding=\"async\" class=\"alignright size-medium wp-image-125201\" src=\"https:\/\/www.lasalle.org\/wp-content\/uploads\/2026\/04\/STRATCOM-12-300x169.jpg\" alt=\"\" width=\"300\" height=\"169\" srcset=\"https:\/\/www.lasalle.org\/wp-content\/uploads\/2026\/04\/STRATCOM-12-200x112.jpg 200w, https:\/\/www.lasalle.org\/wp-content\/uploads\/2026\/04\/STRATCOM-12-300x169.jpg 300w, https:\/\/www.lasalle.org\/wp-content\/uploads\/2026\/04\/STRATCOM-12-400x225.jpg 400w, https:\/\/www.lasalle.org\/wp-content\/uploads\/2026\/04\/STRATCOM-12-600x337.jpg 600w, https:\/\/www.lasalle.org\/wp-content\/uploads\/2026\/04\/STRATCOM-12-768x432.jpg 768w, https:\/\/www.lasalle.org\/wp-content\/uploads\/2026\/04\/STRATCOM-12-800x450.jpg 800w, https:\/\/www.lasalle.org\/wp-content\/uploads\/2026\/04\/STRATCOM-12-1200x675.jpg 1200w, https:\/\/www.lasalle.org\/wp-content\/uploads\/2026\/04\/STRATCOM-12-1536x864.jpg 1536w, https:\/\/www.lasalle.org\/wp-content\/uploads\/2026\/04\/STRATCOM-12-1800x1012.jpg 1800w\" sizes=\"(max-width: 300px) 100vw, 300px\" \/><\/span><span style=\"font-weight: 400;\">Le conflit des Rohingyas a laiss\u00e9 cette communaut\u00e9 apatride et expos\u00e9e \u00e0 la pers\u00e9cution. <\/span><b>En 2017, la violence militaire a contraint plus de 700 000 Rohingyas \u00e0 fuir vers le Bangladesh.<\/b><\/p>\n<p><span style=\"font-weight: 400;\">\u00ab Quand j\u2019avais environ sept ans, j\u2019ai d\u00e9m\u00e9nag\u00e9 en Malaisie avec mes parents \u2014 se souvient Lio. J\u2019y ai donc \u00e9tudi\u00e9 et termin\u00e9 mes \u00e9tudes secondaires. Quand j\u2019\u00e9tais petit, je voulais devenir footballeur. Lionel Messi, le meilleur joueur de tous les temps, m\u2019inspirait. Depuis, j\u2019aime regarder et jouer au football. Mais <\/span><b>comme je n\u2019ai pas de pays, j\u2019ai laiss\u00e9 ce r\u00eave s\u2019\u00e9teindre<\/b><span style=\"font-weight: 400;\"> \u00bb.<\/span><\/p>\n<p><span style=\"font-weight: 400;\">\u00ab Lorsque la guerre a \u00e9clat\u00e9 en 2017, toute ma famille a d\u00fb fuir le pays et se r\u00e9fugier au Bangladesh \u2014 poursuit Lio. Aujourd\u2019hui, ils vivent tous dans des camps de r\u00e9fugi\u00e9s au Bangladesh. Et la vie y est tr\u00e8s dure. Quand j\u2019y pense\u2026 je me sens tr\u00e8s mal (\u2026). <\/span><b>Plusieurs familles partagent une seule salle de bain (\u2026) et vivent sous des tentes. Quand il pleut, le sol devient tr\u00e8s boueux<\/b><span style=\"font-weight: 400;\"> \u00bb.<\/span><\/p>\n<p><span style=\"font-weight: 400;\">Ash, de son c\u00f4t\u00e9, a migr\u00e9 en Malaisie alors qu\u2019il \u00e9tait tr\u00e8s jeune, vers cinq ou six ans. \u00ab Je ne comprenais pas vraiment ce qui se passait au Myanmar \u00bb, explique-t-il. <\/span><span style=\"font-weight: 400;\"><br \/>\n<\/span><span style=\"font-weight: 400;\">\u00ab<\/span><b> J\u2019ai demand\u00e9 \u00e0 mes parents pourquoi nous \u00e9tions venus ici. Ils m\u2019ont dit que c\u2019\u00e9tait \u00e0 cause de la guerre. <\/b><span style=\"font-weight: 400;\">Tout le monde cherche \u00e0 sauver sa vie \u00bb.<\/span><\/p>\n<p><span style=\"font-weight: 400;\">La barri\u00e8re de la langue a \u00e9t\u00e9 l\u2019un de leurs premiers d\u00e9fis : \u00ab Au d\u00e9but, c\u2019\u00e9tait difficile, car je voulais communiquer avec les gens d\u2019ici. Ils s\u2019en prenaient \u00e0 nous (\u2026). Chaque fois que nous allions jouer au football, on nous disait que nous ne pouvions pas jouer l\u00e0, parce que nous n\u2019\u00e9tions pas du pays (\u2026). Nous avons affront\u00e9 de nombreuses difficult\u00e9s, comme le harc\u00e8lement et les critiques, mais <b>en grandissant, nous avons appris leur langue et commenc\u00e9 \u00e0 nous faire des amis<\/b>. Ils ont commenc\u00e9 \u00e0 nous accepter, m\u00eame si ce n\u2019\u00e9tait pas le cas de tous \u00bb.<br \/>\n<\/span><\/p>\n<\/div><div class=\"fusion-title title fusion-title-2 fusion-sep-none fusion-title-text fusion-title-size-two\" style=\"--awb-text-color:var(--awb-custom17);--awb-font-size:22px;\"><h2 class=\"fusion-title-heading title-heading-left\" style=\"margin:0;font-size:1em;\"><b>Une lueur d\u2019espoir gr\u00e2ce \u00e0 l\u2019\u00e9ducation<\/b><\/h2><\/div><div class=\"fusion-text fusion-text-3\"><div id=\"attachment_125203\" style=\"width: 310px\" class=\"wp-caption alignleft\"><img decoding=\"async\" aria-describedby=\"caption-attachment-125203\" class=\"size-medium wp-image-125203\" src=\"https:\/\/www.lasalle.org\/wp-content\/uploads\/2026\/04\/Ash_STRATCOM-12-2-300x169.jpg\" alt=\"\" width=\"300\" height=\"169\" srcset=\"https:\/\/www.lasalle.org\/wp-content\/uploads\/2026\/04\/Ash_STRATCOM-12-2-200x112.jpg 200w, https:\/\/www.lasalle.org\/wp-content\/uploads\/2026\/04\/Ash_STRATCOM-12-2-300x169.jpg 300w, https:\/\/www.lasalle.org\/wp-content\/uploads\/2026\/04\/Ash_STRATCOM-12-2-400x225.jpg 400w, https:\/\/www.lasalle.org\/wp-content\/uploads\/2026\/04\/Ash_STRATCOM-12-2-600x337.jpg 600w, https:\/\/www.lasalle.org\/wp-content\/uploads\/2026\/04\/Ash_STRATCOM-12-2-768x432.jpg 768w, https:\/\/www.lasalle.org\/wp-content\/uploads\/2026\/04\/Ash_STRATCOM-12-2-800x450.jpg 800w, https:\/\/www.lasalle.org\/wp-content\/uploads\/2026\/04\/Ash_STRATCOM-12-2-1200x675.jpg 1200w, https:\/\/www.lasalle.org\/wp-content\/uploads\/2026\/04\/Ash_STRATCOM-12-2-1536x864.jpg 1536w, https:\/\/www.lasalle.org\/wp-content\/uploads\/2026\/04\/Ash_STRATCOM-12-2-1800x1012.jpg 1800w\" sizes=\"(max-width: 300px) 100vw, 300px\" \/><p id=\"caption-attachment-125203\" class=\"wp-caption-text\"><span style=\"font-size: 8pt;\">Ash<\/span><\/p><\/div>\n<p>Les Rohingyas restent l\u2019un des plus grands groupes apatrides au monde. Certains pays leur offrent un refuge, mais pas une pleine citoyennet\u00e9. Pourtant, Lio et Ash n\u2019ont pas perdu espoir et <b>ont int\u00e9gr\u00e9 le <\/b><a href=\"https:\/\/www.unhcr.org\/ph\/complementary-pathways\"><b>programme <\/b><b><i>Complementary Pathways<\/i><\/b><b> (CPath) aux Philippines<\/b><\/a><b>, promu par les Nations unies<\/b>, qui vise \u00e0 offrir \u00e0 des r\u00e9fugi\u00e9s Rohingyas d\u00e9plac\u00e9s en Asie du Sud-Est une voie s\u00fbre et r\u00e9gul\u00e9e d\u2019admission et de s\u00e9jour aux Philippines par le biais de l\u2019\u00e9ducation, afin de r\u00e9pondre \u00e0 leurs besoins de protection et de garantir leurs droits fondamentaux.<\/p>\n<p><span style=\"font-weight: 400;\">\u00ab C\u2019est le Haut-Commissariat des Nations unies pour les r\u00e9fugi\u00e9s (UNHCR) qui a pris contact avec plusieurs universit\u00e9s aux Philippines, parmi lesquelles le Columban College et <\/span><a href=\"https:\/\/www.delasalle.ph\/\"><span style=\"font-weight: 400;\">De La Salle Brothers, Inc. (DLSBI)<\/span><\/a><span style=\"font-weight: 400;\"> \u00bb, explique Jose Ritche. \u00ab \u00c0 partir de ce r\u00e9seau initial, l\u2019initiative s\u2019est transform\u00e9e en un consortium aujourd\u2019hui appel\u00e9 <\/span><i><span style=\"font-weight: 400;\">Pathways Pilipinas<\/span><\/i><span style=\"font-weight: 400;\">, un collectif d\u2019institutions \u00e9ducatives qui mettent en \u0153uvre le programme CPath aux Philippines \u00bb, dont fait partie la <\/span><a href=\"https:\/\/www.dlsud.edu.ph\/\"><span style=\"font-weight: 400;\">De La Salle University-Damari\u00f1as<\/span><\/a><span style=\"font-weight: 400;\">**.<\/span><\/p>\n<p><span style=\"font-weight: 400;\">\u00ab Quand j\u2019ai appris l\u2019existence de ce programme, j\u2019ai \u00e9t\u00e9 tr\u00e8s heureux, car j\u2019ai eu le sentiment d\u2019avoir une chance de changer mon avenir \u00bb, affirme Ash avec enthousiasme. \u00ab Je veux briser ce cycle, celui d\u2019\u00eatre r\u00e9fugi\u00e9. Je viens d\u2019une famille o\u00f9 personne n\u2019\u00e9tait all\u00e9 \u00e0 l\u2019universit\u00e9. <\/span><b>Je suis donc le premier \u00e0 obtenir un dipl\u00f4me universitaire, ici dans mon universit\u00e9<\/b><span style=\"font-weight: 400;\"> \u00bb.<\/span><\/p>\n<p><span style=\"font-weight: 400;\">De son c\u00f4t\u00e9, Lio confie : \u00ab Je suis tr\u00e8s reconnaissant pour cette opportunit\u00e9. C\u2019est quelque chose de tr\u00e8s rare. <\/span><b>Les Philippines sont le seul pays \u00e0 avoir accord\u00e9 des bourses aux r\u00e9fugi\u00e9s Rohingyas vivant en Malaisie et au Bangladesh.<\/b><span style=\"font-weight: 400;\"> Quand j\u2019aurai termin\u00e9 mes \u00e9tudes, j\u2019esp\u00e8re pouvoir rendre quelque chose \u00e0 la communaut\u00e9 de La Salle \u00bb, dit-il.<\/span><\/p>\n<p><span style=\"font-weight: 400;\">En tant que boursiers du programme CPath, Lio et Ash <\/span><b>b\u00e9n\u00e9ficient du soutien de la De La Salle University-Dasmari\u00f1as pour suivre des \u00e9tudes sup\u00e9rieures<\/b><span style=\"font-weight: 400;\">, ainsi que d\u2019une allocation mensuelle pour leurs frais de subsistance, de leur participation \u00e0 d\u2019autres programmes de d\u00e9veloppement et d\u2019un h\u00e9bergement gratuit dans les r\u00e9sidences universitaires.<\/span><\/p>\n<p><span style=\"font-weight: 400;\">\u00ab<\/span><b> Lorsque notre Universit\u00e9 a r\u00e9pondu \u00e0 l\u2019appel pour participer \u00e0 cette initiative, elle a reconnu une invitation de plus en plus forte \u00e0 embrasser l\u2019inclusion et la diversit\u00e9<\/b><span style=\"font-weight: 400;\">. Les Rohingyas sont la population la plus touch\u00e9e et la plus nombreuse \u00e0 avoir \u00e9t\u00e9 priv\u00e9e de citoyennet\u00e9 et pers\u00e9cut\u00e9e \u00bb, souligne le directeur de la Mission Lasallienne.<\/span><\/p>\n<\/div><div class=\"fusion-title title fusion-title-3 fusion-sep-none fusion-title-text fusion-title-size-two\" style=\"--awb-text-color:var(--awb-custom17);--awb-font-size:22px;\"><h2 class=\"fusion-title-heading title-heading-left\" style=\"margin:0;font-size:1em;\"><b>Ensemble comme une seule Famille Lasallienne<\/b><\/h2><\/div><div class=\"fusion-text fusion-text-4\"><div id=\"attachment_125204\" style=\"width: 310px\" class=\"wp-caption alignright\"><img decoding=\"async\" aria-describedby=\"caption-attachment-125204\" class=\"size-medium wp-image-125204\" src=\"https:\/\/www.lasalle.org\/wp-content\/uploads\/2026\/04\/Lio_STRATCOM-26-2-300x169.jpg\" alt=\"\" width=\"300\" height=\"169\" srcset=\"https:\/\/www.lasalle.org\/wp-content\/uploads\/2026\/04\/Lio_STRATCOM-26-2-200x112.jpg 200w, https:\/\/www.lasalle.org\/wp-content\/uploads\/2026\/04\/Lio_STRATCOM-26-2-300x169.jpg 300w, https:\/\/www.lasalle.org\/wp-content\/uploads\/2026\/04\/Lio_STRATCOM-26-2-400x225.jpg 400w, https:\/\/www.lasalle.org\/wp-content\/uploads\/2026\/04\/Lio_STRATCOM-26-2-600x337.jpg 600w, https:\/\/www.lasalle.org\/wp-content\/uploads\/2026\/04\/Lio_STRATCOM-26-2-768x432.jpg 768w, https:\/\/www.lasalle.org\/wp-content\/uploads\/2026\/04\/Lio_STRATCOM-26-2-800x450.jpg 800w, https:\/\/www.lasalle.org\/wp-content\/uploads\/2026\/04\/Lio_STRATCOM-26-2-1200x675.jpg 1200w, https:\/\/www.lasalle.org\/wp-content\/uploads\/2026\/04\/Lio_STRATCOM-26-2-1536x864.jpg 1536w, https:\/\/www.lasalle.org\/wp-content\/uploads\/2026\/04\/Lio_STRATCOM-26-2-1800x1012.jpg 1800w\" sizes=\"(max-width: 300px) 100vw, 300px\" \/><p id=\"caption-attachment-125204\" class=\"wp-caption-text\"><span style=\"font-size: 8pt;\">Lio<\/span><\/p><\/div>\n<p>En participant aux programmes d\u2019\u00e9tudes propos\u00e9s, les jeunes Rohingyas s\u2019ins\u00e8rent non seulement dans l\u2019environnement \u00e9ducatif de qualit\u00e9 propos\u00e9 par l\u2019Universit\u00e9, mais ils sont aussi accueillis avec chaleur et fraternit\u00e9, encourag\u00e9s \u00e0 repenser leur avenir et \u00e0 r\u00eaver en grand. C\u2019est pourquoi \u00ab leurs histoires font partie du Festival de la Mission Lasallienne cette ann\u00e9e, offrant \u00e0 la communaut\u00e9 <b>un t\u00e9moignage vivant de ce que signifie faire de l\u2019esp\u00e9rance une r\u00e9alit\u00e9 : ensemble, comme une seule famille lasallienne <\/b>\u00bb, souligne Jose Ritche.<\/p>\n<p><span style=\"font-weight: 400;\">Lio aspire \u00e0 devenir sp\u00e9cialiste en informatique. Gr\u00e2ce \u00e0 sa formation, il esp\u00e8re obtenir un emploi bien r\u00e9mun\u00e9r\u00e9 \u00ab pour subvenir \u00e0 mes besoins et \u00e0 ceux de ma famille. Je vais \u00e9tudier dur et les rendre fiers \u00bb. \u00ab<\/span><b> Mon r\u00eave est de r\u00e9unir toute ma famille en un seul endroit (\u2026) en Malaisie, quelque part.<\/b><span style=\"font-weight: 400;\"> Pour cela, je dois gagner beaucoup d\u2019argent. Et bien s\u00fbr, obtenir la citoyennet\u00e9 d\u2019un pays. La seule chose qui nous manque par rapport aux autres, \u00e0 ceux qui ont un pays, c\u2019est la libert\u00e9 \u2014 la libert\u00e9 de circuler vers d\u2019autres pays. En tant que r\u00e9fugi\u00e9s, nous ne pouvons pas voyager \u00e0 l\u2019\u00e9tranger \u00bb.<\/span><\/p>\n<p><span style=\"font-weight: 400;\">Ash souhaite travailler comme analyste de donn\u00e9es. \u00ab<\/span><b> Je pense aussi cr\u00e9er ma propre entreprise <\/b><span style=\"font-weight: 400;\">\u00bb. \u00c0 travers son travail, il esp\u00e8re disposer des moyens n\u00e9cessaires pour s\u2019occuper de ses parents : \u00ab ils m\u2019ont tant donn\u00e9 et j\u2019aimerais leur rendre quelque chose. Ils m\u2019ont toujours soutenu, m\u00eame dans les moments o\u00f9 nous avions des difficult\u00e9s \u00e9conomiques (\u2026). Je ferai de mon mieux pour les aider \u00bb.<\/span><\/p>\n<p><span style=\"font-weight: 400;\">\u00ab Continuer \u00e0 r\u00eaver \u00bb, \u00ab \u00e9tudier et travailler dur \u00bb, \u00ab soutenir ma famille et ma communaut\u00e9 \u00bb. Les t\u00e9moignages de Lio et d\u2019Ash \u00e9meuvent et inspirent. Ils savent qu\u2019<\/span><b>ils<\/b> <b>peuvent compter sur toute la communaut\u00e9 de la De La Salle University-Dasmari\u00f1as pour \u00e9crire une nouvelle page de leur histoire.<\/b><\/p>\n<p><span style=\"font-weight: 400;\">\u00ab Aidez ceux qui en ont besoin et rendez-les fiers. Et croyez en vous. Bien s\u00fbr que vous pouvez y arriver. <\/span><b>Peu importe d\u2019o\u00f9 vous venez. Croyez aussi en Dieu et continuez \u00e0 travailler dur \u00bb,<\/b><span style=\"font-weight: 400;\"> conseille Lio.<\/span><\/p>\n<p><span style=\"font-weight: 400;\">\u00ab<\/span><b> Prenez la vie au s\u00e9rieux. N\u2019oubliez pas que des personnes comptent sur vous<\/b><span style=\"font-weight: 400;\"> : vos parents, vos fr\u00e8res et s\u0153urs et toute votre famille. Et n\u2019oubliez pas votre \u00e9cole, vos enseignants. Ils ont toujours cru en vous. Alors rendez-les fiers \u00bb, ajoute Ash.<\/span><\/p>\n<p><span style=\"font-weight: 400;\">Au c\u0153ur du conflit qui continue de toucher leur peuple, les Rohingyas s\u2019accrochent \u00e0 l\u2019espoir de pouvoir un jour <\/span><b>trouver un lieu \u00e0 appeler leur foyer<\/b><span style=\"font-weight: 400;\">. Un foyer comme celui qu\u2019ils ont trouv\u00e9 \u00e0 La Salle, o\u00f9 \u00ab tout est li\u00e9 \u00bb, y compris les r\u00eaves partag\u00e9s.<\/span><\/p>\n<\/div><div class=\"fusion-title title fusion-title-4 fusion-sep-none fusion-title-text fusion-title-size-two\" style=\"--awb-text-color:var(--awb-custom17);--awb-font-size:22px;\"><h2 class=\"fusion-title-heading title-heading-left\" style=\"margin:0;font-size:1em;\"><b><i>Nous vous invitons \u00e0 visionner la vid\u00e9o produite par la De La Salle University-Dasmari\u00f1as<\/i><\/b><span style=\"font-weight: 400;\"> :<\/span><\/h2><\/div><div class=\"fusion-video fusion-youtube\" style=\"--awb-max-width:1000px;--awb-max-height:650px;--awb-align-self:center;--awb-width:100%;\"><div class=\"video-shortcode\"><div class=\"fluid-width-video-wrapper\" style=\"padding-top:65%;\" ><iframe title=\"YouTube video player 1\" src=\"https:\/\/www.youtube.com\/embed\/2ihF51O4w4Q?wmode=transparent&autoplay=0\" width=\"1000\" height=\"650\" allowfullscreen allow=\"autoplay; clipboard-write; encrypted-media; gyroscope; picture-in-picture;\"><\/iframe><\/div><\/div><\/div><div class=\"fusion-separator fusion-full-width-sep\" style=\"align-self: center;margin-left: auto;margin-right: auto;margin-top:10px;margin-bottom:10px;width:100%;\"><div class=\"fusion-separator-border sep-single sep-solid\" style=\"--awb-height:20px;--awb-amount:20px;border-color:#e0dede;border-top-width:1px;\"><\/div><\/div><div class=\"fusion-text fusion-text-5\" style=\"--awb-font-size:14px;\"><p><span style=\"font-weight: 400;\">* <\/span><i><span style=\"font-weight: 400;\">Le <\/span><\/i><a href=\"https:\/\/www.facebook.com\/profile.php?id=61562432970199\"><i><span style=\"font-weight: 400;\">Festival de la Mission Lasallienne<\/span><\/i><\/a><i><span style=\"font-weight: 400;\"> est la c\u00e9l\u00e9bration annuelle de l\u2019identit\u00e9 lasallienne de l\u2019Universit\u00e9, rassemblant toute la communaut\u00e9 acad\u00e9mique dans une exp\u00e9rience partag\u00e9e de foi, de service et de communion. Fond\u00e9 sur le th\u00e8me <\/span><\/i><i><span style=\"font-weight: 400;\"><br \/>\n<\/span><\/i><i><span style=\"font-weight: 400;\">\u00ab Fratres in Unum : Foi en communion, mission en action \u00bb, le LMF 2026 souligne que <\/span><\/i><b><i>notre mission prend tout son sens dans la relation \u2014 avec Dieu et entre nous \u2014, en particulier avec les plus marginalis\u00e9s.<\/i><\/b><\/p>\n<\/div><div class=\"fusion-text fusion-text-6\" style=\"--awb-font-size:14px;\"><p><span style=\"font-weight: 400;\">**<\/span><i><span style=\"font-weight: 400;\"> Le consortium Pathways Pilipinas est actuellement compos\u00e9 de De La Salle Philippines (De La Salle Brothers, Inc.) \u2014 \u00e0 travers son Unit\u00e9 d\u2019Action Sociale (SAU), qui coordonne le r\u00e9seau \u2014, De La Salle Araneta University, University of St. La Salle, De La Salle University\u2013Dasmari\u00f1as, Columban College Incorporated, San Beda University, St. Louis University et Tarlac State University.<\/span><\/i><\/p>\n<\/div><div class=\"fusion-text fusion-text-7\" style=\"--awb-font-size:14px;\"><p><i><span style=\"font-weight: 400;\">Article r\u00e9dig\u00e9 avec la collaboration de De La Salle University-Dasmari\u00f1as.<\/span><\/i><\/p>\n<\/div><\/div><\/div><\/div><\/div>\n","protected":false},"excerpt":{"rendered":"","protected":false},"author":9,"featured_media":125198,"comment_status":"closed","ping_status":"closed","sticky":false,"template":"","format":"standard","meta":{"_tec_requires_first_save":true,"_monsterinsights_skip_tracking":false,"_monsterinsights_sitenote_active":false,"_monsterinsights_sitenote_note":"","_monsterinsights_sitenote_category":0,"_EventAllDay":false,"_EventTimezone":"","_EventStartDate":"","_EventEndDate":"","_EventStartDateUTC":"","_EventEndDateUTC":"","_EventShowMap":false,"_EventShowMapLink":false,"_EventURL":"","_EventCost":"","_EventCostDescription":"","_EventCurrencySymbol":"","_EventCurrencyCode":"","_EventCurrencyPosition":"","_EventDateTimeSeparator":"","_EventTimeRangeSeparator":"","_EventOrganizerID":[],"_EventVenueID":[],"_OrganizerEmail":"","_OrganizerPhone":"","_OrganizerWebsite":"","_VenueAddress":"","_VenueCity":"","_VenueCountry":"","_VenueProvince":"","_VenueState":"","_VenueZip":"","_VenuePhone":"","_VenueURL":"","_VenueStateProvince":"","_VenueLat":"","_VenueLng":"","_VenueShowMap":false,"_VenueShowMapLink":false,"_tribe_blocks_recurrence_rules":"","_tribe_blocks_recurrence_description":"","_tribe_blocks_recurrence_exclusions":"","footnotes":""},"categories":[3368,3445],"tags":[],"class_list":["post-125209","post","type-post","status-publish","format-standard","has-post-thumbnail","hentry","category-nouvelles","category-parc-fr"],"_links":{"self":[{"href":"https:\/\/www.lasalle.org\/fr\/wp-json\/wp\/v2\/posts\/125209","targetHints":{"allow":["GET"]}}],"collection":[{"href":"https:\/\/www.lasalle.org\/fr\/wp-json\/wp\/v2\/posts"}],"about":[{"href":"https:\/\/www.lasalle.org\/fr\/wp-json\/wp\/v2\/types\/post"}],"author":[{"embeddable":true,"href":"https:\/\/www.lasalle.org\/fr\/wp-json\/wp\/v2\/users\/9"}],"replies":[{"embeddable":true,"href":"https:\/\/www.lasalle.org\/fr\/wp-json\/wp\/v2\/comments?post=125209"}],"version-history":[{"count":1,"href":"https:\/\/www.lasalle.org\/fr\/wp-json\/wp\/v2\/posts\/125209\/revisions"}],"predecessor-version":[{"id":125210,"href":"https:\/\/www.lasalle.org\/fr\/wp-json\/wp\/v2\/posts\/125209\/revisions\/125210"}],"wp:featuredmedia":[{"embeddable":true,"href":"https:\/\/www.lasalle.org\/fr\/wp-json\/wp\/v2\/media\/125198"}],"wp:attachment":[{"href":"https:\/\/www.lasalle.org\/fr\/wp-json\/wp\/v2\/media?parent=125209"}],"wp:term":[{"taxonomy":"category","embeddable":true,"href":"https:\/\/www.lasalle.org\/fr\/wp-json\/wp\/v2\/categories?post=125209"},{"taxonomy":"post_tag","embeddable":true,"href":"https:\/\/www.lasalle.org\/fr\/wp-json\/wp\/v2\/tags?post=125209"}],"curies":[{"name":"wp","href":"https:\/\/api.w.org\/{rel}","templated":true}]}}