{"id":125220,"date":"2026-04-30T14:44:33","date_gmt":"2026-04-30T12:44:33","guid":{"rendered":"https:\/\/www.lasalle.org\/?p=125220"},"modified":"2026-04-30T14:51:40","modified_gmt":"2026-04-30T12:51:40","slug":"rapport-special-la-mission-lasallienne-a-cuba","status":"publish","type":"post","link":"https:\/\/www.lasalle.org\/fr\/rapport-special-la-mission-lasallienne-a-cuba\/","title":{"rendered":"Rapport sp\u00e9cial : La mission lasallienne \u00e0 Cuba"},"content":{"rendered":"<div class=\"pdfprnt-buttons pdfprnt-buttons-post pdfprnt-top-right\"><a href=\"https:\/\/www.lasalle.org\/fr\/wp-json\/wp\/v2\/posts\/125220?print=pdf\" class=\"pdfprnt-button pdfprnt-button-pdf\" target=\"_blank\" ><img decoding=\"async\" src=\"https:\/\/www.lasalle.org\/wp-content\/plugins\/pdf-print\/images\/pdf.png\" alt=\"image_pdf\" title=\"T\u00e9l\u00e9charger le PDF\" \/><span class=\"pdfprnt-button-title pdfprnt-button-pdf-title\">PDF<\/span><\/a><a href=\"https:\/\/www.lasalle.org\/fr\/wp-json\/wp\/v2\/posts\/125220?print=print\" class=\"pdfprnt-button pdfprnt-button-print\" target=\"_blank\" ><img decoding=\"async\" src=\"https:\/\/www.lasalle.org\/wp-content\/plugins\/pdf-print\/images\/print.png\" alt=\"image_print\" title=\"Contenu imprim\u00e9\" \/><span class=\"pdfprnt-button-title pdfprnt-button-print-title\">PRINT<\/span><\/a><\/div><div class=\"fusion-fullwidth fullwidth-box fusion-builder-row-1 fusion-flex-container nonhundred-percent-fullwidth non-hundred-percent-height-scrolling\" style=\"--awb-border-radius-top-left:0px;--awb-border-radius-top-right:0px;--awb-border-radius-bottom-right:0px;--awb-border-radius-bottom-left:0px;--awb-flex-wrap:wrap;\" ><div class=\"fusion-builder-row fusion-row fusion-flex-align-items-flex-start fusion-flex-content-wrap\" style=\"max-width:1248px;margin-left: calc(-4% \/ 2 );margin-right: calc(-4% \/ 2 );\"><div class=\"fusion-layout-column fusion_builder_column fusion-builder-column-0 fusion_builder_column_1_1 1_1 fusion-flex-column\" style=\"--awb-bg-size:cover;--awb-width-large:100%;--awb-margin-top-large:0px;--awb-spacing-right-large:1.92%;--awb-margin-bottom-large:0px;--awb-spacing-left-large:1.92%;--awb-width-medium:100%;--awb-spacing-right-medium:1.92%;--awb-spacing-left-medium:1.92%;--awb-width-small:100%;--awb-spacing-right-small:1.92%;--awb-spacing-left-small:1.92%;\"><div class=\"fusion-column-wrapper fusion-flex-justify-content-flex-start fusion-content-layout-column\"><div class=\"fusion-text fusion-text-1\"><p><span style=\"font-weight: 400;\">Depuis plusieurs d\u00e9cennies, la mission de l\u2019\u00c9glise catholique sur l\u2019\u00eele de Cuba et, en particulier, la Mission \u00c9ducative Lasallienne, est profond\u00e9ment marqu\u00e9e par diverses r\u00e9alit\u00e9s internes et externes issues de la <\/span><i><span style=\"font-weight: 400;\">R\u00e9volution cubaine<\/span><\/i><span style=\"font-weight: 400;\"> (1953), qui a conduit de nombreuses congr\u00e9gations religieuses \u00e0 l\u2019exil.<\/span><\/p>\n<p><span style=\"font-weight: 400;\">\u00ab Aujourd\u2019hui, la situation sociopolitique de l\u2019\u00eele continue de nous pr\u00e9occuper, tout comme celle des quatre Fr\u00e8res qui composent la communaut\u00e9 de Santiago de Cuba, ainsi que celle de la communaut\u00e9 qui fait partie de notre Centre de Formation dans cette ville \u00bb, commente le Fr\u00e8re Jos\u00e9 Francisco Flores, Visiteur du District Antilles-Mexique Sud, \u00e0 l\u2019issue de sa r\u00e9cente visite \u00e0 cette communaut\u00e9.<\/span><\/p>\n<\/div><div class=\"fusion-title title fusion-title-1 fusion-sep-none fusion-title-text fusion-title-size-two\" style=\"--awb-text-color:var(--awb-custom17);--awb-font-size:22px;\"><h2 class=\"fusion-title-heading title-heading-left\" style=\"margin:0;font-size:1em;\"><b>P\u00e9nurie et d\u00e9gradation dans le pays<\/b><\/h2><\/div><div class=\"fusion-text fusion-text-2\"><p><span style=\"font-weight: 400;\">Au cours des huit derni\u00e8res ann\u00e9es, la situation du pays s\u2019est progressivement d\u00e9grad\u00e9e en raison des pannes constantes d\u2019\u00e9lectricit\u00e9, de la p\u00e9nurie d\u2019essence et de diesel \u2014 vendus \u00e0 des prix exorbitants \u2014, du manque de gaz pour cuisiner, du rationnement de l\u2019eau et, de mani\u00e8re g\u00e9n\u00e9rale, de la p\u00e9nurie de tous types de biens, tels que m\u00e9dicaments, v\u00eatements, outils, pi\u00e8ces de rechange, argent liquide et nourriture. M\u00eame \u00ab le syst\u00e8me de rationnement par carte dans les \u00e9piceries d\u2019\u00c9tat, par lequel l\u2019\u00c9tat fournissait de la nourriture \u00e0 la population, s\u2019est effondr\u00e9 \u00bb.<\/span><\/p>\n<p><span style=\"font-weight: 400;\">Cette ann\u00e9e, en raison des conditions g\u00e9opolitiques complexes impos\u00e9es dans la r\u00e9gion depuis le mois de janvier, la situation s\u2019est encore aggrav\u00e9e. La p\u00e9nurie de biens et d\u2019aliments a entra\u00een\u00e9 une hausse in\u00e9dite des prix, tandis que le rationnement du carburant par le gouvernement limite les possibilit\u00e9s de transport motoris\u00e9. \u00ab M\u00eame les motos \u00e9lectriques ne peuvent plus \u00eatre utilis\u00e9es, en raison des longues heures sans \u00e9lectricit\u00e9 et du peu de temps o\u00f9 le courant revient apr\u00e8s deux ou trois jours de \u201ccoupure\u201d \u00bb.<\/span><\/p>\n<p><span style=\"font-weight: 400;\">\u00ab Il ne reste plus qu\u2019\u00e0 marcher pour aller chercher les biens de consommation de base. De plus, les gens cuisinent au charbon depuis pr\u00e8s d\u2019un an, faute d\u2019approvisionnement en gaz domestique \u00bb.<\/span><\/p>\n<p><span style=\"font-weight: 400;\">\u00c0 cela s\u2019ajoute la r\u00e9duction progressive de divers services fournis par les entreprises publiques, faute de conditions pour fonctionner, avec des cons\u00e9quences directes sur la vie de la population.<\/span><\/p>\n<p><span style=\"font-weight: 400;\">Par exemple, sur le plan sanitaire, \u00ab l\u2019accumulation des d\u00e9chets dans les centres urbains \u2014 comme \u00e0 Santiago de Cuba \u2014, due \u00e0 l\u2019absence de service public de collecte, est devenue un foyer potentiel de maladies et favorise la prolif\u00e9ration de nuisibles \u00bb.<\/span><\/p>\n<p><span style=\"font-weight: 400;\">Face \u00e0 cette situation, si l\u2019on constate que la population est d\u00e9sesp\u00e9r\u00e9e, elle fait aussi preuve de r\u00e9silience et aucune violence ne se manifeste.<\/span><\/p>\n<\/div><div class=\"fusion-title title fusion-title-2 fusion-sep-none fusion-title-text fusion-title-size-two\" style=\"--awb-text-color:var(--awb-custom17);--awb-font-size:22px;\"><h2 class=\"fusion-title-heading title-heading-left\" style=\"margin:0;font-size:1em;\"><b>Solidarit\u00e9 et confiance dans l\u2019\u00c9glise<\/b><\/h2><\/div><div class=\"fusion-text fusion-text-3\"><p><span style=\"font-weight: 400;\">\u00ab L\u2019\u00c9glise catholique re\u00e7oit certains biens, mais ils ne suffisent jamais \u00e0 r\u00e9pondre aux besoins de tant de personnes. C\u2019est la seule organisation en laquelle la population a confiance pour que l\u2019aide parvienne r\u00e9ellement \u00e0 ses destinataires \u00bb, expliquent les Fr\u00e8res de la communaut\u00e9 de Santiago de Cuba.<\/span><\/p>\n<p><span style=\"font-weight: 400;\">Cette communaut\u00e9 s\u2019est montr\u00e9e particuli\u00e8rement solidaire envers les enseignants et les \u00e9l\u00e8ves du centre, ainsi qu\u2019envers les missionnaires et les voisins avec lesquels elle partage la cat\u00e9ch\u00e8se le week-end. \u00ab Les gens appr\u00e9cient beaucoup le peu de service \u00e9ducatif que le centre peut encore offrir, le partage des maigres ressources de la communaut\u00e9 et, surtout, sa pr\u00e9sence solidaire \u00bb, souligne le Fr\u00e8re Jos\u00e9 Francisco.<\/span><\/p>\n<p><span style=\"font-weight: 400;\">Afin de permettre \u00e0 la Mission Lasallienne de continuer, m\u00eame \u00e0 un rythme diff\u00e9rent, les Fr\u00e8res rationnent le peu de carburant qu\u2019ils ont \u00e9conomis\u00e9 pour faire fonctionner le g\u00e9n\u00e9rateur \u00e9lectrique pendant de courtes p\u00e9riodes, ce qui permet \u00e0 certaines activit\u00e9s du Centre de Formation de se poursuivre. Les voisins profitent \u00e9galement de ces brefs moments d\u2019\u00e9lectricit\u00e9 pour recharger les batteries de leurs appareils. La communaut\u00e9 lasallienne partage aussi avec eux le peu de biens de consommation qu\u2019elle re\u00e7oit.<\/span><\/p>\n<p><span style=\"font-weight: 400;\">\u00ab Aucun des Fr\u00e8res, ni la communaut\u00e9 dans son ensemble, n\u2019a demand\u00e9 \u00e0 quitter Cuba \u00bb, souligne le Visiteur du District Antilles-Mexique Sud. \u00ab Ils demeurent solidaires, affirmant que Dieu est notre force et que l\u2019Esprit nous guide \u00bb, conclut-il.<\/span><\/p>\n<\/div><div class=\"fusion-text fusion-text-4\" style=\"--awb-font-size:14px;\"><p><i><span style=\"font-weight: 400;\">* Rapport pr\u00e9par\u00e9 avec la collaboration du District Antilles \u2013 Mexique Sud. Photos : archives priv\u00e9es.<\/span><\/i><\/p>\n<\/div><\/div><\/div><\/div><\/div>\n","protected":false},"excerpt":{"rendered":"","protected":false},"author":9,"featured_media":125216,"comment_status":"closed","ping_status":"closed","sticky":false,"template":"","format":"standard","meta":{"_tec_requires_first_save":true,"_monsterinsights_skip_tracking":false,"_monsterinsights_sitenote_active":false,"_monsterinsights_sitenote_note":"","_monsterinsights_sitenote_category":0,"_EventAllDay":false,"_EventTimezone":"","_EventStartDate":"","_EventEndDate":"","_EventStartDateUTC":"","_EventEndDateUTC":"","_EventShowMap":false,"_EventShowMapLink":false,"_EventURL":"","_EventCost":"","_EventCostDescription":"","_EventCurrencySymbol":"","_EventCurrencyCode":"","_EventCurrencyPosition":"","_EventDateTimeSeparator":"","_EventTimeRangeSeparator":"","_EventOrganizerID":[],"_EventVenueID":[],"_OrganizerEmail":"","_OrganizerPhone":"","_OrganizerWebsite":"","_VenueAddress":"","_VenueCity":"","_VenueCountry":"","_VenueProvince":"","_VenueState":"","_VenueZip":"","_VenuePhone":"","_VenueURL":"","_VenueStateProvince":"","_VenueLat":"","_VenueLng":"","_VenueShowMap":false,"_VenueShowMapLink":false,"_tribe_blocks_recurrence_rules":"","_tribe_blocks_recurrence_description":"","_tribe_blocks_recurrence_exclusions":"","footnotes":""},"categories":[3359,3368,3487],"tags":[],"class_list":["post-125220","post","type-post","status-publish","format-standard","has-post-thumbnail","hentry","category-mission-et-solidarite","category-nouvelles","category-relal-fr"],"_links":{"self":[{"href":"https:\/\/www.lasalle.org\/fr\/wp-json\/wp\/v2\/posts\/125220","targetHints":{"allow":["GET"]}}],"collection":[{"href":"https:\/\/www.lasalle.org\/fr\/wp-json\/wp\/v2\/posts"}],"about":[{"href":"https:\/\/www.lasalle.org\/fr\/wp-json\/wp\/v2\/types\/post"}],"author":[{"embeddable":true,"href":"https:\/\/www.lasalle.org\/fr\/wp-json\/wp\/v2\/users\/9"}],"replies":[{"embeddable":true,"href":"https:\/\/www.lasalle.org\/fr\/wp-json\/wp\/v2\/comments?post=125220"}],"version-history":[{"count":1,"href":"https:\/\/www.lasalle.org\/fr\/wp-json\/wp\/v2\/posts\/125220\/revisions"}],"predecessor-version":[{"id":125221,"href":"https:\/\/www.lasalle.org\/fr\/wp-json\/wp\/v2\/posts\/125220\/revisions\/125221"}],"wp:featuredmedia":[{"embeddable":true,"href":"https:\/\/www.lasalle.org\/fr\/wp-json\/wp\/v2\/media\/125216"}],"wp:attachment":[{"href":"https:\/\/www.lasalle.org\/fr\/wp-json\/wp\/v2\/media?parent=125220"}],"wp:term":[{"taxonomy":"category","embeddable":true,"href":"https:\/\/www.lasalle.org\/fr\/wp-json\/wp\/v2\/categories?post=125220"},{"taxonomy":"post_tag","embeddable":true,"href":"https:\/\/www.lasalle.org\/fr\/wp-json\/wp\/v2\/tags?post=125220"}],"curies":[{"name":"wp","href":"https:\/\/api.w.org\/{rel}","templated":true}]}}