{"id":125229,"date":"2026-04-30T15:00:32","date_gmt":"2026-04-30T13:00:32","guid":{"rendered":"https:\/\/www.lasalle.org\/?p=125229"},"modified":"2026-04-30T15:08:30","modified_gmt":"2026-04-30T13:08:30","slug":"connexion-la-salle-episode-4-la-naissance-de-saint-jean-baptiste-de-la-salle","status":"publish","type":"post","link":"https:\/\/www.lasalle.org\/fr\/connexion-la-salle-episode-4-la-naissance-de-saint-jean-baptiste-de-la-salle\/","title":{"rendered":"Connexion La Salle \u2013 \u00c9pisode 4 : La naissance de saint Jean-Baptiste de La Salle"},"content":{"rendered":"<div class=\"pdfprnt-buttons pdfprnt-buttons-post pdfprnt-top-right\"><a href=\"https:\/\/www.lasalle.org\/fr\/wp-json\/wp\/v2\/posts\/125229?print=pdf\" class=\"pdfprnt-button pdfprnt-button-pdf\" target=\"_blank\" ><img decoding=\"async\" src=\"https:\/\/www.lasalle.org\/wp-content\/plugins\/pdf-print\/images\/pdf.png\" alt=\"image_pdf\" title=\"T\u00e9l\u00e9charger le PDF\" \/><span class=\"pdfprnt-button-title pdfprnt-button-pdf-title\">PDF<\/span><\/a><a href=\"https:\/\/www.lasalle.org\/fr\/wp-json\/wp\/v2\/posts\/125229?print=print\" class=\"pdfprnt-button pdfprnt-button-print\" target=\"_blank\" ><img decoding=\"async\" src=\"https:\/\/www.lasalle.org\/wp-content\/plugins\/pdf-print\/images\/print.png\" alt=\"image_print\" title=\"Contenu imprim\u00e9\" \/><span class=\"pdfprnt-button-title pdfprnt-button-print-title\">PRINT<\/span><\/a><\/div><div class=\"fusion-fullwidth fullwidth-box fusion-builder-row-1 fusion-flex-container nonhundred-percent-fullwidth non-hundred-percent-height-scrolling\" style=\"--awb-border-radius-top-left:0px;--awb-border-radius-top-right:0px;--awb-border-radius-bottom-right:0px;--awb-border-radius-bottom-left:0px;--awb-flex-wrap:wrap;\" ><div class=\"fusion-builder-row fusion-row fusion-flex-align-items-flex-start fusion-flex-content-wrap\" style=\"max-width:1248px;margin-left: calc(-4% \/ 2 );margin-right: calc(-4% \/ 2 );\"><div class=\"fusion-layout-column fusion_builder_column fusion-builder-column-0 fusion_builder_column_1_1 1_1 fusion-flex-column\" style=\"--awb-bg-size:cover;--awb-width-large:100%;--awb-margin-top-large:0px;--awb-spacing-right-large:1.92%;--awb-margin-bottom-large:0px;--awb-spacing-left-large:1.92%;--awb-width-medium:100%;--awb-spacing-right-medium:1.92%;--awb-spacing-left-medium:1.92%;--awb-width-small:100%;--awb-spacing-right-small:1.92%;--awb-spacing-left-small:1.92%;\"><div class=\"fusion-column-wrapper fusion-flex-justify-content-flex-start fusion-content-layout-column\"><div class=\"fusion-title title fusion-title-1 fusion-sep-none fusion-title-text fusion-title-size-two\" style=\"--awb-text-color:var(--awb-custom17);--awb-font-size:22px;\"><h2 class=\"fusion-title-heading title-heading-left\" style=\"margin:0;font-size:1em;\"><b><i>\u00ab Connexion La Salle \u00bb est une s\u00e9rie multim\u00e9dia destin\u00e9e \u00e0 relier la Famille Lasallienne \u00e0 certains faits historiques qui continuent d\u2019inspirer les lasalliens d\u2019aujourd\u2019hui.<\/i><\/b><\/h2><\/div><div class=\"fusion-text fusion-text-1\"><p><span style=\"font-weight: 400;\">Dans cet \u00e9pisode de <\/span><i><span style=\"font-weight: 400;\">Connexion La Salle<\/span><\/i><span style=\"font-weight: 400;\">, nous allons parler de la naissance de saint Jean-Baptiste de La Salle.\u00a0<\/span><\/p>\n<p><span style=\"font-weight: 400;\">Cela a eu lieu dans la ville de Reims. \u00c0 cette \u00e9poque, cette ville se caract\u00e9risait par une organisation tr\u00e8s d\u00e9velopp\u00e9e de la participation citoyenne au gouvernement municipal ; par la cr\u00e9ation d\u2019institutions solidaires importantes pour assurer la protection des plus d\u00e9munis ; et par un \u00e9lan significatif dans la fondation de communaut\u00e9s religieuses au service des pauvres.<\/span><\/p>\n<p><span style=\"font-weight: 400;\">Ces conditions sociales dans lesquelles na\u00eet Jean-Baptiste de La Salle marquent \u00e9videmment sa vie. Il vit \u00e0 une p\u00e9riode de crise de la conscience europ\u00e9enne, c\u2019est-\u00e0-dire une \u00e9poque durant laquelle la soci\u00e9t\u00e9 europ\u00e9enne se transforme, passant d\u2019une soci\u00e9t\u00e9 m\u00e9di\u00e9vale fond\u00e9e sur un ensemble de valeurs \u00e9vang\u00e9liques \u00e0 une soci\u00e9t\u00e9 capitaliste complexe.\u00a0<\/span><\/p>\n<p><span style=\"font-weight: 400;\">C\u2019est dans ce contexte qu\u2019en 1650, Louis de La Salle et Nicole Mo\u00ebt se marient. Tous deux appartiennent \u00e0 des familles li\u00e9es au gouvernement de la ville, \u00e0 la justice, ainsi qu\u2019\u00e0 l\u2019administration des institutions de protection des pauvres.<\/span><\/p>\n<p><span style=\"font-weight: 400;\">Ils signent un contrat entre leurs deux familles en ao\u00fbt 1650 et se marient quelques jours plus tard.\u00a0<\/span><\/p>\n<p><span style=\"font-weight: 400;\">Huit mois plus tard na\u00eet Jean-Baptiste. Cette naissance pr\u00e9matur\u00e9e aura des cons\u00e9quences sur sa sant\u00e9 tout au long de sa vie. Il na\u00eet dans ce que l\u2019on appelait l\u2019\u00ab H\u00f4tel de la Cloche \u00bb, un h\u00f4tel particulier situ\u00e9 au centre de la ville et acquis depuis peu par la famille La Salle.\u00a0<\/span><\/p>\n<p><span style=\"font-weight: 400;\">Le bapt\u00eame, c\u00e9l\u00e9br\u00e9 le jour m\u00eame, a lieu dans la paroisse des parrains, Saint-Hilaire, selon la coutume de l\u2019\u00e9poque.\u00a0<\/span><\/p>\n<p><span style=\"font-weight: 400;\">Sa famille vivra dans cet \u00ab\u00a0H\u00f4tel de la Cloche\u00a0\u00bb pendant quelques ann\u00e9es comme locataire de son oncle, le fr\u00e8re a\u00een\u00e9 de Louis, car c\u2019\u00e9tait l\u2019a\u00een\u00e9 qui h\u00e9ritait de la maison. Ils y auront onze autres enfants, dont six survivront.\u00a0<\/span><\/p>\n<p><span style=\"font-weight: 400;\">C\u2019est dans cette maison que se d\u00e9roulent ses premi\u00e8res ann\u00e9es de vie et les d\u00e9buts de sa vie chr\u00e9tienne, sujet dont nous parlerons une autre fois.<\/span><\/p>\n<\/div><div class=\"fusion-video fusion-youtube\" style=\"--awb-max-width:1000px;--awb-max-height:650px;--awb-align-self:center;--awb-width:100%;\"><div class=\"video-shortcode\"><div class=\"fluid-width-video-wrapper\" style=\"padding-top:65%;\" ><iframe title=\"YouTube video player 1\" src=\"https:\/\/www.youtube.com\/embed\/1Mh_ta_GhfY?wmode=transparent&autoplay=0\" width=\"1000\" height=\"650\" allowfullscreen allow=\"autoplay; clipboard-write; encrypted-media; gyroscope; picture-in-picture;\"><\/iframe><\/div><\/div><\/div><div class=\"fusion-text fusion-text-2\"><p><b><i>Dans les prochains \u00e9pisodes, nous continuerons de partager d\u2019autres moments significatifs de la vie et de l\u2019\u0153uvre de Saint Jean-Baptiste de La Salle. Vous pouvez les retrouver sur\u00a0<\/i><\/b><a href=\"http:\/\/www.lasalle.org\/fr\/\"><b><i>www.lasalle.org<\/i><\/b><\/a><b><i>\u00a0et sur nos r\u00e9seaux sociaux.<\/i><\/b><\/p>\n<\/div><\/div><\/div><\/div><\/div>\n","protected":false},"excerpt":{"rendered":"","protected":false},"author":9,"featured_media":124224,"comment_status":"closed","ping_status":"closed","sticky":false,"template":"","format":"standard","meta":{"_tec_requires_first_save":true,"_monsterinsights_skip_tracking":false,"_monsterinsights_sitenote_active":false,"_monsterinsights_sitenote_note":"","_monsterinsights_sitenote_category":0,"_EventAllDay":false,"_EventTimezone":"","_EventStartDate":"","_EventEndDate":"","_EventStartDateUTC":"","_EventEndDateUTC":"","_EventShowMap":false,"_EventShowMapLink":false,"_EventURL":"","_EventCost":"","_EventCostDescription":"","_EventCurrencySymbol":"","_EventCurrencyCode":"","_EventCurrencyPosition":"","_EventDateTimeSeparator":"","_EventTimeRangeSeparator":"","_EventOrganizerID":[],"_EventVenueID":[],"_OrganizerEmail":"","_OrganizerPhone":"","_OrganizerWebsite":"","_VenueAddress":"","_VenueCity":"","_VenueCountry":"","_VenueProvince":"","_VenueState":"","_VenueZip":"","_VenuePhone":"","_VenueURL":"","_VenueStateProvince":"","_VenueLat":"","_VenueLng":"","_VenueShowMap":false,"_VenueShowMapLink":false,"_tribe_blocks_recurrence_rules":"","_tribe_blocks_recurrence_description":"","_tribe_blocks_recurrence_exclusions":"","footnotes":""},"categories":[3270,3368,3793],"tags":[],"class_list":["post-125229","post","type-post","status-publish","format-standard","has-post-thumbnail","hentry","category-maison-generalice","category-nouvelles","category-ressources"],"_links":{"self":[{"href":"https:\/\/www.lasalle.org\/fr\/wp-json\/wp\/v2\/posts\/125229","targetHints":{"allow":["GET"]}}],"collection":[{"href":"https:\/\/www.lasalle.org\/fr\/wp-json\/wp\/v2\/posts"}],"about":[{"href":"https:\/\/www.lasalle.org\/fr\/wp-json\/wp\/v2\/types\/post"}],"author":[{"embeddable":true,"href":"https:\/\/www.lasalle.org\/fr\/wp-json\/wp\/v2\/users\/9"}],"replies":[{"embeddable":true,"href":"https:\/\/www.lasalle.org\/fr\/wp-json\/wp\/v2\/comments?post=125229"}],"version-history":[{"count":1,"href":"https:\/\/www.lasalle.org\/fr\/wp-json\/wp\/v2\/posts\/125229\/revisions"}],"predecessor-version":[{"id":125230,"href":"https:\/\/www.lasalle.org\/fr\/wp-json\/wp\/v2\/posts\/125229\/revisions\/125230"}],"wp:featuredmedia":[{"embeddable":true,"href":"https:\/\/www.lasalle.org\/fr\/wp-json\/wp\/v2\/media\/124224"}],"wp:attachment":[{"href":"https:\/\/www.lasalle.org\/fr\/wp-json\/wp\/v2\/media?parent=125229"}],"wp:term":[{"taxonomy":"category","embeddable":true,"href":"https:\/\/www.lasalle.org\/fr\/wp-json\/wp\/v2\/categories?post=125229"},{"taxonomy":"post_tag","embeddable":true,"href":"https:\/\/www.lasalle.org\/fr\/wp-json\/wp\/v2\/tags?post=125229"}],"curies":[{"name":"wp","href":"https:\/\/api.w.org\/{rel}","templated":true}]}}