{"id":127223,"date":"2026-09-04T10:42:02","date_gmt":"2026-09-04T08:42:02","guid":{"rendered":"https:\/\/www.lasalle.org\/?p=127223"},"modified":"2026-09-04T14:08:00","modified_gmt":"2026-09-04T12:08:00","slug":"le-dr-lysander-rivera-de-luniversite-de-la-salle-manille-reconduit-comme-membre-du-conseil-international-pour-la-catechese","status":"publish","type":"post","link":"https:\/\/www.lasalle.org\/fr\/le-dr-lysander-rivera-de-luniversite-de-la-salle-manille-reconduit-comme-membre-du-conseil-international-pour-la-catechese\/","title":{"rendered":"Le Dr Lysander Rivera, de l\u2019Universit\u00e9 De La Salle-Manille, reconduit comme membre du Conseil International pour la Cat\u00e9ch\u00e8se"},"content":{"rendered":"<div class=\"pdfprnt-buttons pdfprnt-buttons-post pdfprnt-top-right\"><a href=\"https:\/\/www.lasalle.org\/fr\/wp-json\/wp\/v2\/posts\/127223?print=pdf\" class=\"pdfprnt-button pdfprnt-button-pdf\" target=\"_blank\" ><img decoding=\"async\" src=\"https:\/\/www.lasalle.org\/wp-content\/plugins\/pdf-print\/images\/pdf.png\" alt=\"image_pdf\" title=\"T\u00e9l\u00e9charger le PDF\" \/><span class=\"pdfprnt-button-title pdfprnt-button-pdf-title\">PDF<\/span><\/a><a href=\"https:\/\/www.lasalle.org\/fr\/wp-json\/wp\/v2\/posts\/127223?print=print\" class=\"pdfprnt-button pdfprnt-button-print\" target=\"_blank\" ><img decoding=\"async\" src=\"https:\/\/www.lasalle.org\/wp-content\/plugins\/pdf-print\/images\/print.png\" alt=\"image_print\" title=\"Contenu imprim\u00e9\" \/><span class=\"pdfprnt-button-title pdfprnt-button-print-title\">PRINT<\/span><\/a><\/div><div class=\"fusion-fullwidth fullwidth-box fusion-builder-row-1 fusion-flex-container nonhundred-percent-fullwidth non-hundred-percent-height-scrolling\" style=\"--awb-border-radius-top-left:0px;--awb-border-radius-top-right:0px;--awb-border-radius-bottom-right:0px;--awb-border-radius-bottom-left:0px;--awb-flex-wrap:wrap;\" ><div class=\"fusion-builder-row fusion-row fusion-flex-align-items-flex-start fusion-flex-content-wrap\" style=\"max-width:1248px;margin-left: calc(-4% \/ 2 );margin-right: calc(-4% \/ 2 );\"><div class=\"fusion-layout-column fusion_builder_column fusion-builder-column-0 fusion_builder_column_1_1 1_1 fusion-flex-column\" style=\"--awb-bg-size:cover;--awb-width-large:100%;--awb-margin-top-large:0px;--awb-spacing-right-large:1.92%;--awb-margin-bottom-large:0px;--awb-spacing-left-large:1.92%;--awb-width-medium:100%;--awb-spacing-right-medium:1.92%;--awb-spacing-left-medium:1.92%;--awb-width-small:100%;--awb-spacing-right-small:1.92%;--awb-spacing-left-small:1.92%;\"><div class=\"fusion-column-wrapper fusion-flex-justify-content-flex-start fusion-content-layout-column\"><div class=\"fusion-text fusion-text-1\"><p><span style=\"font-weight: 400;\">Le Dr Lysander P. Rivera, Directeur de l\u2019Institut Lasallien pour l\u2019\u00c9vang\u00e9lisation et la Cat\u00e9ch\u00e8se (LIEC) de l\u2019Universit\u00e9 De La Salle-Manille, a \u00e9t\u00e9 reconduit par le Pape L\u00e9on XIV pour un nouveau mandat de cinq ans en tant que membre du Conseil International pour la Cat\u00e9ch\u00e8se (Co.In.Cat.), organe consultatif international du Dicast\u00e8re pour l\u2019\u00c9vang\u00e9lisation du Saint-Si\u00e8ge.<\/span><\/p>\n<p><span style=\"font-weight: 400;\">Le Dr Rivera avait \u00e9t\u00e9 nomm\u00e9 pour la premi\u00e8re fois au Co.In.Cat. en 2021 par le Pape Fran\u00e7ois. Le renouvellement de son mandat lui permet de poursuivre sa participation \u00e0 cette instance internationale, qui r\u00e9unit des \u00e9v\u00eaques, des pr\u00eatres, des religieux et des experts la\u00efcs de diff\u00e9rentes r\u00e9gions du monde afin de r\u00e9fl\u00e9chir aux grandes questions li\u00e9es \u00e0 la cat\u00e9ch\u00e8se et de favoriser l\u2019\u00e9change d\u2019exp\u00e9riences et d\u2019initiatives cat\u00e9ch\u00e9tiques au sein de l\u2019\u00c9glise universelle.<\/span><\/p>\n<p><span style=\"font-weight: 400;\">Pour la Famille Lasallienne, la reconduction du Dr Rivera constitue une reconnaissance des efforts qu\u2019elle d\u00e9ploie en faveur de la formation \u00e0 la foi des jeunes et repr\u00e9sente une opportunit\u00e9 pour la Mission \u00c9ducative Lasallienne de contribuer \u00e0 la r\u00e9flexion que poursuit l\u2019\u00c9glise sur l\u2019\u00e9vang\u00e9lisation et la cat\u00e9ch\u00e8se.<\/span><\/p>\n<p><span style=\"font-weight: 400;\">En tant que Directeur de l\u2019Institut Lasallien pour l\u2019\u00c9vang\u00e9lisation et la Cat\u00e9ch\u00e8se, le Dr Rivera dirige, au sein de l\u2019Universit\u00e9 De La Salle-Manille, des initiatives dans les domaines de l\u2019\u00e9vang\u00e9lisation, de la formation des responsables de la cat\u00e9ch\u00e8se et de la recherche dans ces domaines. Il participe \u00e9galement activement \u00e0 des initiatives cat\u00e9ch\u00e9tiques aux niveaux national, r\u00e9gional et international, notamment en collaboration avec la Conf\u00e9rence des \u00c9v\u00eaques Catholiques des Philippines et d\u2019autres institutions eccl\u00e9siales.<\/span><\/p>\n<p><span style=\"font-weight: 400;\">Fond\u00e9 en 1973 par Saint Paul VI, le Co.In.Cat. conseille le Saint-Si\u00e8ge sur les questions relatives \u00e0 la cat\u00e9ch\u00e8se et accompagne la r\u00e9flexion permanente de l\u2019\u00c9glise sur sa mission de transmission de la foi. Il r\u00e9unit des experts en cat\u00e9ch\u00e8se de diff\u00e9rentes r\u00e9gions du monde afin d\u2019\u00e9tudier les nouveaux besoins, de partager des exp\u00e9riences pastorales et de contribuer au d\u00e9veloppement et au renouvellement du minist\u00e8re cat\u00e9ch\u00e9tique.<\/span><\/p>\n<p>En tant que Famille Lasallienne, nous nous r\u00e9jouissons de cette importante reconnaissance du parcours du Dr Lysander dans les domaines de la cat\u00e9ch\u00e8se et de l\u2019\u00e9vang\u00e9lisation. Nous lui souhaitons beaucoup de succ\u00e8s dans la mission que lui a confi\u00e9e le pape L\u00e9on XIV.<\/p>\n<\/div><div class=\"fusion-text fusion-text-2\" style=\"--awb-font-size:14px;\"><p><i><span style=\"font-weight: 400;\">* Article r\u00e9dig\u00e9 par l\u2019Universit\u00e9 De La Salle-Manille.<\/span><\/i><\/p>\n<\/div><\/div><\/div><\/div><\/div>\n","protected":false},"excerpt":{"rendered":"","protected":false},"author":9,"featured_media":127217,"comment_status":"closed","ping_status":"closed","sticky":false,"template":"","format":"standard","meta":{"_monsterinsights_skip_tracking":false,"footnotes":""},"categories":[3368,3445,3384],"tags":[],"class_list":["post-127223","post","type-post","status-publish","format-standard","has-post-thumbnail","hentry","category-nouvelles","category-parc-fr","category-saint-siege"],"_links":{"self":[{"href":"https:\/\/www.lasalle.org\/fr\/wp-json\/wp\/v2\/posts\/127223","targetHints":{"allow":["GET"]}}],"collection":[{"href":"https:\/\/www.lasalle.org\/fr\/wp-json\/wp\/v2\/posts"}],"about":[{"href":"https:\/\/www.lasalle.org\/fr\/wp-json\/wp\/v2\/types\/post"}],"author":[{"embeddable":true,"href":"https:\/\/www.lasalle.org\/fr\/wp-json\/wp\/v2\/users\/9"}],"replies":[{"embeddable":true,"href":"https:\/\/www.lasalle.org\/fr\/wp-json\/wp\/v2\/comments?post=127223"}],"version-history":[{"count":2,"href":"https:\/\/www.lasalle.org\/fr\/wp-json\/wp\/v2\/posts\/127223\/revisions"}],"predecessor-version":[{"id":127235,"href":"https:\/\/www.lasalle.org\/fr\/wp-json\/wp\/v2\/posts\/127223\/revisions\/127235"}],"wp:featuredmedia":[{"embeddable":true,"href":"https:\/\/www.lasalle.org\/fr\/wp-json\/wp\/v2\/media\/127217"}],"wp:attachment":[{"href":"https:\/\/www.lasalle.org\/fr\/wp-json\/wp\/v2\/media?parent=127223"}],"wp:term":[{"taxonomy":"category","embeddable":true,"href":"https:\/\/www.lasalle.org\/fr\/wp-json\/wp\/v2\/categories?post=127223"},{"taxonomy":"post_tag","embeddable":true,"href":"https:\/\/www.lasalle.org\/fr\/wp-json\/wp\/v2\/tags?post=127223"}],"curies":[{"name":"wp","href":"https:\/\/api.w.org\/{rel}","templated":true}]}}