{"id":127241,"date":"2026-09-04T14:26:56","date_gmt":"2026-09-04T12:26:56","guid":{"rendered":"https:\/\/www.lasalle.org\/?p=127241"},"modified":"2026-09-04T14:40:56","modified_gmt":"2026-09-04T12:40:56","slug":"scolasticat-international-de-nairobi-renouveler-lengagement-envers-la-mission-lasallienne-a-travers-les-voeux-dassociation-et-de-stabilite","status":"publish","type":"post","link":"https:\/\/www.lasalle.org\/fr\/scolasticat-international-de-nairobi-renouveler-lengagement-envers-la-mission-lasallienne-a-travers-les-voeux-dassociation-et-de-stabilite\/","title":{"rendered":"Scolasticat International de Nairobi : Renouveler l\u2019engagement envers la Mission Lasallienne \u00e0 travers les v\u0153ux d\u2019Association et de Stabilit\u00e9"},"content":{"rendered":"<div class=\"pdfprnt-buttons pdfprnt-buttons-post pdfprnt-top-right\"><a href=\"https:\/\/www.lasalle.org\/fr\/wp-json\/wp\/v2\/posts\/127241?print=pdf\" class=\"pdfprnt-button pdfprnt-button-pdf\" target=\"_blank\" ><img decoding=\"async\" src=\"https:\/\/www.lasalle.org\/wp-content\/plugins\/pdf-print\/images\/pdf.png\" alt=\"image_pdf\" title=\"T\u00e9l\u00e9charger le PDF\" \/><span class=\"pdfprnt-button-title pdfprnt-button-pdf-title\">PDF<\/span><\/a><a href=\"https:\/\/www.lasalle.org\/fr\/wp-json\/wp\/v2\/posts\/127241?print=print\" class=\"pdfprnt-button pdfprnt-button-print\" target=\"_blank\" ><img decoding=\"async\" src=\"https:\/\/www.lasalle.org\/wp-content\/plugins\/pdf-print\/images\/print.png\" alt=\"image_print\" title=\"Contenu imprim\u00e9\" \/><span class=\"pdfprnt-button-title pdfprnt-button-print-title\">PRINT<\/span><\/a><\/div><div class=\"fusion-fullwidth fullwidth-box fusion-builder-row-1 fusion-flex-container nonhundred-percent-fullwidth non-hundred-percent-height-scrolling\" style=\"--awb-border-radius-top-left:0px;--awb-border-radius-top-right:0px;--awb-border-radius-bottom-right:0px;--awb-border-radius-bottom-left:0px;--awb-flex-wrap:wrap;\" ><div class=\"fusion-builder-row fusion-row fusion-flex-align-items-flex-start fusion-flex-content-wrap\" style=\"max-width:1248px;margin-left: calc(-4% \/ 2 );margin-right: calc(-4% \/ 2 );\"><div class=\"fusion-layout-column fusion_builder_column fusion-builder-column-0 fusion_builder_column_1_1 1_1 fusion-flex-column\" style=\"--awb-bg-size:cover;--awb-width-large:100%;--awb-margin-top-large:0px;--awb-spacing-right-large:1.92%;--awb-margin-bottom-large:0px;--awb-spacing-left-large:1.92%;--awb-width-medium:100%;--awb-spacing-right-medium:1.92%;--awb-spacing-left-medium:1.92%;--awb-width-small:100%;--awb-spacing-right-small:1.92%;--awb-spacing-left-small:1.92%;\"><div class=\"fusion-column-wrapper fusion-flex-justify-content-flex-start fusion-content-layout-column\"><div class=\"fusion-text fusion-text-1\"><p><span style=\"font-weight: 400;\">Le dimanche 16 ao\u00fbt 2026, \u00e0 l\u2019issue de leur retraite spirituelle annuelle, 31 Fr\u00e8res du Scolasticat International de Nairobi*, au Kenya, ont renouvel\u00e9 leurs v\u0153ux en tant que Fr\u00e8res des \u00c9coles Chr\u00e9tiennes, en pr\u00e9sence du Fr\u00e8re Betre Fisseha, Visiteur du District de Lwanga, des Fr\u00e8res formateurs, ainsi que d\u2019autres Fr\u00e8res des communaut\u00e9s lasalliennes de Nairobi.<\/span><\/p>\n<p><span style=\"font-weight: 400;\">Auparavant, du 8 au 15 ao\u00fbt, la communaut\u00e9 du Scolasticat avait particip\u00e9 \u00e0 sa retraite annuelle au <\/span><i><span style=\"font-weight: 400;\">Tabor Hill<\/span><\/i><span style=\"font-weight: 400;\">, un Centre Pastoral appartenant au Dioc\u00e8se de Nyahururu. Les Fr\u00e8res \u00e9taient accompagn\u00e9s de leurs formateurs et plac\u00e9s sous la direction spirituelle du p\u00e8re Kevin Ndaho, pr\u00eatre passioniste, qui a assur\u00e9 la pr\u00e9dication tout au long de ces journ\u00e9es consacr\u00e9es \u00e0 la pri\u00e8re personnelle et communautaire.<\/span><\/p>\n<p><span style=\"font-weight: 400;\">\u00ab L\u2019atmosph\u00e8re, la nature environnante et le cadre dans son ensemble \u2014 malgr\u00e9 le froid \u2014 ont favoris\u00e9 les rencontres entre les Fr\u00e8res, qui ont partag\u00e9 leurs exp\u00e9riences au cours de promenades en petits groupes ou lors de temps de r\u00e9flexion personnelle avec leurs accompagnateurs \u00bb, a expliqu\u00e9 le Fr\u00e8re Paulo Petry, Directeur du Scolasticat.<\/span><\/p>\n<p><span style=\"font-weight: 400;\">\u00c0 la suite de cette exp\u00e9rience de profond renouvellement spirituel, les Fr\u00e8res Scolastiques ont r\u00e9fl\u00e9chi \u00e0 la mani\u00e8re de mettre en pratique les v\u0153ux d\u2019Association pour le service \u00e9ducatif des pauvres et de Stabilit\u00e9 dans l\u2019Institut \u2014 deux des cinq v\u0153ux prononc\u00e9s par les Fr\u00e8res de La Salle, avec ceux d\u2019Ob\u00e9issance, de Chastet\u00e9 et de Pauvret\u00e9 \u2014, afin de renouveler leur engagement envers la Mission \u00c9ducative Lasallienne en \u00ab travaillant ensemble \u00bb. Ils ont ainsi r\u00e9alis\u00e9 une vid\u00e9o que nous mettons \u00e0 la disposition de toute la Famille Lasallienne.<\/span><\/p>\n<p><span style=\"font-weight: 400;\">D\u00e9couvrez ci-dessous la vid\u00e9o qui rassemble les r\u00e9flexions des Fr\u00e8res du Scolasticat International de Nairobi.<\/span><\/p>\n<\/div><div class=\"fusion-video fusion-youtube\" style=\"--awb-max-width:1000px;--awb-max-height:650px;--awb-align-self:center;--awb-width:100%;\"><div class=\"video-shortcode\"><div class=\"fluid-width-video-wrapper\" style=\"padding-top:65%;\" ><iframe title=\"YouTube video player 1\" src=\"https:\/\/www.youtube.com\/embed\/qrgWNERsGMk?wmode=transparent&autoplay=0\" width=\"1000\" height=\"650\" allowfullscreen allow=\"autoplay; clipboard-write; encrypted-media; gyroscope; picture-in-picture;\"><\/iframe><\/div><\/div><\/div><div class=\"fusion-text fusion-text-2\" style=\"--awb-font-size:16px;\"><p><i><span style=\"font-weight: 400;\">* Les Fr\u00e8res qui ont renouvel\u00e9 leurs v\u0153ux sont originaires de huit pays africains : \u00c9thiopie (huit Fr\u00e8res), Kenya (quatre), Madagascar (deux), Mozambique (neuf), Nigeria (quatre), R\u00e9publique D\u00e9mocratique du Congo (deux), Rwanda (un) et Zimbabwe (un).<\/span><\/i><\/p>\n<p><i><span style=\"font-weight: 400;\">** Vid\u00e9o r\u00e9alis\u00e9e par le Fr\u00e8re Paulo Petry, Directeur du Scolasticat International de Nairobi.<\/span><\/i><\/p>\n<\/div><\/div><\/div><\/div><\/div>\n","protected":false},"excerpt":{"rendered":"","protected":false},"author":9,"featured_media":127228,"comment_status":"closed","ping_status":"closed","sticky":false,"template":"","format":"standard","meta":{"_monsterinsights_skip_tracking":false,"footnotes":""},"categories":[3349,3368,3463],"tags":[],"class_list":["post-127241","post","type-post","status-publish","format-standard","has-post-thumbnail","hentry","category-freres","category-nouvelles","category-relaf-fr"],"_links":{"self":[{"href":"https:\/\/www.lasalle.org\/fr\/wp-json\/wp\/v2\/posts\/127241","targetHints":{"allow":["GET"]}}],"collection":[{"href":"https:\/\/www.lasalle.org\/fr\/wp-json\/wp\/v2\/posts"}],"about":[{"href":"https:\/\/www.lasalle.org\/fr\/wp-json\/wp\/v2\/types\/post"}],"author":[{"embeddable":true,"href":"https:\/\/www.lasalle.org\/fr\/wp-json\/wp\/v2\/users\/9"}],"replies":[{"embeddable":true,"href":"https:\/\/www.lasalle.org\/fr\/wp-json\/wp\/v2\/comments?post=127241"}],"version-history":[{"count":1,"href":"https:\/\/www.lasalle.org\/fr\/wp-json\/wp\/v2\/posts\/127241\/revisions"}],"predecessor-version":[{"id":127242,"href":"https:\/\/www.lasalle.org\/fr\/wp-json\/wp\/v2\/posts\/127241\/revisions\/127242"}],"wp:featuredmedia":[{"embeddable":true,"href":"https:\/\/www.lasalle.org\/fr\/wp-json\/wp\/v2\/media\/127228"}],"wp:attachment":[{"href":"https:\/\/www.lasalle.org\/fr\/wp-json\/wp\/v2\/media?parent=127241"}],"wp:term":[{"taxonomy":"category","embeddable":true,"href":"https:\/\/www.lasalle.org\/fr\/wp-json\/wp\/v2\/categories?post=127241"},{"taxonomy":"post_tag","embeddable":true,"href":"https:\/\/www.lasalle.org\/fr\/wp-json\/wp\/v2\/tags?post=127241"}],"curies":[{"name":"wp","href":"https:\/\/api.w.org\/{rel}","templated":true}]}}