{"id":67574,"date":"2020-01-09T14:45:29","date_gmt":"2020-01-09T14:45:29","guid":{"rendered":"https:\/\/www.lasalle.org\/?p=67574"},"modified":"2020-01-10T06:43:21","modified_gmt":"2020-01-10T06:43:21","slug":"associes-a-notre-mission-lasallienne","status":"publish","type":"post","link":"https:\/\/www.lasalle.org\/fr\/associes-a-notre-mission-lasallienne\/","title":{"rendered":"Associ\u00e9s \u00e0 notre mission lasallienne"},"content":{"rendered":"<div class=\"pdfprnt-buttons pdfprnt-buttons-post pdfprnt-top-right\"><a href=\"https:\/\/www.lasalle.org\/fr\/wp-json\/wp\/v2\/posts\/67574?print=pdf\" class=\"pdfprnt-button pdfprnt-button-pdf\" target=\"_blank\" ><img decoding=\"async\" src=\"https:\/\/www.lasalle.org\/wp-content\/plugins\/pdf-print\/images\/pdf.png\" alt=\"image_pdf\" title=\"T\u00e9l\u00e9charger le PDF\" \/><span class=\"pdfprnt-button-title pdfprnt-button-pdf-title\">PDF<\/span><\/a><a href=\"https:\/\/www.lasalle.org\/fr\/wp-json\/wp\/v2\/posts\/67574?print=print\" class=\"pdfprnt-button pdfprnt-button-print\" target=\"_blank\" ><img decoding=\"async\" src=\"https:\/\/www.lasalle.org\/wp-content\/plugins\/pdf-print\/images\/print.png\" alt=\"image_print\" title=\"Contenu imprim\u00e9\" \/><span class=\"pdfprnt-button-title pdfprnt-button-print-title\">PRINT<\/span><\/a><\/div>\n<p><\/p>\n\n\n\n<p class=\"has-small-font-size\">Maex Joke <br>Conseiller professionnel sur l\u2019identit\u00e9 lasallienne et la pastorale<br>Belgique-Nord<\/p>\n\n\n\n<hr class=\"wp-block-separator\"\/>\n\n\n\n<p>En novembre 2019,\nla D\u00e9l\u00e9gation Belgique-Nord a d\u00e9cid\u00e9 de terminer le Tricentenaire par une\nAssembl\u00e9e de trois jours, r\u00e9unissant toutes les \u00e9coles de notre r\u00e9seau afin de r\u00e9fl\u00e9chir\nsur ce que signifie \u00eatre un r\u00e9seau d\u2019\u00e9coles associ\u00e9es autour d\u2019\u00ab&nbsp;un c\u0153ur,\nun engagement, une vie&nbsp;\u00bb. <\/p>\n\n\n\n<p>\u00c0 cette occasion,\nune centaine d\u2019\u00e9l\u00e8ves, d\u2019enseignants, de directeurs, de membres du conseil d\u2019administration\net de conseillers professionnels se sont r\u00e9unis \u00e0 <em>ter Helme<\/em>, une r\u00e9sidence pr\u00e8s de la c\u00f4te belge, pour travailler\nensemble pendant trois jours. Les objectifs de ces trois journ\u00e9es \u00e9taient les\nsuivants :<\/p>\n\n\n\n<figure class=\"wp-block-image size-large\"><img decoding=\"async\" width=\"1408\" height=\"1024\" src=\"https:\/\/www.lasalle.org\/wp-content\/uploads\/2020\/01\/DSC_0176-1408x1024.jpg\" alt=\"\" class=\"wp-image-67565\" srcset=\"https:\/\/www.lasalle.org\/wp-content\/uploads\/2020\/01\/DSC_0176-300x218.jpg 300w, https:\/\/www.lasalle.org\/wp-content\/uploads\/2020\/01\/DSC_0176-768x559.jpg 768w, https:\/\/www.lasalle.org\/wp-content\/uploads\/2020\/01\/DSC_0176-1408x1024.jpg 1408w, https:\/\/www.lasalle.org\/wp-content\/uploads\/2020\/01\/DSC_0176-1536x1117.jpg 1536w\" sizes=\"(max-width: 1408px) 100vw, 1408px\" \/><\/figure>\n\n\n\n<ul class=\"wp-block-list\"><li>Mettre\nen valeur la sp\u00e9cificit\u00e9 de chacune de nos \u00e9coles, qui se base sur un\nengagement authentique dans la mission \u00e9ducative lasallienne, en communion\nfid\u00e8le avec le r\u00e9seau plus large des \u00e9coles au sein de la VLP.<\/li><li>Int\u00e9rioriser\ndavantage la mission lasallienne et ses d\u00e9fis actuels.<\/li><li>Promouvoir\nune politique scolaire participative, qui est une valeur ajout\u00e9e sp\u00e9cifique \u00e0 l\u2019\u00e9cole\net \u00e0 notre r\u00e9seau lasallien.<\/li><\/ul>\n\n\n\n<p>Chaque \u00e9cole a sa\npropre histoire li\u00e9e au contexte scolaire, mais toutes nos \u00e9coles ont une\nhistoire en commun : celle de la fondation de Jean-Baptiste de La Salle. Les\nd\u00e9fis auxquels \u00e9tait confront\u00e9 de La Salle \u00e0 son \u00e9poque ne pouvaient \u00eatre\nrelev\u00e9s que par une communaut\u00e9 de personnes qui se disaient fr\u00e8res et qui s\u2019\u00e9taient\nassoci\u00e9es pour promouvoir une \u00e9ducation humaine et chr\u00e9tienne qui transforme\nles jeunes, surtout les pauvres. Aujourd\u2019hui, dans nos \u00e9coles, les Fr\u00e8res ont\ndisparu, et des enseignants la\u00efcs sont entr\u00e9s dans les \u00e9tablissements et dans\nla politique scolaire. D\u00e9vou\u00e9s \u00e0 l\u2019\u00e9ducation, ils travaillent ensemble et en\nsolidarit\u00e9 mutuelle sur un projet \u00e9ducatif qui vise \u00e0 offrir des opportunit\u00e9s\net \u00e0 cr\u00e9er un monde plus beau, plus tol\u00e9rant et plus chaleureux. <\/p>\n\n\n\n<p>Nous avons\nr\u00e9fl\u00e9chi ensemble \u00e0 cet engagement, qui est une vocation, un travail que nous\nfaisons ensemble et en association. Les conf\u00e9rences, les ateliers, la\nm\u00e9ditation guid\u00e9e et silencieuse, les r\u00e9flexions dans chaque \u00e9quipe scolaire et\nles \u00e9changes avec les autres \u00e9quipes scolaires nous ont rapproch\u00e9s, en tant que\ngroupe, de notre mission. Si nous voulons travailler pour les plus vuln\u00e9rables,\nnous devons pouvoir entendre leur voix dans nos \u00e9coles, et pour ce faire, nous\navons besoin d\u2019une culture scolaire o\u00f9 chacun a sa place et d\u2019une politique\nscolaire participative, bas\u00e9e sur le charisme de notre fondateur.<\/p>\n\n\n\n<figure class=\"wp-block-image size-large\"><img decoding=\"async\" width=\"1699\" height=\"1024\" src=\"https:\/\/www.lasalle.org\/wp-content\/uploads\/2020\/01\/DSC_0192-1699x1024.jpg\" alt=\"\" class=\"wp-image-67561\" srcset=\"https:\/\/www.lasalle.org\/wp-content\/uploads\/2020\/01\/DSC_0192-300x181.jpg 300w, https:\/\/www.lasalle.org\/wp-content\/uploads\/2020\/01\/DSC_0192-768x463.jpg 768w, https:\/\/www.lasalle.org\/wp-content\/uploads\/2020\/01\/DSC_0192-1536x926.jpg 1536w, https:\/\/www.lasalle.org\/wp-content\/uploads\/2020\/01\/DSC_0192-1699x1024.jpg 1699w\" sizes=\"(max-width: 1699px) 100vw, 1699px\" \/><\/figure>\n\n\n\n<p>Or, nous avons\naussi c\u00e9l\u00e9br\u00e9 le Tricentenaire. Une exposition d\u2019\u0153uvres d\u2019art sur le th\u00e8me \u00ab&nbsp;\u00eatre\nune \u00e9cole lasallienne aujourd\u2019hui&nbsp;\u00bb a \u00e9t\u00e9 inaugur\u00e9e en pr\u00e9sence des fr\u00e8res\nAlberto Gomez et Herman Lombaerts. Quatorze \u0153uvres d\u2019art ont \u00e9t\u00e9 pr\u00e9sent\u00e9es,\ncr\u00e9\u00e9es par quatorze \u00e9quipes diff\u00e9rentes d\u2019artistes &#8211; professeurs, \u00e9l\u00e8ves,\ndirecteurs, membres du conseil scolaire et conseillers professionnels &#8211; chacune\nayant son propre lien avec la mission lasallienne et son propre langage pour l\u2019exprimer.\n<\/p>\n\n\n\n<p>\u00c0 la fin du parcours,\nchaque \u00e9cole de notre r\u00e9seau a re\u00e7u un nouveau symbole de son appartenance au\nr\u00e9seau des \u00e9coles lasalliennes de Belgique-Nord : une \u00e9toile lasallienne\nbrillante, qui brillera pour les prochaines d\u00e9cennies. <\/p>\n\n\n\n<p>____________________<\/p>\n\n\n\n<p><strong>Les premi\u00e8res \u00e9coles lasalliennes<\/strong> ont \u00e9t\u00e9 \u00e9tablies \u00e0 Saint-Hubert <strong>en 1791<\/strong>. D\u2019autres en 1815 et en 1830 (apr\u00e8s l\u2019ind\u00e9pendance de la Belgique). Le District belge a \u00e9t\u00e9 officiellement fond\u00e9 en 1834, et en 1840 il comptait 124 Fr\u00e8res dans les \u00e9coles. <\/p>\n\n\n\n<p>Dans la seconde\nmoiti\u00e9 du XX<sup>e<\/sup> si\u00e8cle, une crise des vocations religieuses a touch\u00e9\nle District, qui aujourd\u2019hui est une D\u00e9l\u00e9gation.&nbsp; <\/p>\n\n\n\n<p>Actuellement, il compte <strong>44 Fr\u00e8res<\/strong> et <strong>2 168 enseignants<\/strong> (<strong>1 584 femmes<\/strong> et <strong>584 hommes<\/strong>), dans <strong>31 \u00e9tablissements<\/strong> qui accueillent au total <strong>17 921 \u00e9l\u00e8ves<\/strong>.<\/p>\n\n\n\n<hr class=\"wp-block-separator\"\/>\n\n\n\n<div class=\"wp-block-image\"><figure class=\"alignleft size-large is-resized\"><img decoding=\"async\" src=\"https:\/\/www.lasalle.org\/wp-content\/uploads\/2019\/07\/url-blue.png\" alt=\"\" class=\"wp-image-49751\" width=\"25\" height=\"25\"\/><\/figure><\/div>\n\n\n\n<p><a rel=\"noreferrer noopener\" aria-label=\"RELEM - R\u00e9gion Lasallienne Europe M\u00e9diterran\u00e9e\n (se abre en una nueva pesta\u00f1a)\" href=\"https:\/\/www.lasalle-relem.org\/\" target=\"_blank\">RELEM &#8211; R\u00e9gion Lasallienne Europe M\u00e9diterran\u00e9e<\/a><\/p>\n\n\n\n<hr class=\"wp-block-separator is-style-dots\"\/>\n\n\n\n<div class=\"wp-block-image\"><figure class=\"alignleft size-large is-resized\"><img decoding=\"async\" src=\"https:\/\/www.lasalle.org\/wp-content\/uploads\/2019\/07\/url-blue.png\" alt=\"\" class=\"wp-image-49751\" width=\"25\" height=\"25\"\/><\/figure><\/div>\n\n\n\n<p><a rel=\"noreferrer noopener\" aria-label=\"Het lasalliaanse verhaal gaat verder  (se abre en una nueva pesta\u00f1a)\" href=\"https:\/\/300jaardls.weebly.com\/\" target=\"_blank\">Belgium Nord-VLP &#8211; Het lasalliaanse verhaal gaat verder <\/a><\/p>\n\n\n\n<hr class=\"wp-block-separator is-style-dots\"\/>\n\n\n\n<div class=\"wp-block-image\"><figure class=\"alignleft size-large\"><img decoding=\"async\" width=\"30\" height=\"23\" src=\"https:\/\/www.lasalle.org\/wp-content\/uploads\/2020\/01\/folder_lasalle00.png\" alt=\"\" class=\"wp-image-67552\"\/><\/figure><\/div>\n\n\n\n<p><a href=\"https:\/\/www.lasalle.org\/fr\/category\/evenements\/300lasalle-fr\/\">Autres nouvelles #300LaSalle<\/a><\/p>\n\n\n\n<hr class=\"wp-block-separator\"\/>\n","protected":false},"excerpt":{"rendered":"<p> Maex Joke Conseiller professionnel sur l\u2019identit\u00e9 lasallienne et la  [&#8230;]<\/p>\n","protected":false},"author":9,"featured_media":67544,"comment_status":"closed","ping_status":"closed","sticky":false,"template":"","format":"standard","meta":{"_tec_requires_first_save":true,"_monsterinsights_skip_tracking":false,"_monsterinsights_sitenote_active":false,"_monsterinsights_sitenote_note":"","_monsterinsights_sitenote_category":0,"_EventAllDay":false,"_EventTimezone":"","_EventStartDate":"","_EventEndDate":"","_EventStartDateUTC":"","_EventEndDateUTC":"","_EventShowMap":false,"_EventShowMapLink":false,"_EventURL":"","_EventCost":"","_EventCostDescription":"","_EventCurrencySymbol":"","_EventCurrencyCode":"","_EventCurrencyPosition":"","_EventDateTimeSeparator":"","_EventTimeRangeSeparator":"","_EventOrganizerID":[],"_EventVenueID":[],"_OrganizerEmail":"","_OrganizerPhone":"","_OrganizerWebsite":"","_VenueAddress":"","_VenueCity":"","_VenueCountry":"","_VenueProvince":"","_VenueState":"","_VenueZip":"","_VenuePhone":"","_VenueURL":"","_VenueStateProvince":"","_VenueLat":"","_VenueLng":"","_VenueShowMap":false,"_VenueShowMapLink":false,"_tribe_blocks_recurrence_rules":"","_tribe_blocks_recurrence_description":"","_tribe_blocks_recurrence_exclusions":"","footnotes":""},"categories":[3305,3368,3529],"tags":[],"class_list":["post-67574","post","type-post","status-publish","format-standard","has-post-thumbnail","hentry","category-evenements","category-nouvelles","category-relem-fr"],"_links":{"self":[{"href":"https:\/\/www.lasalle.org\/fr\/wp-json\/wp\/v2\/posts\/67574","targetHints":{"allow":["GET"]}}],"collection":[{"href":"https:\/\/www.lasalle.org\/fr\/wp-json\/wp\/v2\/posts"}],"about":[{"href":"https:\/\/www.lasalle.org\/fr\/wp-json\/wp\/v2\/types\/post"}],"author":[{"embeddable":true,"href":"https:\/\/www.lasalle.org\/fr\/wp-json\/wp\/v2\/users\/9"}],"replies":[{"embeddable":true,"href":"https:\/\/www.lasalle.org\/fr\/wp-json\/wp\/v2\/comments?post=67574"}],"version-history":[{"count":4,"href":"https:\/\/www.lasalle.org\/fr\/wp-json\/wp\/v2\/posts\/67574\/revisions"}],"predecessor-version":[{"id":67680,"href":"https:\/\/www.lasalle.org\/fr\/wp-json\/wp\/v2\/posts\/67574\/revisions\/67680"}],"wp:featuredmedia":[{"embeddable":true,"href":"https:\/\/www.lasalle.org\/fr\/wp-json\/wp\/v2\/media\/67544"}],"wp:attachment":[{"href":"https:\/\/www.lasalle.org\/fr\/wp-json\/wp\/v2\/media?parent=67574"}],"wp:term":[{"taxonomy":"category","embeddable":true,"href":"https:\/\/www.lasalle.org\/fr\/wp-json\/wp\/v2\/categories?post=67574"},{"taxonomy":"post_tag","embeddable":true,"href":"https:\/\/www.lasalle.org\/fr\/wp-json\/wp\/v2\/tags?post=67574"}],"curies":[{"name":"wp","href":"https:\/\/api.w.org\/{rel}","templated":true}]}}