{"id":73263,"date":"2020-09-11T10:13:45","date_gmt":"2020-09-11T09:13:45","guid":{"rendered":"https:\/\/www.lasalle.org\/?p=73263"},"modified":"2020-09-11T10:59:56","modified_gmt":"2020-09-11T09:59:56","slug":"vietnam-inauguration-du-nouveau-dortoir-a-dakmil","status":"publish","type":"post","link":"https:\/\/www.lasalle.org\/fr\/vietnam-inauguration-du-nouveau-dortoir-a-dakmil\/","title":{"rendered":"Vietnam &#8211; Inauguration du nouveau dortoir \u00e0 Dakmil"},"content":{"rendered":"<div class=\"pdfprnt-buttons pdfprnt-buttons-post pdfprnt-top-right\"><a href=\"https:\/\/www.lasalle.org\/fr\/wp-json\/wp\/v2\/posts\/73263?print=pdf\" class=\"pdfprnt-button pdfprnt-button-pdf\" target=\"_blank\" ><img decoding=\"async\" src=\"https:\/\/www.lasalle.org\/wp-content\/plugins\/pdf-print\/images\/pdf.png\" alt=\"image_pdf\" title=\"T\u00e9l\u00e9charger le PDF\" \/><span class=\"pdfprnt-button-title pdfprnt-button-pdf-title\">PDF<\/span><\/a><a href=\"https:\/\/www.lasalle.org\/fr\/wp-json\/wp\/v2\/posts\/73263?print=print\" class=\"pdfprnt-button pdfprnt-button-print\" target=\"_blank\" ><img decoding=\"async\" src=\"https:\/\/www.lasalle.org\/wp-content\/plugins\/pdf-print\/images\/print.png\" alt=\"image_print\" title=\"Contenu imprim\u00e9\" \/><span class=\"pdfprnt-button-title pdfprnt-button-print-title\">PRINT<\/span><\/a><\/div>\n<p><\/p>\n\n\n\n<p class=\"has-small-font-size\">Fr\u00e8re Simon Thien<\/p>\n\n\n\n<div class=\"wp-block-image\"><figure class=\"alignright is-resized\"><img decoding=\"async\" src=\"https:\/\/www.lasalle.org\/wp-content\/uploads\/2020\/09\/H1.jpg\" alt=\"Questa immagine ha l'attributo alt vuoto; il nome del file \u00e8 H1.jpg\" width=\"320\" height=\"240\"\/><\/figure><\/div>\n\n\n\n<p>Au Vietnam, le nombre de cas d&rsquo;infection de Coronavirus augmente progressivement. C&rsquo;est la raison pour laquelle, le 3 ao\u00fbt 2020, l&rsquo;\u00e9cole lasallienne de Truong Vinh Ky \u00e0 Dakmil a ouvert ses portes avec seulement 30 personnes. \u00c9taient pr\u00e9sents \u00e0 la c\u00e9r\u00e9monie le Visiteur Joseph Le Van Phuong, certains de ses conseillers, le secr\u00e9taire et quelques Fr\u00e8res, ainsi que des membres de la communaut\u00e9 des Fr\u00e8res de Vinh An, la direction de l&rsquo;\u00e9cole et des repr\u00e9sentants des enseignants, des parents, des ing\u00e9nieurs et des ouvriers. [\u2026]<\/p>\n\n\n\n<div class=\"wp-block-image\"><figure class=\"alignleft is-resized\"><img decoding=\"async\" src=\"https:\/\/www.lasalle.org\/wp-content\/uploads\/2020\/09\/Inauguration-BoardingHouse-7-1369x1024.jpg\" alt=\"Questa immagine ha l'attributo alt vuoto; il nome del file \u00e8 Inauguration-BoardingHouse-7-1369x1024.jpg\" width=\"342\" height=\"256\"\/><\/figure><\/div>\n\n\n\n<p>Apr\u00e8s une br\u00e8ve pri\u00e8re liturgique au cours de laquelle le cur\u00e9 local a b\u00e9ni le nouveau b\u00e2timent, [&#8230;], le Fr\u00e8re Visiteur, apr\u00e8s avoir adress\u00e9 un message de remerciement \u00e0 tous les participants [&#8230;] pour le don re\u00e7u [&#8230;], a mentionn\u00e9 tous les contributeurs \u00e0 la r\u00e9alisation et au financement de l&rsquo;ensemble du projet de l&rsquo;\u00e9cole de Dakmil. Il a notamment parl\u00e9 du Fr\u00e8re Amilcare Boccuccia et de son \u00e9quipe du <a href=\"https:\/\/www.lasalle.org\/fr\/animacion-y-gobierno\/secretariado-de-solidaridad-y-desarrollo\/blog-solidarite-et-developpement\/\">Secr\u00e9tariat de Solidarit\u00e9 et D\u00e9veloppement \u00e0 Rome<\/a> , par l&rsquo;interm\u00e9diaire desquels les Fr\u00e8res au Vietnam ont \u00e9galement re\u00e7u l&rsquo;aide de quelques organisations g\u00e9n\u00e9reuses telles que : la <em>Conf\u00e9rence \u00e9piscopale italienne (<\/em>CEI), <em>The Lasallian Foundation<\/em> (Australie), <em>Porticus, Misean Cara, Noel<\/em> et la Fondation de la<em> famille Carmel O&rsquo;Brien<\/em>, ainsi que d&rsquo;autres donateurs anonymes qui ont soutenu le projet d&rsquo;\u00e9cole depuis ses d\u00e9buts.<\/p>\n\n\n\n<p>[&#8230;] \u00c0 la fin de la rencontre, le Fr\u00e8re Visiteur a invit\u00e9 les responsables des \u00e9coles comme l\u2019ensemble de la communaut\u00e9 \u00e9ducative \u00e0 \u00eatre des administrateurs \u00e9clair\u00e9s et responsables pour le bien de tous les \u00e9l\u00e8ves, en particulier en offrant de bons services aux pauvres et aux minorit\u00e9s.<\/p>\n\n\n\n<p class=\"has-cyan-bluish-gray-background-color has-background has-small-font-size\">Le 6 janvier 1866, le Vietnam a accueilli six Fr\u00e8res fran\u00e7ais, arriv\u00e9s dans le pays pour initier la mission lasallienne. Trois jours plus tard, le 9 janvier 1866, ils ont commenc\u00e9 \u00e0 g\u00e9rer la premi\u00e8re \u00e9cole de Sa\u00efgon. L&rsquo;histoire de la famille lasallienne au Vietnam a connu son plus grand d\u00e9fi \u00e0 la fin de la guerre, en 1975, lorsque toutes les \u00e9coles lasalliennes ont \u00e9t\u00e9 reprises par le gouvernement. Le nombre de Fr\u00e8res s\u2019est accru lentement \u00e0 la fois gr\u00e2ce \u00e0 leur pr\u00e9sence active et leur service aux pauvres. 88 fr\u00e8res \u0153uvrent actuellement dans le district, pr\u00e8s de 40 d\u2019entre eux \u00e9tant \u00e2g\u00e9s de moins de 40 ans. Ils enseignent dans 4 \u00e9coles, deux d\u2019entre elles offrant un enseignement gratuit \u00e0 tous les \u00e9l\u00e8ves. En plus de l&rsquo;\u00e9cole, les Fr\u00e8res aident les \u00e9l\u00e8ves dans les internats dans de nombreux endroits o\u00f9 \u00e9volue une communaut\u00e9. Environ 110 enseignants la\u00efcs partagent la mission lasallienne, ainsi que trois congr\u00e9gations de femmes qui contribuent avec leurs s\u0153urs aux activit\u00e9s d&rsquo;enseignement. \u00c0 ce jour, les \u00e9coles et internats comptent environ 2100 \u00e9l\u00e8ves. Pr\u00e8s de 600 apprenants b\u00e9n\u00e9ficient d\u2019un enseignement gratuit.<\/p>\n\n\n\n<hr class=\"wp-block-separator\"\/>\n\n\n\n<p class=\"has-large-font-size\"><strong>Sud-Soudan &#8211; Une nouvelle r\u00e9sidence pour les enseignants<\/strong><\/p>\n\n\n\n<div class=\"wp-block-image\"><figure class=\"alignright is-resized\"><img decoding=\"async\" src=\"https:\/\/www.lasalle.org\/wp-content\/uploads\/2020\/09\/De-La-Salle-Brothers-South-Sudan_La-Salle-School-Rumbek-2.jpg\" alt=\"Questa immagine ha l'attributo alt vuoto; il nome del file \u00e8 De-La-Salle-Brothers-South-Sudan_La-Salle-School-Rumbek-2.jpg\" width=\"258\" height=\"194\"\/><\/figure><\/div>\n\n\n\n<p>Nos nouvelles \u00e9coles comprennent \u00e9galement l&rsquo;<em>\u00e9cole La Salle School-Rumbek<\/em>, au Sud-Soudan, o\u00f9 les travaux se poursuivent pour en achever la construction.<\/p>\n\n\n\n<p>Malgr\u00e9 la fermeture due \u00e0 la propagation du coronavirus, il a \u00e9t\u00e9 possible de poursuivre les travaux de construction de la cantine scolaire, lesquels ont \u00e9t\u00e9 r\u00e9alis\u00e9s avec l&rsquo;aide de <em>Caritas Pro Vitae Gradu<\/em>. Les produits du terrain, autour de l&rsquo;\u00e9cole, plant\u00e9 de c\u00e9r\u00e9ales et d&rsquo;arbres fruitiers, contribueront \u00e9galement \u00e0 alimenter la cantine.<\/p>\n\n\n\n<p>Afin d&rsquo;accueillir un plus grand nombre d&rsquo;enseignants, de nouveaux locaux sont en cours de construction qui, en plus de ceux d\u00e9j\u00e0 existants, accueilleront 18 enseignants.<\/p>\n\n\n\n<p class=\"has-cyan-bluish-gray-background-color has-background has-small-font-size\">La mission lasallienne est pr\u00e9sente au Sud Soudan depuis 2008, gr\u00e2ce \u00e0 la pr\u00e9sence de communaut\u00e9s interreligieuses dans le cadre du programme \u00ab&nbsp;Solidarit\u00e9 avec le Sud Soudan&nbsp;\u00bb. La premi\u00e8re communaut\u00e9 ind\u00e9pendante a \u00e9t\u00e9 form\u00e9e en 2018, avec la construction de l&rsquo;\u00e9cole La Salle-Rumbek, laquelle compte aujourd&rsquo;hui 153 membres.<\/p>\n","protected":false},"excerpt":{"rendered":"<p> Fr\u00e8re Simon Thien Au Vietnam, le nombre de cas  [&#8230;]<\/p>\n","protected":false},"author":9,"featured_media":73289,"comment_status":"closed","ping_status":"closed","sticky":false,"template":"","format":"standard","meta":{"_tec_requires_first_save":true,"_monsterinsights_skip_tracking":false,"_monsterinsights_sitenote_active":false,"_monsterinsights_sitenote_note":"","_monsterinsights_sitenote_category":0,"_EventAllDay":false,"_EventTimezone":"","_EventStartDate":"","_EventEndDate":"","_EventStartDateUTC":"","_EventEndDateUTC":"","_EventShowMap":false,"_EventShowMapLink":false,"_EventURL":"","_EventCost":"","_EventCostDescription":"","_EventCurrencySymbol":"","_EventCurrencyCode":"","_EventCurrencyPosition":"","_EventDateTimeSeparator":"","_EventTimeRangeSeparator":"","_EventOrganizerID":[],"_EventVenueID":[],"_OrganizerEmail":"","_OrganizerPhone":"","_OrganizerWebsite":"","_VenueAddress":"","_VenueCity":"","_VenueCountry":"","_VenueProvince":"","_VenueState":"","_VenueZip":"","_VenuePhone":"","_VenueURL":"","_VenueStateProvince":"","_VenueLat":"","_VenueLng":"","_VenueShowMap":false,"_VenueShowMapLink":false,"_tribe_blocks_recurrence_rules":"","_tribe_blocks_recurrence_description":"","_tribe_blocks_recurrence_exclusions":"","footnotes":""},"categories":[3288,3292,3368,3445,3463],"tags":[],"class_list":["post-73263","post","type-post","status-publish","format-standard","has-post-thumbnail","hentry","category-bureau-de-solidarite-et-developpement","category-la-salle-foundation","category-nouvelles","category-parc-fr","category-relaf-fr"],"_links":{"self":[{"href":"https:\/\/www.lasalle.org\/fr\/wp-json\/wp\/v2\/posts\/73263","targetHints":{"allow":["GET"]}}],"collection":[{"href":"https:\/\/www.lasalle.org\/fr\/wp-json\/wp\/v2\/posts"}],"about":[{"href":"https:\/\/www.lasalle.org\/fr\/wp-json\/wp\/v2\/types\/post"}],"author":[{"embeddable":true,"href":"https:\/\/www.lasalle.org\/fr\/wp-json\/wp\/v2\/users\/9"}],"replies":[{"embeddable":true,"href":"https:\/\/www.lasalle.org\/fr\/wp-json\/wp\/v2\/comments?post=73263"}],"version-history":[{"count":5,"href":"https:\/\/www.lasalle.org\/fr\/wp-json\/wp\/v2\/posts\/73263\/revisions"}],"predecessor-version":[{"id":73268,"href":"https:\/\/www.lasalle.org\/fr\/wp-json\/wp\/v2\/posts\/73263\/revisions\/73268"}],"wp:featuredmedia":[{"embeddable":true,"href":"https:\/\/www.lasalle.org\/fr\/wp-json\/wp\/v2\/media\/73289"}],"wp:attachment":[{"href":"https:\/\/www.lasalle.org\/fr\/wp-json\/wp\/v2\/media?parent=73263"}],"wp:term":[{"taxonomy":"category","embeddable":true,"href":"https:\/\/www.lasalle.org\/fr\/wp-json\/wp\/v2\/categories?post=73263"},{"taxonomy":"post_tag","embeddable":true,"href":"https:\/\/www.lasalle.org\/fr\/wp-json\/wp\/v2\/tags?post=73263"}],"curies":[{"name":"wp","href":"https:\/\/api.w.org\/{rel}","templated":true}]}}