{"id":83899,"date":"2022-01-12T11:55:17","date_gmt":"2022-01-12T10:55:17","guid":{"rendered":"https:\/\/www.lasalle.org\/?p=83899"},"modified":"2022-01-27T10:39:13","modified_gmt":"2022-01-27T09:39:13","slug":"aimel-2020-deuxieme-reunion-en-ligne","status":"publish","type":"post","link":"https:\/\/www.lasalle.org\/fr\/aimel-2020-deuxieme-reunion-en-ligne\/","title":{"rendered":"AIMEL 2020 &#8211; DEUXI\u00c8ME R\u00c9UNION EN LIGNE"},"content":{"rendered":"<div class=\"pdfprnt-buttons pdfprnt-buttons-post pdfprnt-top-right\"><a href=\"https:\/\/www.lasalle.org\/fr\/wp-json\/wp\/v2\/posts\/83899?print=pdf\" class=\"pdfprnt-button pdfprnt-button-pdf\" target=\"_blank\" ><img decoding=\"async\" src=\"https:\/\/www.lasalle.org\/wp-content\/plugins\/pdf-print\/images\/pdf.png\" alt=\"image_pdf\" title=\"T\u00e9l\u00e9charger le PDF\" \/><span class=\"pdfprnt-button-title pdfprnt-button-pdf-title\">PDF<\/span><\/a><a href=\"https:\/\/www.lasalle.org\/fr\/wp-json\/wp\/v2\/posts\/83899?print=print\" class=\"pdfprnt-button pdfprnt-button-print\" target=\"_blank\" ><img decoding=\"async\" src=\"https:\/\/www.lasalle.org\/wp-content\/plugins\/pdf-print\/images\/print.png\" alt=\"image_print\" title=\"Contenu imprim\u00e9\" \/><span class=\"pdfprnt-button-title pdfprnt-button-print-title\">PRINT<\/span><\/a><\/div><div class=\"fusion-fullwidth fullwidth-box fusion-builder-row-1 fusion-flex-container nonhundred-percent-fullwidth non-hundred-percent-height-scrolling\" style=\"--awb-border-radius-top-left:0px;--awb-border-radius-top-right:0px;--awb-border-radius-bottom-right:0px;--awb-border-radius-bottom-left:0px;--awb-flex-wrap:wrap;\" ><div class=\"fusion-builder-row fusion-row fusion-flex-align-items-flex-start fusion-flex-content-wrap\" style=\"max-width:1248px;margin-left: calc(-4% \/ 2 );margin-right: calc(-4% \/ 2 );\"><div class=\"fusion-layout-column fusion_builder_column fusion-builder-column-0 fusion_builder_column_1_1 1_1 fusion-flex-column\" style=\"--awb-bg-size:cover;--awb-width-large:100%;--awb-margin-top-large:0px;--awb-spacing-right-large:1.92%;--awb-margin-bottom-large:0px;--awb-spacing-left-large:1.92%;--awb-width-medium:100%;--awb-spacing-right-medium:1.92%;--awb-spacing-left-medium:1.92%;--awb-width-small:100%;--awb-spacing-right-small:1.92%;--awb-spacing-left-small:1.92%;\"><div class=\"fusion-column-wrapper fusion-flex-justify-content-flex-start fusion-content-layout-column\"><div class=\"fusion-text fusion-text-1\" style=\"--awb-text-transform:none;\"><p><strong><em>\u201cEnsemble nous pouvons le r\u00e9aliser\u201d<\/em><\/strong><\/p>\n<p>La deuxi\u00e8me r\u00e9union en ligne d&rsquo;AIMEL aura lieu le <strong>jeudi 13 janvier 2022, <\/strong><strong>\u00e0 1h00 du matin (heure de Rome)<\/strong><strong>. <\/strong>Le 10 novembre 2021, s\u2019est tenue la premi\u00e8re des sessions en ligne pr\u00e9vues jusqu&rsquo;au 1<sup>er<\/sup> avril 2022, en utilisant la plateforme Zoom.<\/p>\n<p>Dans cette phase num\u00e9rique, il est pr\u00e9vu d&rsquo;\u00e9tudier les propositions \u00e9ducatives et leurs motivations qui seront pr\u00e9sent\u00e9es au 46<sup>\u00e8me<\/sup> Chapitre G\u00e9n\u00e9ral, en utilisant la plateforme Google Classroom, \u00e0 travers des vid\u00e9os, des lectures et des \u00e9changes de r\u00e9flexions.<\/p>\n<p>La seconde partie de l&rsquo;Assembl\u00e9e devrait se d\u00e9rouler en pr\u00e9sentiel, \u00e0 la Maison G\u00e9n\u00e9ralice de Rome, <strong>du 29 octobre au 4 novembre 2022. <\/strong>L&rsquo;objectif sera de d\u00e9velopper les <strong>propositions \u00e9ducatives <\/strong>discut\u00e9es lors de la premi\u00e8re phase en ligne<strong>, <\/strong>et d\u2019en d\u00e9crire les lignes d&rsquo;action.<\/p>\n<\/div><div class=\"fusion-separator fusion-full-width-sep\" style=\"align-self: center;margin-left: auto;margin-right: auto;width:100%;\"><div class=\"fusion-separator-border sep-double sep-solid\" style=\"--awb-height:20px;--awb-amount:20px;border-color:#e0dede;border-top-width:1px;border-bottom-width:1px;\"><\/div><\/div><div class=\"fusion-text fusion-text-2\" style=\"--awb-text-transform:none;\"><p>&nbsp;<\/p>\n<p><span style=\"color: #0000ff;\">Chers Lasalliens,<\/span><\/p>\n<p><span style=\"color: #0000ff;\">Le 10 novembre, nous avons officiellement commenc\u00e9 la IIIe Assembl\u00e9e internationale de la mission \u00e9ducative lasallienne avec le th\u00e8me et la devise : \u00a0\u00bb Identit\u00e9, vitalit\u00e9, transformation \u00ab\u00a0. Ensemble, nous rendons cela possible\u00a0\u00bb.<\/span><\/p>\n<p><span style=\"color: #0000ff;\">Quelques mois ont pass\u00e9 et les d\u00e9l\u00e9gu\u00e9s ont approfondi leur connaissance des diff\u00e9rentes r\u00e9alit\u00e9s de l&rsquo;Institut au moyen de vid\u00e9os, de lectures et de dialogues, gr\u00e2ce \u00e0 la technologie.<\/span><\/p>\n<p><span style=\"color: #0000ff;\">Maintenant, il est temps de r\u00eaver et de discerner les meilleures strat\u00e9gies qui nous permettront de continuer \u00e0 d\u00e9velopper notre mission \u00e9ducative. Du 24 janvier au 25 mars, les d\u00e9l\u00e9gu\u00e9s, organis\u00e9s en groupes de travail, \u00e9laboreront des propositions p\u00e9dagogiques qui seront \u00e9tudi\u00e9es et, le cas \u00e9ch\u00e9ant, approuv\u00e9es en s\u00e9ance pl\u00e9ni\u00e8re du 28 au 31 mars.<\/span><\/p>\n<p><span style=\"color: #0000ff;\">Les sujets qui seront \u00e9tudi\u00e9s par les membres de l&rsquo;assembl\u00e9e sont les suivants :<\/span><\/p>\n<ol>\n<li><span style=\"color: #0000ff;\">Animation et gouvernance<\/span><\/li>\n<li><span style=\"color: #0000ff;\">Formation et accompagnement<\/span><\/li>\n<li><span style=\"color: #0000ff;\">Association et communaut\u00e9 lasallienne<\/span><\/li>\n<li><span style=\"color: #0000ff;\">Culture professionnelle<\/span><\/li>\n<li><span style=\"color: #0000ff;\">Mission \u00e9ducative : service aux pauvres et inclusion<\/span><\/li>\n<li><span style=\"color: #0000ff;\">Mission \u00e9ducative : \u00e9vang\u00e9lisation<\/span><\/li>\n<li><span style=\"color: #0000ff;\">Mission \u00e9ducative : formation \u00e0 la citoyennet\u00e9 et engagement social<\/span><\/li>\n<li><span style=\"color: #0000ff;\">Identit\u00e9 des \u0153uvres \u00e9ducatives<\/span><\/li>\n<\/ol>\n<p><span style=\"color: #0000ff;\">Comme vous le savez, la complexit\u00e9 des sujets est \u00e9lev\u00e9e et la technologie a ses limites, nous vous invitons donc \u00e0 encourager tous les d\u00e9l\u00e9gu\u00e9s \u00e0 se joindre spirituellement \u00e0 cet important \u00e9v\u00e9nement d&rsquo;Association, de communion fraternelle.<\/span><\/p>\n<p><span style=\"color: #0000ff;\">D&rsquo;autre part, nous vous invitons \u00e9galement \u00e0 participer \u00e0 l&rsquo;\u00e9v\u00e9nement de cl\u00f4ture de cette phase en mode en ligne. Cet \u00e9v\u00e9nement sera diffus\u00e9 sur nos r\u00e9seaux sociaux. Nous vous fournirons des informations d\u00e9taill\u00e9es sur cette \u00e9mission en temps voulu.<\/span><\/p>\n<p><span style=\"color: #0000ff;\">Merci pour votre communion fraternelle et pour avoir transform\u00e9 des vies, malgr\u00e9 les difficult\u00e9s.<\/span><\/p>\n<p><span style=\"color: #0000ff;\">Vive J\u00e9sus dans nos c\u0153urs&#8230; pour toujours !<\/span><\/p>\n<p><span style=\"color: #0000ff;\">Conseil international pour l&rsquo;association et la mission \u00e9ducative lasallienne (CIAMEL)<\/span><\/p>\n<\/div><\/div><\/div><\/div><\/div>\n","protected":false},"excerpt":{"rendered":"","protected":false},"author":9,"featured_media":83901,"comment_status":"closed","ping_status":"closed","sticky":false,"template":"","format":"standard","meta":{"_tec_requires_first_save":true,"_monsterinsights_skip_tracking":false,"_monsterinsights_sitenote_active":false,"_monsterinsights_sitenote_note":"","_monsterinsights_sitenote_category":0,"_EventAllDay":false,"_EventTimezone":"","_EventStartDate":"","_EventEndDate":"","_EventStartDateUTC":"","_EventEndDateUTC":"","_EventShowMap":false,"_EventShowMapLink":false,"_EventURL":"","_EventCost":"","_EventCostDescription":"","_EventCurrencySymbol":"","_EventCurrencyCode":"","_EventCurrencyPosition":"","_EventDateTimeSeparator":"","_EventTimeRangeSeparator":"","_EventOrganizerID":[],"_EventVenueID":[],"_OrganizerEmail":"","_OrganizerPhone":"","_OrganizerWebsite":"","_VenueAddress":"","_VenueCity":"","_VenueCountry":"","_VenueProvince":"","_VenueState":"","_VenueZip":"","_VenuePhone":"","_VenueURL":"","_VenueStateProvince":"","_VenueLat":"","_VenueLng":"","_VenueShowMap":false,"_VenueShowMapLink":false,"_tribe_blocks_recurrence_rules":"","_tribe_blocks_recurrence_description":"","_tribe_blocks_recurrence_exclusions":"","footnotes":""},"categories":[3287,3359,3368],"tags":[],"class_list":["post-83899","post","type-post","status-publish","format-standard","has-post-thumbnail","hentry","category-commission-de-lassociation","category-mission-et-solidarite","category-nouvelles"],"_links":{"self":[{"href":"https:\/\/www.lasalle.org\/fr\/wp-json\/wp\/v2\/posts\/83899","targetHints":{"allow":["GET"]}}],"collection":[{"href":"https:\/\/www.lasalle.org\/fr\/wp-json\/wp\/v2\/posts"}],"about":[{"href":"https:\/\/www.lasalle.org\/fr\/wp-json\/wp\/v2\/types\/post"}],"author":[{"embeddable":true,"href":"https:\/\/www.lasalle.org\/fr\/wp-json\/wp\/v2\/users\/9"}],"replies":[{"embeddable":true,"href":"https:\/\/www.lasalle.org\/fr\/wp-json\/wp\/v2\/comments?post=83899"}],"version-history":[{"count":4,"href":"https:\/\/www.lasalle.org\/fr\/wp-json\/wp\/v2\/posts\/83899\/revisions"}],"predecessor-version":[{"id":84399,"href":"https:\/\/www.lasalle.org\/fr\/wp-json\/wp\/v2\/posts\/83899\/revisions\/84399"}],"wp:featuredmedia":[{"embeddable":true,"href":"https:\/\/www.lasalle.org\/fr\/wp-json\/wp\/v2\/media\/83901"}],"wp:attachment":[{"href":"https:\/\/www.lasalle.org\/fr\/wp-json\/wp\/v2\/media?parent=83899"}],"wp:term":[{"taxonomy":"category","embeddable":true,"href":"https:\/\/www.lasalle.org\/fr\/wp-json\/wp\/v2\/categories?post=83899"},{"taxonomy":"post_tag","embeddable":true,"href":"https:\/\/www.lasalle.org\/fr\/wp-json\/wp\/v2\/tags?post=83899"}],"curies":[{"name":"wp","href":"https:\/\/api.w.org\/{rel}","templated":true}]}}