{"id":84993,"date":"2022-03-01T15:18:59","date_gmt":"2022-03-01T14:18:59","guid":{"rendered":"https:\/\/www.lasalle.org\/?p=84993"},"modified":"2022-03-01T19:19:51","modified_gmt":"2022-03-01T18:19:51","slug":"la-salle-for-ukrainians","status":"publish","type":"post","link":"https:\/\/www.lasalle.org\/fr\/la-salle-for-ukrainians\/","title":{"rendered":"La Salle For Ukrainians"},"content":{"rendered":"<div class=\"pdfprnt-buttons pdfprnt-buttons-post pdfprnt-top-right\"><a href=\"https:\/\/www.lasalle.org\/fr\/wp-json\/wp\/v2\/posts\/84993?print=pdf\" class=\"pdfprnt-button pdfprnt-button-pdf\" target=\"_blank\" ><img decoding=\"async\" src=\"https:\/\/www.lasalle.org\/wp-content\/plugins\/pdf-print\/images\/pdf.png\" alt=\"image_pdf\" title=\"T\u00e9l\u00e9charger le PDF\" \/><span class=\"pdfprnt-button-title pdfprnt-button-pdf-title\">PDF<\/span><\/a><a href=\"https:\/\/www.lasalle.org\/fr\/wp-json\/wp\/v2\/posts\/84993?print=print\" class=\"pdfprnt-button pdfprnt-button-print\" target=\"_blank\" ><img decoding=\"async\" src=\"https:\/\/www.lasalle.org\/wp-content\/plugins\/pdf-print\/images\/print.png\" alt=\"image_print\" title=\"Contenu imprim\u00e9\" \/><span class=\"pdfprnt-button-title pdfprnt-button-print-title\">PRINT<\/span><\/a><\/div><div class=\"fusion-fullwidth fullwidth-box fusion-builder-row-1 fusion-flex-container nonhundred-percent-fullwidth non-hundred-percent-height-scrolling\" style=\"--awb-border-radius-top-left:0px;--awb-border-radius-top-right:0px;--awb-border-radius-bottom-right:0px;--awb-border-radius-bottom-left:0px;--awb-flex-wrap:wrap;\" ><div class=\"fusion-builder-row fusion-row fusion-flex-align-items-flex-start fusion-flex-content-wrap\" style=\"max-width:1248px;margin-left: calc(-4% \/ 2 );margin-right: calc(-4% \/ 2 );\"><div class=\"fusion-layout-column fusion_builder_column fusion-builder-column-0 fusion_builder_column_1_1 1_1 fusion-flex-column\" style=\"--awb-bg-size:cover;--awb-width-large:100%;--awb-margin-top-large:0px;--awb-spacing-right-large:1.92%;--awb-margin-bottom-large:0px;--awb-spacing-left-large:1.92%;--awb-width-medium:100%;--awb-spacing-right-medium:1.92%;--awb-spacing-left-medium:1.92%;--awb-width-small:100%;--awb-spacing-right-small:1.92%;--awb-spacing-left-small:1.92%;\"><div class=\"fusion-column-wrapper fusion-flex-justify-content-flex-start fusion-content-layout-column\"><div class=\"fusion-separator fusion-full-width-sep\" style=\"align-self: center;margin-left: auto;margin-right: auto;width:100%;\"><div class=\"fusion-separator-border sep-single sep-solid\" style=\"--awb-height:20px;--awb-amount:20px;border-color:#e0dede;border-top-width:1px;\"><\/div><\/div><div class=\"fusion-text fusion-text-1\" style=\"--awb-text-transform:none;\"><p><a href=\"https:\/\/www.lasalle.org\/wp-content\/uploads\/2022\/03\/FR_Appeal_LaSalleForUkrainians.pdf\" target=\"_blank\" rel=\"noopener\"><img decoding=\"async\" class=\"wp-image-85047 alignleft\" src=\"https:\/\/www.lasalle.org\/wp-content\/uploads\/2022\/03\/download-pdf-button-1-300x88-1.png\" alt=\"\" width=\"130\" height=\"24\" \/><\/a><a href=\"https:\/\/www.lasalle.org\/wp-content\/uploads\/2022\/03\/FR_Appeal_LaSalleForUkrainians.pdf\" target=\"_blank\" rel=\"noopener\">FR_Appeal_LaSalleForUkrainians<\/a><\/p>\n<\/div><div class=\"fusion-separator fusion-full-width-sep\" style=\"align-self: center;margin-left: auto;margin-right: auto;width:100%;\"><div class=\"fusion-separator-border sep-single sep-solid\" style=\"--awb-height:20px;--awb-amount:20px;border-color:#e0dede;border-top-width:1px;\"><\/div><\/div><div class=\"fusion-text fusion-text-2\" style=\"--awb-text-transform:none;\"><p style=\"text-align: right;\">2 mars 2022<\/p>\n<p>Chers Fr\u00e8res, Partenaires et tous les membres de la famille lasallienne,<\/p>\n<p><em>Fais que les \u00e9v\u00e9nements du monde, Seigneur, <\/em><em>se d\u00e9roulent dans la paix,\u00a0<\/em><em>selon ton dessein&#8230;.<\/em><a href=\"#_ftn1\" name=\"_ftnref1\">[1]<\/a><\/p>\n<p>Prions pour que l&rsquo;esprit de paix et de r\u00e9conciliation inspire notre pri\u00e8re, nos pens\u00e9es et notre comportement alors que nous entamons ensemble notre parcours du Car\u00eame.\u00a0 En tant que messagers et messag\u00e8res de J\u00e9sus-Christ, nous sommes appel\u00e9s \u00e0 \u00eatre des t\u00e9moins de la fraternit\u00e9 et \u00e0 construire des communaut\u00e9s de soutien mutuel et de tol\u00e9rance. Aujourd&rsquo;hui plus que jamais, nous devons \u00eatre des instruments de r\u00e9conciliation et des porteurs de l\u2019\u00e9clatante lumi\u00e8re de l&rsquo;esp\u00e9rance chr\u00e9tienne. Nous devons travailler ensemble avec toutes les personnes de bonne volont\u00e9 pour dissiper les ombres des t\u00e9n\u00e8bres et bannir les vents de guerre.<\/p>\n<p>Alors que la fureur de la guerre fait des ravages en Ukraine, Je me souviens de ces paroles du Pape Fran\u00e7ois :<\/p>\n<p>Le Car\u00eame est un temps propice pour rechercher, et non \u00e9viter, ceux qui sont dans le besoin ; appeler, et non ignorer, ceux qui d\u00e9sirent l\u2019\u00e9coute et une bonne parole ; visiter, et non abandonner, ceux qui souffrent de la solitude. Mettons en pratique l&rsquo;appel \u00e0 faire du bien\u00a0envers tous\u00a0en prenant le temps d&rsquo;aimer les plus petits et les sans d\u00e9fense, les abandonn\u00e9s et les m\u00e9pris\u00e9s, celui qui est victime de discrimination et de marginalisation.<a href=\"#_ftn2\" name=\"_ftnref2\">[2]<\/a><\/p>\n<p>J&rsquo;invite tous les Lasalliens \u00e0 soutenir \u00a0\u00bb La Salle pour les Ukrainiens \u00a0\u00bb comme un moyen concret de tendre la main \u00e0 nos s\u0153urs et \u00e0 nos fr\u00e8res qui cherchent \u00e0 fuir la guerre.\u00a0 Des informations sur la mani\u00e8re de manifester notre amour et notre soutien accompagnent cette lettre.<\/p>\n<p>Alors que nous nous pr\u00e9parons \u00e0 c\u00e9l\u00e9brer P\u00e2ques, redoublons d&rsquo;efforts pour \u00eatre des b\u00e2tisseurs de paix, des t\u00e9moins de la r\u00e9conciliation et des phares brillants d&rsquo;esp\u00e9rance.\u00a0 \u00c9levons nos voix et, pour reprendre les mots du Pape Paul VI, crions sur les toits \u00a0\u00bb Plus la guerre, plus jamais la guerre ! \u00ab\u00a0.<\/p>\n<p>Fraternellement,<\/p>\n<p>Fr\u00e8re Robert Schieler, FSC<br \/>\nFr\u00e8re Sup\u00e9rieur<\/p>\n<hr \/>\n<p><a href=\"#_ftnref1\" name=\"_ftn1\">[1]<\/a> Collecte, Liturgie du lundi de la huiti\u00e8me semaine du temps ordinaire<\/p>\n<p><a href=\"#_ftnref2\" name=\"_ftn2\">[2]<\/a> Message du Pape Fran\u00e7ois pour le Car\u00eame 2022.<\/p>\n<\/div><div class=\"fusion-text fusion-text-3\" style=\"--awb-text-transform:none;\"><p><img decoding=\"async\" class=\"size-full wp-image-85070 aligncenter\" src=\"https:\/\/www.lasalle.org\/wp-content\/uploads\/2022\/03\/FR_Appeal_LaSalleForUkrainians.jpg\" alt=\"\" width=\"724\" height=\"1025\" srcset=\"https:\/\/www.lasalle.org\/wp-content\/uploads\/2022\/03\/FR_Appeal_LaSalleForUkrainians-200x283.jpg 200w, https:\/\/www.lasalle.org\/wp-content\/uploads\/2022\/03\/FR_Appeal_LaSalleForUkrainians-212x300.jpg 212w, https:\/\/www.lasalle.org\/wp-content\/uploads\/2022\/03\/FR_Appeal_LaSalleForUkrainians-400x566.jpg 400w, https:\/\/www.lasalle.org\/wp-content\/uploads\/2022\/03\/FR_Appeal_LaSalleForUkrainians-600x849.jpg 600w, https:\/\/www.lasalle.org\/wp-content\/uploads\/2022\/03\/FR_Appeal_LaSalleForUkrainians.jpg 724w\" sizes=\"(max-width: 724px) 100vw, 724px\" \/><\/p>\n<\/div><div class=\"fusion-separator fusion-full-width-sep\" style=\"align-self: center;margin-left: auto;margin-right: auto;width:100%;\"><div class=\"fusion-separator-border sep-single sep-solid\" style=\"--awb-height:20px;--awb-amount:20px;border-color:#e0dede;border-top-width:1px;\"><\/div><\/div><div class=\"fusion-text fusion-text-4\" style=\"--awb-text-transform:none;\"><p><a href=\"https:\/\/www.lasalle.org\/wp-content\/uploads\/2022\/03\/FR_Appeal_LaSalleForUkrainians.pdf\" target=\"_blank\" rel=\"noopener\"><img decoding=\"async\" class=\"wp-image-85047 alignleft\" src=\"https:\/\/www.lasalle.org\/wp-content\/uploads\/2022\/03\/download-pdf-button-1-300x88-1.png\" alt=\"\" width=\"130\" height=\"24\" \/><\/a><a href=\"https:\/\/www.lasalle.org\/wp-content\/uploads\/2022\/03\/FR_Appeal_LaSalleForUkrainians.pdf\" target=\"_blank\" rel=\"noopener\">FR_Appeal_LaSalleForUkrainians<\/a><\/p>\n<\/div><div class=\"fusion-separator fusion-full-width-sep\" style=\"align-self: center;margin-left: auto;margin-right: auto;width:100%;\"><div class=\"fusion-separator-border sep-single sep-solid\" style=\"--awb-height:20px;--awb-amount:20px;border-color:#e0dede;border-top-width:1px;\"><\/div><\/div><\/div><\/div><\/div><\/div>\n","protected":false},"excerpt":{"rendered":"","protected":false},"author":9,"featured_media":84999,"comment_status":"closed","ping_status":"closed","sticky":false,"template":"","format":"standard","meta":{"_tec_requires_first_save":true,"_monsterinsights_skip_tracking":false,"_monsterinsights_sitenote_active":false,"_monsterinsights_sitenote_note":"","_monsterinsights_sitenote_category":0,"_EventAllDay":false,"_EventTimezone":"","_EventStartDate":"","_EventEndDate":"","_EventStartDateUTC":"","_EventEndDateUTC":"","_EventShowMap":false,"_EventShowMapLink":false,"_EventURL":"","_EventCost":"","_EventCostDescription":"","_EventCurrencySymbol":"","_EventCurrencyCode":"","_EventCurrencyPosition":"","_EventDateTimeSeparator":"","_EventTimeRangeSeparator":"","_EventOrganizerID":[],"_EventVenueID":[],"_OrganizerEmail":"","_OrganizerPhone":"","_OrganizerWebsite":"","_VenueAddress":"","_VenueCity":"","_VenueCountry":"","_VenueProvince":"","_VenueState":"","_VenueZip":"","_VenuePhone":"","_VenueURL":"","_VenueStateProvince":"","_VenueLat":"","_VenueLng":"","_VenueShowMap":false,"_VenueShowMapLink":false,"_tribe_blocks_recurrence_rules":"","_tribe_blocks_recurrence_description":"","_tribe_blocks_recurrence_exclusions":"","footnotes":""},"categories":[3292,3270,3368,3302],"tags":[],"class_list":["post-84993","post","type-post","status-publish","format-standard","has-post-thumbnail","hentry","category-la-salle-foundation","category-maison-generalice","category-nouvelles","category-superieur-general"],"_links":{"self":[{"href":"https:\/\/www.lasalle.org\/fr\/wp-json\/wp\/v2\/posts\/84993","targetHints":{"allow":["GET"]}}],"collection":[{"href":"https:\/\/www.lasalle.org\/fr\/wp-json\/wp\/v2\/posts"}],"about":[{"href":"https:\/\/www.lasalle.org\/fr\/wp-json\/wp\/v2\/types\/post"}],"author":[{"embeddable":true,"href":"https:\/\/www.lasalle.org\/fr\/wp-json\/wp\/v2\/users\/9"}],"replies":[{"embeddable":true,"href":"https:\/\/www.lasalle.org\/fr\/wp-json\/wp\/v2\/comments?post=84993"}],"version-history":[{"count":5,"href":"https:\/\/www.lasalle.org\/fr\/wp-json\/wp\/v2\/posts\/84993\/revisions"}],"predecessor-version":[{"id":85080,"href":"https:\/\/www.lasalle.org\/fr\/wp-json\/wp\/v2\/posts\/84993\/revisions\/85080"}],"wp:featuredmedia":[{"embeddable":true,"href":"https:\/\/www.lasalle.org\/fr\/wp-json\/wp\/v2\/media\/84999"}],"wp:attachment":[{"href":"https:\/\/www.lasalle.org\/fr\/wp-json\/wp\/v2\/media?parent=84993"}],"wp:term":[{"taxonomy":"category","embeddable":true,"href":"https:\/\/www.lasalle.org\/fr\/wp-json\/wp\/v2\/categories?post=84993"},{"taxonomy":"post_tag","embeddable":true,"href":"https:\/\/www.lasalle.org\/fr\/wp-json\/wp\/v2\/tags?post=84993"}],"curies":[{"name":"wp","href":"https:\/\/api.w.org\/{rel}","templated":true}]}}