{"id":97634,"date":"2024-01-09T14:02:05","date_gmt":"2024-01-09T13:02:05","guid":{"rendered":"https:\/\/www.lasalle.org\/?p=97634"},"modified":"2024-01-09T14:04:32","modified_gmt":"2024-01-09T13:04:32","slug":"construire-le-pacte-educatif-a-partir-du-territoire","status":"publish","type":"post","link":"https:\/\/www.lasalle.org\/fr\/construire-le-pacte-educatif-a-partir-du-territoire\/","title":{"rendered":"CONSTRUIRE LE PACTE \u00c9DUCATIF \u00c0 PARTIR DU TERRITOIRE"},"content":{"rendered":"<div class=\"pdfprnt-buttons pdfprnt-buttons-post pdfprnt-top-right\"><a href=\"https:\/\/www.lasalle.org\/fr\/wp-json\/wp\/v2\/posts\/97634?print=pdf\" class=\"pdfprnt-button pdfprnt-button-pdf\" target=\"_blank\" ><img decoding=\"async\" src=\"https:\/\/www.lasalle.org\/wp-content\/plugins\/pdf-print\/images\/pdf.png\" alt=\"image_pdf\" title=\"T\u00e9l\u00e9charger le PDF\" \/><span class=\"pdfprnt-button-title pdfprnt-button-pdf-title\">PDF<\/span><\/a><a href=\"https:\/\/www.lasalle.org\/fr\/wp-json\/wp\/v2\/posts\/97634?print=print\" class=\"pdfprnt-button pdfprnt-button-print\" target=\"_blank\" ><img decoding=\"async\" src=\"https:\/\/www.lasalle.org\/wp-content\/plugins\/pdf-print\/images\/print.png\" alt=\"image_print\" title=\"Contenu imprim\u00e9\" \/><span class=\"pdfprnt-button-title pdfprnt-button-print-title\">PRINT<\/span><\/a><\/div><div class=\"fusion-fullwidth fullwidth-box fusion-builder-row-1 fusion-flex-container nonhundred-percent-fullwidth non-hundred-percent-height-scrolling\" style=\"--awb-border-radius-top-left:0px;--awb-border-radius-top-right:0px;--awb-border-radius-bottom-right:0px;--awb-border-radius-bottom-left:0px;--awb-flex-wrap:wrap;\" ><div class=\"fusion-builder-row fusion-row fusion-flex-align-items-flex-start fusion-flex-content-wrap\" style=\"max-width:1248px;margin-left: calc(-4% \/ 2 );margin-right: calc(-4% \/ 2 );\"><div class=\"fusion-layout-column fusion_builder_column fusion-builder-column-0 fusion_builder_column_1_1 1_1 fusion-flex-column\" style=\"--awb-bg-size:cover;--awb-width-large:100%;--awb-margin-top-large:0px;--awb-spacing-right-large:1.92%;--awb-margin-bottom-large:0px;--awb-spacing-left-large:1.92%;--awb-width-medium:100%;--awb-spacing-right-medium:1.92%;--awb-spacing-left-medium:1.92%;--awb-width-small:100%;--awb-spacing-right-small:1.92%;--awb-spacing-left-small:1.92%;\"><div class=\"fusion-column-wrapper fusion-flex-justify-content-flex-start fusion-content-layout-column\"><div class=\"fusion-text fusion-text-1\"><p><img decoding=\"async\" class=\"size-medium wp-image-97629 alignright\" src=\"https:\/\/www.lasalle.org\/wp-content\/uploads\/2024\/01\/uisg-3-260x300.jpg\" alt=\"\" width=\"260\" height=\"300\" srcset=\"https:\/\/www.lasalle.org\/wp-content\/uploads\/2024\/01\/uisg-3-200x231.jpg 200w, https:\/\/www.lasalle.org\/wp-content\/uploads\/2024\/01\/uisg-3-260x300.jpg 260w, https:\/\/www.lasalle.org\/wp-content\/uploads\/2024\/01\/uisg-3-400x462.jpg 400w, https:\/\/www.lasalle.org\/wp-content\/uploads\/2024\/01\/uisg-3-600x693.jpg 600w, https:\/\/www.lasalle.org\/wp-content\/uploads\/2024\/01\/uisg-3-768x887.jpg 768w, https:\/\/www.lasalle.org\/wp-content\/uploads\/2024\/01\/uisg-3-800x924.jpg 800w, https:\/\/www.lasalle.org\/wp-content\/uploads\/2024\/01\/uisg-3-887x1024.jpg 887w, https:\/\/www.lasalle.org\/wp-content\/uploads\/2024\/01\/uisg-3-1200x1386.jpg 1200w, https:\/\/www.lasalle.org\/wp-content\/uploads\/2024\/01\/uisg-3-1330x1536.jpg 1330w, https:\/\/www.lasalle.org\/wp-content\/uploads\/2024\/01\/uisg-3.jpg 1413w\" sizes=\"(max-width: 260px) 100vw, 260px\" \/><\/p>\n<p>Le 10 novembre 2023, lors de la <strong>Rencontre \u00ab\u00a0<em>Promoviamo insieme il Patto Educativo Globale<\/em>\u00a0\u00bb (<em>Promouvons ensemble le Pacte \u00e9ducatif mondial<\/em>) <\/strong>organis\u00e9e par le Dicast\u00e8re pour la Culture et l&rsquo;\u00c9ducation, la Commission de l\u2019\u00c9ducation de l&rsquo;UISG-USG et l&rsquo;OIEC, les Fr\u00e8res des \u00c9coles Chr\u00e9tiennes, Juan Antonio Ojeda et Manuel Jes\u00fas Ceballos FSC (co-auteurs), ont pr\u00e9sent\u00e9 \u00e0 la LUMSA (Rome), devant plus de 100 Sup\u00e9rieurs G\u00e9n\u00e9raux et Sup\u00e9rieures G\u00e9n\u00e9rales, le livre : \u201c<strong><em>Aprendiendo de los otros: CONSTRUIR EL PACTO EDUCATIVO DESDE EL TERRITORIO. La experiencia de la Regi\u00f3n Norte de Santander (Colombia)<\/em><\/strong>\u201d.\u00a0\u00bb<strong><em>Apprendre des autres : CONSTRUIRE LE PACTE \u00c9DUCATIF <\/em><\/strong><strong><em>\u00c0 PARTIR<\/em><\/strong><strong><em> DU TERRITOIRE. L&rsquo;exp\u00e9rience de la r\u00e9gion Nord de Santander (Colombie)<\/em><\/strong>\u00ab\u00a0.<\/p>\n<p>Un livre cr\u00e9\u00e9 en collaboration avec le Dicast\u00e8re pour la culture et l&rsquo;\u00e9ducation, l&rsquo;\u00e9quipe du Pacte \u00e9ducatif mondial, la Commission de l&rsquo;\u00e9ducation des Unions des Sup\u00e9rieurs g\u00e9n\u00e9raux et Sup\u00e9rieures g\u00e9n\u00e9rales, l&rsquo;Office international de l&rsquo;enseignement catholique (OIEC), le R\u00e9seau mondial des J\u00e9suites et la CPAL (Conf\u00e9rence des provinciaux j\u00e9suites d&rsquo;Am\u00e9rique latine et des Cara\u00efbes), l&rsquo;EIS (<em>Educare all&rsquo;Incontro e alla Solidariet\u00e0<\/em>) de LUMSA et le gouvernorat et l&rsquo;\u00e9quipe du Pacte de la r\u00e9gion Nord de Santander. On y trouve des lignes directrices claires pour aider \u00e0 tisser le Pacte \u00e9ducatif \u00e0 partir du territoire (village, quartier, ville ou r\u00e9gion).<\/p>\n<p>Ce livre nous interpelle, il nous montre des chemins \u00e0 suivre, des \u00e9tapes \u00e0 franchir, il nous fournit de multiples suggestions, outils et orientations pour faire du pacte une r\u00e9alit\u00e9 l\u00e0 o\u00f9 nous vivons, en comptant sur tout le monde et en n&rsquo;excluant personne. Il implique et mobilise les diff\u00e9rents secteurs \u00e9ducatifs et sociaux pour g\u00e9n\u00e9rer cette alliance locale avec une ouverture globale et r\u00e9pondre ainsi \u00e0 l&rsquo;invitation du Pape \u00e0 reconstruire ensemble un Pacte \u00e9ducatif mondial.<\/p>\n<p>L&rsquo;initiative politique de la r\u00e9gion Nord de Santander (Colombie) de construire un Pacte \u00e9ducatif pour la r\u00e9gion, impliquant tous les citoyens, nous inspire et nous sert d&rsquo;exemple, non pas pour copier leur parcours et leurs options, mais pour cr\u00e9er les chemins les plus appropri\u00e9s et les plus pertinents pour chaque territoire. Ils nous montrent qu&rsquo;il est possible de parvenir \u00e0 un nouveau contrat social pour am\u00e9liorer l&rsquo;\u00e9ducation et g\u00e9n\u00e9rer une nouvelle soci\u00e9t\u00e9 plus humaine, pacifique, juste, fraternelle, solidaire et durable.<\/p>\n<p>Comme l&rsquo;affirme S.E. le cardinal Jos\u00e9 Tolentino de Mendon\u00e7a dans l&rsquo;avant-propos du livre : \u00ab\u00a0Le village \u00e9ducatif mondial \u00e0 partir des villages locaux. Vous devrez trouver la mani\u00e8re originale de construire le village \u00e9ducatif local, sans copier ou standardiser sa contribution. \u00c0 partir de votre culture, de votre tradition, de votre art, de vos valeurs, de votre histoire, etc. vous d\u00e9couvrirez votre \u00ab\u00a0flamme bleue\u00a0\u00bb, qui est votre mani\u00e8re cr\u00e9ative et unique d&rsquo;\u00eatre des \u00e9ducateurs et des b\u00e2tisseurs du village local selon ce que Dieu attend de vous. Le village \u00e9ducatif mondial ne sera alors pas une homog\u00e9n\u00e9isation ou une standardisation de toutes les cultures (comme le nouveau colonialisme mental), mais l\u2019union de nombreux villages locaux dans la richesse de leur diversit\u00e9\u00a0\u00bb (p. 7).<\/p>\n<p>\u00c0 cet \u00e9gard, \u00e0 l\u2019arri\u00e8re de la couverture du livre, le pape Fran\u00e7ois nous montre \u00e9galement comment construire le Pacte \u00e9ducatif \u00e0 partir du niveau local : \u00a0\u00bb Il est n\u00e9cessaire d\u2019enfoncer ses racines dans la terre fertile et dans l\u2019histoire de son propre lieu, qui est un don de Dieu. On travaille sur ce qui est petit, avec ce qui est proche, mais dans une perspective plus large. [\u2026] Ce n\u2019est ni la sph\u00e8re globale, qui annihile, ni la partialit\u00e9 isol\u00e9e, qui rend st\u00e9rile\u00a0\u00bb,\u00a0c\u2019est le poly\u00e8dre o\u00f9, en m\u00eame temps que chacun est respect\u00e9 dans sa valeur, \u00ab le tout est plus que la partie, et plus aussi que la simple somme de celles-ci\u00a0\u00bb\u00a0(FT. 145).<\/p>\n<p>Prenons l&rsquo;initiative et menons la construction du pacte l\u00e0 o\u00f9 nous vivons, en changeant l&rsquo;\u00e9ducation et, avec elle, en transformant la vie des personnes et leurs contextes pour parvenir \u00e0 un monde meilleur pour tous : plus humain, plus fraternel, plus solidaire et plus durable.<\/p>\n<p>Nous partageons avec vous le livre en espagnol (en cours de traduction en anglais, fran\u00e7ais, italien et portugais) et les fiches de pr\u00e9sentation et de synth\u00e8se dans les cinq langues.<\/p>\n<\/div><div class=\"fusion-separator fusion-full-width-sep\" style=\"align-self: center;margin-left: auto;margin-right: auto;width:100%;\"><div class=\"fusion-separator-border sep-single sep-solid\" style=\"--awb-height:20px;--awb-amount:20px;border-color:#e0dede;border-top-width:1px;\"><\/div><\/div><div class=\"fusion-text fusion-text-2\"><p><em><strong><img decoding=\"async\" class=\"wp-image-85047 alignleft\" src=\"https:\/\/www.lasalle.org\/wp-content\/uploads\/2022\/03\/download-pdf-button-1-300x88-1.png\" alt=\"\" width=\"130\" height=\"24\" \/><\/strong><\/em><a href=\"https:\/\/www.lasalle.org\/wp-content\/uploads\/2024\/01\/tryptique-EN.pdf\" target=\"_blank\" rel=\"noopener\">Tryptique ENG<\/a><\/p>\n<\/div><div class=\"fusion-separator fusion-full-width-sep\" style=\"align-self: center;margin-left: auto;margin-right: auto;width:100%;\"><div class=\"fusion-separator-border sep-single sep-solid\" style=\"--awb-height:20px;--awb-amount:20px;border-color:#e0dede;border-top-width:1px;\"><\/div><\/div><div class=\"awb-gallery-wrapper awb-gallery-wrapper-1 button-span-no\" style=\"--more-btn-alignment:center;\"><div style=\"margin:-5px;--awb-bordersize:0px;\" class=\"fusion-gallery fusion-gallery-container fusion-grid-3 fusion-columns-total-3 fusion-gallery-layout-grid fusion-gallery-1\"><div style=\"padding:5px;\" class=\"fusion-grid-column fusion-gallery-column fusion-gallery-column-3 hover-type-none\"><div class=\"fusion-gallery-image\"><a href=\"https:\/\/www.lasalle.org\/wp-content\/uploads\/2024\/01\/216829_06122023.jpg\" rel=\"noreferrer\" data-rel=\"iLightbox[gallery_image_1]\" class=\"fusion-lightbox\" target=\"_self\"><img decoding=\"async\" src=\"https:\/\/www.lasalle.org\/wp-content\/uploads\/2024\/01\/216829_06122023.jpg\" width=\"1920\" height=\"1280\" alt=\"\" title=\"216829_06122023\" aria-label=\"216829_06122023\" class=\"img-responsive wp-image-97599\" srcset=\"https:\/\/www.lasalle.org\/wp-content\/uploads\/2024\/01\/216829_06122023-200x133.jpg 200w, https:\/\/www.lasalle.org\/wp-content\/uploads\/2024\/01\/216829_06122023-400x267.jpg 400w, https:\/\/www.lasalle.org\/wp-content\/uploads\/2024\/01\/216829_06122023-600x400.jpg 600w, https:\/\/www.lasalle.org\/wp-content\/uploads\/2024\/01\/216829_06122023-800x533.jpg 800w, https:\/\/www.lasalle.org\/wp-content\/uploads\/2024\/01\/216829_06122023-1200x800.jpg 1200w, https:\/\/www.lasalle.org\/wp-content\/uploads\/2024\/01\/216829_06122023.jpg 1920w\" sizes=\"(min-width: 2200px) 100vw, (min-width: 784px) 397px, (min-width: 712px) 595px, (min-width: 640px) 712px, \" \/><\/a><\/div><\/div><div style=\"padding:5px;\" class=\"fusion-grid-column fusion-gallery-column fusion-gallery-column-3 hover-type-none\"><div class=\"fusion-gallery-image\"><a href=\"https:\/\/www.lasalle.org\/wp-content\/uploads\/2024\/01\/uisg-10-nov-2023.jpg\" rel=\"noreferrer\" data-rel=\"iLightbox[gallery_image_1]\" class=\"fusion-lightbox\" target=\"_self\"><img decoding=\"async\" src=\"https:\/\/www.lasalle.org\/wp-content\/uploads\/2024\/01\/uisg-10-nov-2023.jpg\" width=\"1910\" height=\"1293\" alt=\"\" title=\"uisg 10 nov 2023\" aria-label=\"uisg 10 nov 2023\" class=\"img-responsive wp-image-97603\" srcset=\"https:\/\/www.lasalle.org\/wp-content\/uploads\/2024\/01\/uisg-10-nov-2023-200x135.jpg 200w, https:\/\/www.lasalle.org\/wp-content\/uploads\/2024\/01\/uisg-10-nov-2023-400x271.jpg 400w, https:\/\/www.lasalle.org\/wp-content\/uploads\/2024\/01\/uisg-10-nov-2023-600x406.jpg 600w, https:\/\/www.lasalle.org\/wp-content\/uploads\/2024\/01\/uisg-10-nov-2023-800x542.jpg 800w, https:\/\/www.lasalle.org\/wp-content\/uploads\/2024\/01\/uisg-10-nov-2023-1200x812.jpg 1200w, https:\/\/www.lasalle.org\/wp-content\/uploads\/2024\/01\/uisg-10-nov-2023.jpg 1910w\" sizes=\"(min-width: 2200px) 100vw, (min-width: 784px) 397px, (min-width: 712px) 595px, (min-width: 640px) 712px, \" \/><\/a><\/div><\/div><div style=\"padding:5px;\" class=\"fusion-grid-column fusion-gallery-column fusion-gallery-column-3 hover-type-none\"><div class=\"fusion-gallery-image\"><a href=\"https:\/\/www.lasalle.org\/wp-content\/uploads\/2024\/01\/uisg-2.jpg\" rel=\"noreferrer\" data-rel=\"iLightbox[gallery_image_1]\" class=\"fusion-lightbox\" target=\"_self\"><img decoding=\"async\" src=\"https:\/\/www.lasalle.org\/wp-content\/uploads\/2024\/01\/uisg-2.jpg\" width=\"1600\" height=\"1200\" alt=\"\" title=\"uisg 2\" aria-label=\"uisg 2\" class=\"img-responsive wp-image-97607\" srcset=\"https:\/\/www.lasalle.org\/wp-content\/uploads\/2024\/01\/uisg-2-200x150.jpg 200w, https:\/\/www.lasalle.org\/wp-content\/uploads\/2024\/01\/uisg-2-400x300.jpg 400w, https:\/\/www.lasalle.org\/wp-content\/uploads\/2024\/01\/uisg-2-600x450.jpg 600w, https:\/\/www.lasalle.org\/wp-content\/uploads\/2024\/01\/uisg-2-800x600.jpg 800w, https:\/\/www.lasalle.org\/wp-content\/uploads\/2024\/01\/uisg-2-1200x900.jpg 1200w, https:\/\/www.lasalle.org\/wp-content\/uploads\/2024\/01\/uisg-2.jpg 1600w\" sizes=\"(min-width: 2200px) 100vw, (min-width: 784px) 397px, (min-width: 712px) 595px, (min-width: 640px) 712px, \" \/><\/a><\/div><\/div><div class=\"clearfix\"><\/div><\/div><\/div><\/div><\/div><\/div><\/div>\n","protected":false},"excerpt":{"rendered":"","protected":false},"author":9,"featured_media":97636,"comment_status":"closed","ping_status":"closed","sticky":false,"template":"","format":"standard","meta":{"_tec_requires_first_save":true,"_monsterinsights_skip_tracking":false,"_monsterinsights_sitenote_active":false,"_monsterinsights_sitenote_note":"","_monsterinsights_sitenote_category":0,"_EventAllDay":false,"_EventTimezone":"","_EventStartDate":"","_EventEndDate":"","_EventStartDateUTC":"","_EventEndDateUTC":"","_EventShowMap":false,"_EventShowMapLink":false,"_EventURL":"","_EventCost":"","_EventCostDescription":"","_EventCurrencySymbol":"","_EventCurrencyCode":"","_EventCurrencyPosition":"","_EventDateTimeSeparator":"","_EventTimeRangeSeparator":"","_EventOrganizerID":[],"_EventVenueID":[],"_OrganizerEmail":"","_OrganizerPhone":"","_OrganizerWebsite":"","_VenueAddress":"","_VenueCity":"","_VenueCountry":"","_VenueProvince":"","_VenueState":"","_VenueZip":"","_VenuePhone":"","_VenueURL":"","_VenueStateProvince":"","_VenueLat":"","_VenueLng":"","_VenueShowMap":false,"_VenueShowMapLink":false,"_tribe_blocks_recurrence_rules":"","_tribe_blocks_recurrence_description":"","_tribe_blocks_recurrence_exclusions":"","footnotes":""},"categories":[3372,3368],"tags":[],"class_list":["post-97634","post","type-post","status-publish","format-standard","has-post-thumbnail","hentry","category-institutions-et-organisations","category-nouvelles"],"_links":{"self":[{"href":"https:\/\/www.lasalle.org\/fr\/wp-json\/wp\/v2\/posts\/97634","targetHints":{"allow":["GET"]}}],"collection":[{"href":"https:\/\/www.lasalle.org\/fr\/wp-json\/wp\/v2\/posts"}],"about":[{"href":"https:\/\/www.lasalle.org\/fr\/wp-json\/wp\/v2\/types\/post"}],"author":[{"embeddable":true,"href":"https:\/\/www.lasalle.org\/fr\/wp-json\/wp\/v2\/users\/9"}],"replies":[{"embeddable":true,"href":"https:\/\/www.lasalle.org\/fr\/wp-json\/wp\/v2\/comments?post=97634"}],"version-history":[{"count":3,"href":"https:\/\/www.lasalle.org\/fr\/wp-json\/wp\/v2\/posts\/97634\/revisions"}],"predecessor-version":[{"id":97641,"href":"https:\/\/www.lasalle.org\/fr\/wp-json\/wp\/v2\/posts\/97634\/revisions\/97641"}],"wp:featuredmedia":[{"embeddable":true,"href":"https:\/\/www.lasalle.org\/fr\/wp-json\/wp\/v2\/media\/97636"}],"wp:attachment":[{"href":"https:\/\/www.lasalle.org\/fr\/wp-json\/wp\/v2\/media?parent=97634"}],"wp:term":[{"taxonomy":"category","embeddable":true,"href":"https:\/\/www.lasalle.org\/fr\/wp-json\/wp\/v2\/categories?post=97634"},{"taxonomy":"post_tag","embeddable":true,"href":"https:\/\/www.lasalle.org\/fr\/wp-json\/wp\/v2\/tags?post=97634"}],"curies":[{"name":"wp","href":"https:\/\/api.w.org\/{rel}","templated":true}]}}