{"id":103403,"date":"2024-09-17T14:50:23","date_gmt":"2024-09-17T13:50:23","guid":{"rendered":"https:\/\/www.lasalle.org\/?p=103403"},"modified":"2024-09-17T14:50:23","modified_gmt":"2024-09-17T13:50:23","slug":"luniversita-di-betlemme-e-un-faro-di-speranza-in-terra-santa","status":"publish","type":"post","link":"https:\/\/www.lasalle.org\/it\/luniversita-di-betlemme-e-un-faro-di-speranza-in-terra-santa\/","title":{"rendered":"L&#8217;Universit\u00e0 di Betlemme \u00e8 un faro di speranza in Terra Santa"},"content":{"rendered":"<div class=\"pdfprnt-buttons pdfprnt-buttons-post pdfprnt-top-right\"><a href=\"https:\/\/www.lasalle.org\/it\/wp-json\/wp\/v2\/posts\/103403?print=pdf\" class=\"pdfprnt-button pdfprnt-button-pdf\" target=\"_blank\" ><img decoding=\"async\" src=\"https:\/\/www.lasalle.org\/wp-content\/plugins\/pdf-print\/images\/pdf.png\" alt=\"image_pdf\" title=\"Scarica il pdf\" \/><span class=\"pdfprnt-button-title pdfprnt-button-pdf-title\">PDF<\/span><\/a><a href=\"https:\/\/www.lasalle.org\/it\/wp-json\/wp\/v2\/posts\/103403?print=print\" class=\"pdfprnt-button pdfprnt-button-print\" target=\"_blank\" ><img decoding=\"async\" src=\"https:\/\/www.lasalle.org\/wp-content\/plugins\/pdf-print\/images\/print.png\" alt=\"image_print\" title=\"Stampa contenuto\" \/><span class=\"pdfprnt-button-title pdfprnt-button-print-title\">PRINT<\/span><\/a><\/div><div class=\"fusion-fullwidth fullwidth-box fusion-builder-row-1 fusion-flex-container nonhundred-percent-fullwidth non-hundred-percent-height-scrolling\" style=\"--awb-border-radius-top-left:0px;--awb-border-radius-top-right:0px;--awb-border-radius-bottom-right:0px;--awb-border-radius-bottom-left:0px;--awb-flex-wrap:wrap;\" ><div class=\"fusion-builder-row fusion-row fusion-flex-align-items-flex-start fusion-flex-content-wrap\" style=\"max-width:1248px;margin-left: calc(-4% \/ 2 );margin-right: calc(-4% \/ 2 );\"><div class=\"fusion-layout-column fusion_builder_column fusion-builder-column-0 fusion_builder_column_1_1 1_1 fusion-flex-column\" style=\"--awb-bg-size:cover;--awb-width-large:100%;--awb-margin-top-large:0px;--awb-spacing-right-large:1.92%;--awb-margin-bottom-large:0px;--awb-spacing-left-large:1.92%;--awb-width-medium:100%;--awb-spacing-right-medium:1.92%;--awb-spacing-left-medium:1.92%;--awb-width-small:100%;--awb-spacing-right-small:1.92%;--awb-spacing-left-small:1.92%;\"><div class=\"fusion-column-wrapper fusion-flex-justify-content-flex-start fusion-content-layout-column\"><div class=\"fusion-text fusion-text-1\"><p><strong>I rappresentanti dell&#8217;unica universit\u00e0 cattolica in Terra Santa hanno incontrato a Roma un gruppo di ambasciatori della Santa Sede<\/strong> per informarli della situazione dell&#8217;universit\u00e0, punto di riferimento multiculturale e accademico della Regione. I 3.400 studenti iscritti hanno trovato sempre pi\u00f9 difficolt\u00e0 ad accedere al campus dall&#8217;inizio della guerra.<\/p>\n<p><strong>\u201cL&#8217;Universit\u00e0 di Betlemme \u00e8 pi\u00f9 di un&#8217;universit\u00e0. \u00c8 un faro di speranza per il popolo palestinese e per le persone di tutte le fedi del mondo che hanno a cuore la Terra Santa e il suo popolo. <\/strong>Forma i futuri leader che giocheranno un ruolo vitale nella ricostruzione delle loro comunit\u00e0 e nella promozione della pace in Medio Oriente\u201d. Lo ha dichiarato il Fratello lasalliano Jack Curran, vice rettore per lo sviluppo dell&#8217;universit\u00e0, durante l&#8217;incontro tenutosi il 12 settembre scorso presso la Casa Generalizia dei Fratelli delle Scuole Cristiane a Roma tra i rappresentanti dell&#8217;unica universit\u00e0 cattolica in Palestina e gli ambasciatori presso la Santa Sede, soffermandosi sulla drammatica realt\u00e0 degli studenti e sulle loro sfide, che sono aumentate notevolmente dopo la crisi.<\/p>\n<\/div><div class=\"fusion-text fusion-text-2\"><p><strong>Un rifugio sicuro dal conflitto<\/strong><\/p>\n<p>Fondata nel 1973 dal Vaticano e dall&#8217;Istituto dei Fratelli delle Scuole Cristiane in risposta alla richiesta del popolo palestinese, in questi tempi di guerra e instabilit\u00e0 <strong>l&#8217;Universit\u00e0 di Betlemme \u201crimane un&#8217;ancora di salvezza educativa per gli studenti e le loro famiglie\u201d<\/strong>.<\/p>\n<p>Gli studenti iscritti sono 3.400, di cui 800 al primo anno. <strong>Circa la met\u00e0, dice Fratel Curran, vive nell&#8217;insicurezza per raggiungere il campus<\/strong>, e questo vale sia per chi arriva da Hebron, circondata da checkpoint e insediamenti, sia per chi arriva da Gerusalemme, collegata a Betlemme da due ingressi che vengono periodicamente chiusi.<\/p>\n<p>Per molti, infatti, \u201cl&#8217;universit\u00e0 non \u00e8 solo un luogo di crescita accademica, ma anche un rifugio sicuro dal conflitto che li circonda, grazie al suo costante impegno nella ricerca della verit\u00e0, nel progresso della giustizia sociale e nella promozione della pace e della comprensione\u201d.<\/p>\n<\/div><div class=\"fusion-text fusion-text-3\"><p><strong>Uno stimolo a condividere<\/strong><\/p>\n<p>\u201cL&#8217;Universit\u00e0 di Betlemme rimane un pilastro di forza e di resilienza per gli studenti palestinesi in questi tempi turbolenti\u201d, ha ribadito Fratel Armin Luistro, Superiore Generale dei Fratelli delle Scuole Cristiane, \u201ce c&#8217;\u00e8 un <strong>urgente bisogno di contribuire a rafforzare la sua narrativa e a sostenere il suo cammino<\/strong>\u201d.<\/p>\n<p><strong>L&#8217;incontro ha evidenziato la necessit\u00e0 di una consapevolezza e di un sostegno globale all&#8217;Universit\u00e0 di Betlemme<\/strong>, non solo come istituzione di istruzione superiore, ma anche come forza di pace e di progresso in una regione segnata dal conflitto. Gli ambasciatori sono stati incoraggiati a condividere la storia dell&#8217;universit\u00e0 nelle loro reti internazionali per intensificare il suo impatto sugli studenti palestinesi e sulla comunit\u00e0 globale.<\/p>\n<\/div><div class=\"fusion-text fusion-text-4\"><p><strong>Immaginare un futuro pacifico<\/strong><\/p>\n<p>\u201cL&#8217;istruzione \u00e8 sempre uno strumento fondamentale per la speranza e il cambiamento e, a maggior ragione in tempi di guerra, <strong>l&#8217;Universit\u00e0 di Betlemme offre agli studenti palestinesi l&#8217;opportunit\u00e0 di immaginare e costruire un futuro di pace, nonostante l&#8217;occupazione e la violenza che subiscono<\/strong>\u201d, ha sottolineato Fratel Hector Hernan Santos Gonzalez, rettore dell&#8217;Universit\u00e0.<\/p>\n<p>Situata nel cuore di Betlemme, a soli 500 metri dal Tempio della Nativit\u00e0, l&#8217;Universit\u00e0 serve un corpo studentesco eterogeneo di cristiani e musulmani, \u201ce <strong>offre una vasta gamma di programmi accademici che promuovono la pace, il dialogo e lo sviluppo comunitario<\/strong>, preparando gli studenti a perseguire diverse professioni con competenza, fiducia e carattere\u201d.<\/p>\n<\/div><div class=\"fusion-text fusion-text-5\"><h6><strong><em>* Art\u00edculo publicado su <\/em><\/strong><a href=\"https:\/\/www.vaticannews.va\/es\/iglesia\/news\/2024-09\/universidad-de-belen-dejen-encendido-un-faro-de-esperanza.html\" target=\"_blank\" rel=\"noopener\"><strong><em>Vatican News<\/em><\/strong><\/a><\/h6>\n<\/div><\/div><\/div><\/div><\/div>\n","protected":false},"excerpt":{"rendered":"","protected":false},"author":9,"featured_media":103393,"comment_status":"closed","ping_status":"closed","sticky":false,"template":"","format":"standard","meta":{"_tec_requires_first_save":true,"_monsterinsights_skip_tracking":false,"_monsterinsights_sitenote_active":false,"_monsterinsights_sitenote_note":"","_monsterinsights_sitenote_category":0,"_EventAllDay":false,"_EventTimezone":"","_EventStartDate":"","_EventEndDate":"","_EventStartDateUTC":"","_EventEndDateUTC":"","_EventShowMap":false,"_EventShowMapLink":false,"_EventURL":"","_EventCost":"","_EventCostDescription":"","_EventCurrencySymbol":"","_EventCurrencyCode":"","_EventCurrencyPosition":"","_EventDateTimeSeparator":"","_EventTimeRangeSeparator":"","_EventOrganizerID":[],"_EventVenueID":[],"_OrganizerEmail":"","_OrganizerPhone":"","_OrganizerWebsite":"","_VenueAddress":"","_VenueCity":"","_VenueCountry":"","_VenueProvince":"","_VenueState":"","_VenueZip":"","_VenuePhone":"","_VenueURL":"","_VenueStateProvince":"","_VenueLat":"","_VenueLng":"","_VenueShowMap":false,"_VenueShowMapLink":false,"_tribe_blocks_recurrence_rules":"","_tribe_blocks_recurrence_description":"","_tribe_blocks_recurrence_exclusions":"","footnotes":""},"categories":[3558,3374,3366,3385],"tags":[],"class_list":["post-103403","post","type-post","status-publish","format-standard","has-post-thumbnail","hentry","category-casa-generalizia-it","category-istituzioni-e-organizzazioni","category-notizie","category-santa-sede-it"],"_links":{"self":[{"href":"https:\/\/www.lasalle.org\/it\/wp-json\/wp\/v2\/posts\/103403","targetHints":{"allow":["GET"]}}],"collection":[{"href":"https:\/\/www.lasalle.org\/it\/wp-json\/wp\/v2\/posts"}],"about":[{"href":"https:\/\/www.lasalle.org\/it\/wp-json\/wp\/v2\/types\/post"}],"author":[{"embeddable":true,"href":"https:\/\/www.lasalle.org\/it\/wp-json\/wp\/v2\/users\/9"}],"replies":[{"embeddable":true,"href":"https:\/\/www.lasalle.org\/it\/wp-json\/wp\/v2\/comments?post=103403"}],"version-history":[{"count":2,"href":"https:\/\/www.lasalle.org\/it\/wp-json\/wp\/v2\/posts\/103403\/revisions"}],"predecessor-version":[{"id":103405,"href":"https:\/\/www.lasalle.org\/it\/wp-json\/wp\/v2\/posts\/103403\/revisions\/103405"}],"wp:featuredmedia":[{"embeddable":true,"href":"https:\/\/www.lasalle.org\/it\/wp-json\/wp\/v2\/media\/103393"}],"wp:attachment":[{"href":"https:\/\/www.lasalle.org\/it\/wp-json\/wp\/v2\/media?parent=103403"}],"wp:term":[{"taxonomy":"category","embeddable":true,"href":"https:\/\/www.lasalle.org\/it\/wp-json\/wp\/v2\/categories?post=103403"},{"taxonomy":"post_tag","embeddable":true,"href":"https:\/\/www.lasalle.org\/it\/wp-json\/wp\/v2\/tags?post=103403"}],"curies":[{"name":"wp","href":"https:\/\/api.w.org\/{rel}","templated":true}]}}