{"id":104112,"date":"2024-09-27T08:46:17","date_gmt":"2024-09-27T07:46:17","guid":{"rendered":"https:\/\/www.lasalle.org\/?p=104112"},"modified":"2024-09-27T08:46:46","modified_gmt":"2024-09-27T07:46:46","slug":"mourad-barsoum-il-volontariato-e-un-segno-di-speranza-per-i-lasalliani","status":"publish","type":"post","link":"https:\/\/www.lasalle.org\/it\/mourad-barsoum-il-volontariato-e-un-segno-di-speranza-per-i-lasalliani\/","title":{"rendered":"Mourad Barsoum: \u201cIl volontariato \u00e8 un segno di speranza per i lasalliani\u201d"},"content":{"rendered":"<div class=\"pdfprnt-buttons pdfprnt-buttons-post pdfprnt-top-right\"><a href=\"https:\/\/www.lasalle.org\/it\/wp-json\/wp\/v2\/posts\/104112?print=pdf\" class=\"pdfprnt-button pdfprnt-button-pdf\" target=\"_blank\" ><img decoding=\"async\" src=\"https:\/\/www.lasalle.org\/wp-content\/plugins\/pdf-print\/images\/pdf.png\" alt=\"image_pdf\" title=\"Scarica il pdf\" \/><span class=\"pdfprnt-button-title pdfprnt-button-pdf-title\">PDF<\/span><\/a><a href=\"https:\/\/www.lasalle.org\/it\/wp-json\/wp\/v2\/posts\/104112?print=print\" class=\"pdfprnt-button pdfprnt-button-print\" target=\"_blank\" ><img decoding=\"async\" src=\"https:\/\/www.lasalle.org\/wp-content\/plugins\/pdf-print\/images\/print.png\" alt=\"image_print\" title=\"Stampa contenuto\" \/><span class=\"pdfprnt-button-title pdfprnt-button-print-title\">PRINT<\/span><\/a><\/div><div class=\"fusion-fullwidth fullwidth-box fusion-builder-row-1 fusion-flex-container nonhundred-percent-fullwidth non-hundred-percent-height-scrolling\" style=\"--awb-border-radius-top-left:0px;--awb-border-radius-top-right:0px;--awb-border-radius-bottom-right:0px;--awb-border-radius-bottom-left:0px;--awb-flex-wrap:wrap;\" ><div class=\"fusion-builder-row fusion-row fusion-flex-align-items-flex-start fusion-flex-content-wrap\" style=\"max-width:1248px;margin-left: calc(-4% \/ 2 );margin-right: calc(-4% \/ 2 );\"><div class=\"fusion-layout-column fusion_builder_column fusion-builder-column-0 fusion_builder_column_1_1 1_1 fusion-flex-column\" style=\"--awb-bg-size:cover;--awb-width-large:100%;--awb-margin-top-large:0px;--awb-spacing-right-large:1.92%;--awb-margin-bottom-large:0px;--awb-spacing-left-large:1.92%;--awb-width-medium:100%;--awb-spacing-right-medium:1.92%;--awb-spacing-left-medium:1.92%;--awb-width-small:100%;--awb-spacing-right-small:1.92%;--awb-spacing-left-small:1.92%;\"><div class=\"fusion-column-wrapper fusion-flex-justify-content-flex-start fusion-content-layout-column\"><div class=\"fusion-text fusion-text-1\"><p><img decoding=\"async\" class=\"alignright size-medium wp-image-104084\" src=\"https:\/\/www.lasalle.org\/wp-content\/uploads\/2024\/09\/Mourad-1-300x169.png\" alt=\"\" width=\"300\" height=\"169\" srcset=\"https:\/\/www.lasalle.org\/wp-content\/uploads\/2024\/09\/Mourad-1-200x113.png 200w, https:\/\/www.lasalle.org\/wp-content\/uploads\/2024\/09\/Mourad-1-300x169.png 300w, https:\/\/www.lasalle.org\/wp-content\/uploads\/2024\/09\/Mourad-1-400x225.png 400w, https:\/\/www.lasalle.org\/wp-content\/uploads\/2024\/09\/Mourad-1-600x338.png 600w, https:\/\/www.lasalle.org\/wp-content\/uploads\/2024\/09\/Mourad-1-768x432.png 768w, https:\/\/www.lasalle.org\/wp-content\/uploads\/2024\/09\/Mourad-1-800x450.png 800w, https:\/\/www.lasalle.org\/wp-content\/uploads\/2024\/09\/Mourad-1-1200x675.png 1200w, https:\/\/www.lasalle.org\/wp-content\/uploads\/2024\/09\/Mourad-1-1536x864.png 1536w, https:\/\/www.lasalle.org\/wp-content\/uploads\/2024\/09\/Mourad-1-1800x1013.png 1800w, https:\/\/www.lasalle.org\/wp-content\/uploads\/2024\/09\/Mourad-1.png 1920w\" sizes=\"(max-width: 300px) 100vw, 300px\" \/>Dopo lo svolgimento del <a href=\"https:\/\/www.lasalle.org\/it\/la-comunita-di-tabatinga-in-amazzonia-ospita-il-2o-congresso-del-volontariato-della-relal\/\">2\u00b0 Congresso dei Volontari della Regione Latinoamericana Lasalliana (RELAL)<\/a><u>,<\/u> il Direttore dell&#8217;Ufficio delle Vocazioni Pastorali e dei Volontari dell&#8217;Istituto dei Fratelli delle Scuole Cristiane, <strong>Mourad Barsoum, sostiene che questa esperienza \u201c\u00e8 un segno di speranza per la regione\u201d.<\/strong><\/p>\n<p>Data la realt\u00e0 dell&#8217;Istituto, <strong>conoscere la RELAL e capire le sue dinamiche in relazione al volontariato e alle persone che fanno parte di questa rete<\/strong>, per Mourad \u201c\u00e8 stato un grande arricchimento\u201d.<\/p>\n<p>Il laico lasalliano egiziano faceva parte del gruppo di 25 partecipanti che si sono incontrati dal 21 al 25 agosto sulla triplice frontiera amazzonica tra Brasile, Colombia e Per\u00f9, a <strong>Tabatinga, dove c&#8217;\u00e8 una comunit\u00e0 lasalliana che accoglie volontari e svolge la sua missione nel territorio amazzonico nella prospettiva del<\/strong> <a href=\"https:\/\/www.lasalle.org\/it\/progetto-lievito\/\">Movimento Lievito<\/a>.<\/p>\n<\/div><div class=\"fusion-text fusion-text-2\"><p><strong>Una visione, una speranza<\/strong><\/p>\n<p><img decoding=\"async\" class=\"alignleft size-medium wp-image-104088\" src=\"https:\/\/www.lasalle.org\/wp-content\/uploads\/2024\/09\/Mourad-5-300x169.jpg\" alt=\"\" width=\"300\" height=\"169\" srcset=\"https:\/\/www.lasalle.org\/wp-content\/uploads\/2024\/09\/Mourad-5-200x113.jpg 200w, https:\/\/www.lasalle.org\/wp-content\/uploads\/2024\/09\/Mourad-5-300x169.jpg 300w, https:\/\/www.lasalle.org\/wp-content\/uploads\/2024\/09\/Mourad-5-400x225.jpg 400w, https:\/\/www.lasalle.org\/wp-content\/uploads\/2024\/09\/Mourad-5-600x338.jpg 600w, https:\/\/www.lasalle.org\/wp-content\/uploads\/2024\/09\/Mourad-5-768x432.jpg 768w, https:\/\/www.lasalle.org\/wp-content\/uploads\/2024\/09\/Mourad-5-800x450.jpg 800w, https:\/\/www.lasalle.org\/wp-content\/uploads\/2024\/09\/Mourad-5-1200x675.jpg 1200w, https:\/\/www.lasalle.org\/wp-content\/uploads\/2024\/09\/Mourad-5-1536x864.jpg 1536w, https:\/\/www.lasalle.org\/wp-content\/uploads\/2024\/09\/Mourad-5-1800x1013.jpg 1800w\" sizes=\"(max-width: 300px) 100vw, 300px\" \/><\/p>\n<p>\u201cVedo felicit\u00e0, speranza e un nuovo orizzonte, ed <strong>\u00e8 importante che tutta la Regione si sia riunita per costruire una visione, una missione e per vedere come saranno i prossimi cinque anni.<\/strong> Per me il Movimento di Volontariato Lasalliano \u00e8 un segno di speranza per i lasalliani (&#8230;) anche nella prospettiva di essere \u20181 La Salle\u2019, assicura il Direttore dell&#8217;Ufficio di Pastorale delle Vocazioni e dei Volontari.<\/p>\n<p>In vista dei compiti e delle azioni che potranno essere sviluppati nel tempo a venire, Mourad esprime <strong>l&#8217;importanza di coloro che \u201csono disposti a dare il loro tempo\u201d e ad affrontare l&#8217;entusiasmante esperienza del volontariato<\/strong> in America Latina, cos\u00ec come in Asia, in Africa o in qualsiasi contesto in cui l&#8217;Istituto \u00e8 presente. \u201cIncoraggio i lasalliani a &#8216;venire e vedere&#8217;\u201d, dice, evocando le parole che Ges\u00f9 rivolge a coloro che vogliono seguirlo: \u2018venite e vedrete\u2019 (Gv 1, 46). \u201cIl volontariato non \u00e8 solo per un certo tipo di persone, ma per tutti\u201d, afferma con convinzione.<\/p>\n<\/div><div class=\"fusion-text fusion-text-3\"><p><strong>Fede, fraternit\u00e0 e servizio<\/strong><\/p>\n<p><strong><img decoding=\"async\" class=\"alignright wp-image-104097 size-full\" src=\"https:\/\/www.lasalle.org\/wp-content\/uploads\/2024\/09\/Immagine-2024-09-26-122610-e1727420567270.jpg\" alt=\"\" width=\"200\" height=\"199\" srcset=\"https:\/\/www.lasalle.org\/wp-content\/uploads\/2024\/09\/Immagine-2024-09-26-122610-e1727420567270-66x66.jpg 66w, https:\/\/www.lasalle.org\/wp-content\/uploads\/2024\/09\/Immagine-2024-09-26-122610-e1727420567270-150x150.jpg 150w, https:\/\/www.lasalle.org\/wp-content\/uploads\/2024\/09\/Immagine-2024-09-26-122610-e1727420567270.jpg 200w\" sizes=\"(max-width: 200px) 100vw, 200px\" \/><\/strong>Coloro che vivono il volontariato lasalliano sono accolti da una comunit\u00e0 di Fratelli basata su tre pilastri: fede, fraternit\u00e0 e servizio. Incoraggiamo i volontari a pregare con i Fratelli e a vivere un&#8217;esperienza missionaria e fraterna\u201d. \u201cL&#8217;esperienza comunitaria \u00e8 molto forte nella nostra Famiglia Lasalliana e il <strong>nostro servizio ai bambini pi\u00f9 vulnerabili tocca davvero il cuore dei volontari\u201d<\/strong>, conclude.<\/p>\n<p><strong><em>Volete saperne di pi\u00f9 e partecipare a un&#8217;esperienza di volontariato lasalliano? Scrivete a<\/em><\/strong> <a href=\"mailto:mbarsoum@lasalle.org\"><strong><em>mbarsoum@lasalle.org<\/em><\/strong><\/a><strong><em>\u00a0 <\/em><\/strong><\/p>\n<\/div><div class=\"fusion-text fusion-text-4\"><p><strong><em>Volete saperne di pi\u00f9 sul 2\u00b0 Congresso del Volontariato della RELAL?<br \/>\nVi invitiamo a guardare il breve documentario <u>\u201cVolontariato senza frontiere\u201d,<\/u> prodotto dalla Casa Generalizia e dalla RELAL.<\/em><\/strong><\/p>\n<\/div><div class=\"fusion-text fusion-text-5\"><div class=\"video-shortcode\"><iframe title=\"Voluntariado sin fronteras | 2.\u00ba Congreso de Voluntariado de la RELAL\" width=\"1200\" height=\"675\" src=\"https:\/\/www.youtube.com\/embed\/BTlI0Vxx_NI?feature=oembed\" frameborder=\"0\" allow=\"accelerometer; autoplay; clipboard-write; encrypted-media; gyroscope; picture-in-picture; web-share\" referrerpolicy=\"strict-origin-when-cross-origin\" allowfullscreen><\/iframe><\/div>\n<\/div><\/div><\/div><\/div><\/div>\n","protected":false},"excerpt":{"rendered":"","protected":false},"author":9,"featured_media":104080,"comment_status":"closed","ping_status":"closed","sticky":false,"template":"","format":"standard","meta":{"_tec_requires_first_save":true,"_monsterinsights_skip_tracking":false,"_monsterinsights_sitenote_active":false,"_monsterinsights_sitenote_note":"","_monsterinsights_sitenote_category":0,"_EventAllDay":false,"_EventTimezone":"","_EventStartDate":"","_EventEndDate":"","_EventStartDateUTC":"","_EventEndDateUTC":"","_EventShowMap":false,"_EventShowMapLink":false,"_EventURL":"","_EventCost":"","_EventCostDescription":"","_EventCurrencySymbol":"","_EventCurrencyCode":"","_EventCurrencyPosition":"","_EventDateTimeSeparator":"","_EventTimeRangeSeparator":"","_EventOrganizerID":[],"_EventVenueID":[],"_OrganizerEmail":"","_OrganizerPhone":"","_OrganizerWebsite":"","_VenueAddress":"","_VenueCity":"","_VenueCountry":"","_VenueProvince":"","_VenueState":"","_VenueZip":"","_VenuePhone":"","_VenueURL":"","_VenueStateProvince":"","_VenueLat":"","_VenueLng":"","_VenueShowMap":false,"_VenueShowMapLink":false,"_tribe_blocks_recurrence_rules":"","_tribe_blocks_recurrence_description":"","_tribe_blocks_recurrence_exclusions":"","footnotes":""},"categories":[3366,3488,3652],"tags":[],"class_list":["post-104112","post","type-post","status-publish","format-standard","has-post-thumbnail","hentry","category-notizie","category-relal-it","category-ufficio-per-le-vocazioni-e-il-volontariato"],"_links":{"self":[{"href":"https:\/\/www.lasalle.org\/it\/wp-json\/wp\/v2\/posts\/104112","targetHints":{"allow":["GET"]}}],"collection":[{"href":"https:\/\/www.lasalle.org\/it\/wp-json\/wp\/v2\/posts"}],"about":[{"href":"https:\/\/www.lasalle.org\/it\/wp-json\/wp\/v2\/types\/post"}],"author":[{"embeddable":true,"href":"https:\/\/www.lasalle.org\/it\/wp-json\/wp\/v2\/users\/9"}],"replies":[{"embeddable":true,"href":"https:\/\/www.lasalle.org\/it\/wp-json\/wp\/v2\/comments?post=104112"}],"version-history":[{"count":3,"href":"https:\/\/www.lasalle.org\/it\/wp-json\/wp\/v2\/posts\/104112\/revisions"}],"predecessor-version":[{"id":104115,"href":"https:\/\/www.lasalle.org\/it\/wp-json\/wp\/v2\/posts\/104112\/revisions\/104115"}],"wp:featuredmedia":[{"embeddable":true,"href":"https:\/\/www.lasalle.org\/it\/wp-json\/wp\/v2\/media\/104080"}],"wp:attachment":[{"href":"https:\/\/www.lasalle.org\/it\/wp-json\/wp\/v2\/media?parent=104112"}],"wp:term":[{"taxonomy":"category","embeddable":true,"href":"https:\/\/www.lasalle.org\/it\/wp-json\/wp\/v2\/categories?post=104112"},{"taxonomy":"post_tag","embeddable":true,"href":"https:\/\/www.lasalle.org\/it\/wp-json\/wp\/v2\/tags?post=104112"}],"curies":[{"name":"wp","href":"https:\/\/api.w.org\/{rel}","templated":true}]}}