{"id":108052,"date":"2025-02-19T16:36:59","date_gmt":"2025-02-19T15:36:59","guid":{"rendered":"https:\/\/www.lasalle.org\/?p=108052"},"modified":"2025-02-20T10:38:13","modified_gmt":"2025-02-20T09:38:13","slug":"luniversita-di-betlemme-affronta-le-sfide-delle-continue-restrizioni-in-cisgiordania","status":"publish","type":"post","link":"https:\/\/www.lasalle.org\/it\/luniversita-di-betlemme-affronta-le-sfide-delle-continue-restrizioni-in-cisgiordania\/","title":{"rendered":"L&#8217;Universit\u00e0 di Betlemme affronta le sfide delle continue restrizioni in Cisgiordania"},"content":{"rendered":"<div class=\"pdfprnt-buttons pdfprnt-buttons-post pdfprnt-top-right\"><a href=\"https:\/\/www.lasalle.org\/it\/wp-json\/wp\/v2\/posts\/108052?print=pdf\" class=\"pdfprnt-button pdfprnt-button-pdf\" target=\"_blank\" ><img decoding=\"async\" src=\"https:\/\/www.lasalle.org\/wp-content\/plugins\/pdf-print\/images\/pdf.png\" alt=\"image_pdf\" title=\"Scarica il pdf\" \/><span class=\"pdfprnt-button-title pdfprnt-button-pdf-title\">PDF<\/span><\/a><a href=\"https:\/\/www.lasalle.org\/it\/wp-json\/wp\/v2\/posts\/108052?print=print\" class=\"pdfprnt-button pdfprnt-button-print\" target=\"_blank\" ><img decoding=\"async\" src=\"https:\/\/www.lasalle.org\/wp-content\/plugins\/pdf-print\/images\/print.png\" alt=\"image_print\" title=\"Stampa contenuto\" \/><span class=\"pdfprnt-button-title pdfprnt-button-print-title\">PRINT<\/span><\/a><\/div><div class=\"fusion-fullwidth fullwidth-box fusion-builder-row-1 fusion-flex-container nonhundred-percent-fullwidth non-hundred-percent-height-scrolling\" style=\"--awb-border-radius-top-left:0px;--awb-border-radius-top-right:0px;--awb-border-radius-bottom-right:0px;--awb-border-radius-bottom-left:0px;--awb-flex-wrap:wrap;\" ><div class=\"fusion-builder-row fusion-row fusion-flex-align-items-flex-start fusion-flex-content-wrap\" style=\"max-width:1248px;margin-left: calc(-4% \/ 2 );margin-right: calc(-4% \/ 2 );\"><div class=\"fusion-layout-column fusion_builder_column fusion-builder-column-0 fusion_builder_column_1_1 1_1 fusion-flex-column\" style=\"--awb-bg-size:cover;--awb-width-large:100%;--awb-margin-top-large:0px;--awb-spacing-right-large:1.92%;--awb-margin-bottom-large:0px;--awb-spacing-left-large:1.92%;--awb-width-medium:100%;--awb-spacing-right-medium:1.92%;--awb-spacing-left-medium:1.92%;--awb-width-small:100%;--awb-spacing-right-small:1.92%;--awb-spacing-left-small:1.92%;\"><div class=\"fusion-column-wrapper fusion-flex-justify-content-flex-start fusion-content-layout-column\"><div class=\"fusion-text fusion-text-1\"><p>Il vicepresidente per l&#8217;avanzamento dell&#8217;unica universit\u00e0 cattolica palestinese racconta a <em>Vatican News<\/em> le lotte dei suoi studenti sulla scia delle nuove misure di sicurezza in Cisgiordania.<\/p>\n<p>L&#8217;Universit\u00e0 di Betlemme, fondata nel 1973, \u00e8 l&#8217;unica universit\u00e0 cattolica della Palestina e serve circa 3.000 studenti.<\/p>\n<p>Recentemente, il suo vicepresidente per l&#8217;avanzamento, Fr. Jack Curran, FSC, ha parlato con <em>Vatican News<\/em> della situazione in Cisgiordania e se \u00e8 cambiata dopo l&#8217;accordo di cessate il fuoco temporaneo tra Israele e Hamas.<\/p>\n<p>\u201cMentre il cessate il fuoco ha portato un senso di sollievo\u201d, ha detto,\u201d le nuove restrizioni imposte nella regione hanno reso la vita estremamente difficile per i palestinesi\u201d. \u201cIl giorno in cui \u00e8 entrato in vigore il cessate il fuoco a Gaza\u201d, ha sottolineato Fr. Jack, \u201csono state poste altre 90 barriere intorno alla citt\u00e0 di Betlemme\u201d.<\/p>\n<p>L&#8217;ostacolo pi\u00f9 significativo alla pace, ha spiegato Fr. Jack Curran, \u00e8 la continua mancanza di riconoscimento internazionale dello Stato di Palestina e delle sue lotte. Ha anche sottolineato che, nonostante il riconoscimento internazionale della Palestina da parte delle Nazioni Unite, del Vaticano e di altri, molti Paesi non hanno ancora riconosciuto i diritti e la dignit\u00e0 del popolo palestinese. Questa mancanza di riconoscimento, dichiara, continua ad alimentare l&#8217;instabilit\u00e0, anche dopo il cessate il fuoco.<\/p>\n<\/div><div class=\"fusion-title title fusion-title-1 fusion-sep-none fusion-title-text fusion-title-size-one\" style=\"--awb-text-color:var(--awb-custom17);\"><h1 class=\"fusion-title-heading title-heading-left\" style=\"margin:0;\"><strong>Le sfide per l&#8217;Universit\u00e0 di Betlemme<\/strong><\/h1><\/div><div class=\"fusion-text fusion-text-2\"><p>Per l&#8217;Universit\u00e0 di Betlemme, l&#8217;occupazione si manifesta con disagi quotidiani per gli studenti, in particolare per il 40% che viaggia da Gerusalemme Est. L&#8217;inasprimento delle restrizioni agli spostamenti ha fatto s\u00ec che gli studenti si siano trovati spesso ad affrontare ritardi imprevedibili, a volte strategicamente legati agli esami. \u201c\u00c8 una pratica umiliante\u201d, ha detto Fr. Jack Curran, \u201cche ha un impatto diretto sulla loro capacit\u00e0 di apprendere e prosperare\u201d.<\/p>\n<p>Fr. Jack Curran ha concluso con un appello a continuare a pregare per il popolo della Terra Santa. \u201cCrediamo nel potere della preghiera. Facciamo la differenza e siamo profondamente grati per la solidariet\u00e0 di coloro che sono al nostro fianco nella fede e nella speranza\u201d.<em>\u00a0<\/em><\/p>\n<p><strong><em>Potete fare una donazione all&#8217;Universit\u00e0 di Betlemme <\/em><em><u><a href=\"https:\/\/www.bethlehem.edu\/aboutbu\/admin-offices\/advancement-office\/ways-to-give\/\" target=\"_blank\" rel=\"noopener\">qui<\/a>.<\/u><\/em><\/strong><\/p>\n<p><em>\u00a0<\/em><\/p>\n<\/div><div class=\"fusion-separator fusion-full-width-sep\" style=\"align-self: center;margin-left: auto;margin-right: auto;margin-top:10px;margin-bottom:10px;width:100%;\"><div class=\"fusion-separator-border sep-single sep-solid\" style=\"--awb-height:20px;--awb-amount:20px;border-color:#e0dede;border-top-width:1px;\"><\/div><\/div><div class=\"fusion-text fusion-text-3\"><p><a href=\"https:\/\/www.vaticannews.va\/en\/church\/news\/2025-02\/bethlehem-university-struggles-restrictions-west-bank-curran.html\" target=\"_blank\" rel=\"noopener\"><em><u>* Articolo pubblicato su Vatican News da padre Adrian Danca.<\/u><\/em><\/a><\/p>\n<\/div><\/div><\/div><\/div><\/div>\n","protected":false},"excerpt":{"rendered":"","protected":false},"author":12,"featured_media":108063,"comment_status":"closed","ping_status":"closed","sticky":false,"template":"","format":"standard","meta":{"_tec_requires_first_save":true,"_monsterinsights_skip_tracking":false,"_monsterinsights_sitenote_active":false,"_monsterinsights_sitenote_note":"","_monsterinsights_sitenote_category":0,"_EventAllDay":false,"_EventTimezone":"","_EventStartDate":"","_EventEndDate":"","_EventStartDateUTC":"","_EventEndDateUTC":"","_EventShowMap":false,"_EventShowMapLink":false,"_EventURL":"","_EventCost":"","_EventCostDescription":"","_EventCurrencySymbol":"","_EventCurrencyCode":"","_EventCurrencyPosition":"","_EventDateTimeSeparator":"","_EventTimeRangeSeparator":"","_EventOrganizerID":[],"_EventVenueID":[],"_OrganizerEmail":"","_OrganizerPhone":"","_OrganizerWebsite":"","_VenueAddress":"","_VenueCity":"","_VenueCountry":"","_VenueProvince":"","_VenueState":"","_VenueZip":"","_VenuePhone":"","_VenueURL":"","_VenueStateProvince":"","_VenueLat":"","_VenueLng":"","_VenueShowMap":false,"_VenueShowMapLink":false,"_tribe_blocks_recurrence_rules":"","_tribe_blocks_recurrence_description":"","_tribe_blocks_recurrence_exclusions":"","footnotes":""},"categories":[3366,3515],"tags":[3699],"class_list":["post-108052","post","type-post","status-publish","format-standard","has-post-thumbnail","hentry","category-notizie","category-relan-it","tag-universita-di-betlemme"],"_links":{"self":[{"href":"https:\/\/www.lasalle.org\/it\/wp-json\/wp\/v2\/posts\/108052","targetHints":{"allow":["GET"]}}],"collection":[{"href":"https:\/\/www.lasalle.org\/it\/wp-json\/wp\/v2\/posts"}],"about":[{"href":"https:\/\/www.lasalle.org\/it\/wp-json\/wp\/v2\/types\/post"}],"author":[{"embeddable":true,"href":"https:\/\/www.lasalle.org\/it\/wp-json\/wp\/v2\/users\/12"}],"replies":[{"embeddable":true,"href":"https:\/\/www.lasalle.org\/it\/wp-json\/wp\/v2\/comments?post=108052"}],"version-history":[{"count":4,"href":"https:\/\/www.lasalle.org\/it\/wp-json\/wp\/v2\/posts\/108052\/revisions"}],"predecessor-version":[{"id":108068,"href":"https:\/\/www.lasalle.org\/it\/wp-json\/wp\/v2\/posts\/108052\/revisions\/108068"}],"wp:featuredmedia":[{"embeddable":true,"href":"https:\/\/www.lasalle.org\/it\/wp-json\/wp\/v2\/media\/108063"}],"wp:attachment":[{"href":"https:\/\/www.lasalle.org\/it\/wp-json\/wp\/v2\/media?parent=108052"}],"wp:term":[{"taxonomy":"category","embeddable":true,"href":"https:\/\/www.lasalle.org\/it\/wp-json\/wp\/v2\/categories?post=108052"},{"taxonomy":"post_tag","embeddable":true,"href":"https:\/\/www.lasalle.org\/it\/wp-json\/wp\/v2\/tags?post=108052"}],"curies":[{"name":"wp","href":"https:\/\/api.w.org\/{rel}","templated":true}]}}