{"id":108248,"date":"2025-02-21T23:29:24","date_gmt":"2025-02-21T22:29:24","guid":{"rendered":"https:\/\/www.lasalle.org\/?p=108248"},"modified":"2025-02-24T08:48:53","modified_gmt":"2025-02-24T07:48:53","slug":"i-tre-consigli-dellistituto-si-riuniscono-e-confermano-lopzione-per-un-nuovo-modello-di-governance","status":"publish","type":"post","link":"https:\/\/www.lasalle.org\/it\/i-tre-consigli-dellistituto-si-riuniscono-e-confermano-lopzione-per-un-nuovo-modello-di-governance\/","title":{"rendered":"I tre Consigli dell&#8217;Istituto si riuniscono e confermano l&#8217;opzione per un nuovo modello di governance"},"content":{"rendered":"<div class=\"pdfprnt-buttons pdfprnt-buttons-post pdfprnt-top-right\"><a href=\"https:\/\/www.lasalle.org\/it\/wp-json\/wp\/v2\/posts\/108248?print=pdf\" class=\"pdfprnt-button pdfprnt-button-pdf\" target=\"_blank\" ><img decoding=\"async\" src=\"https:\/\/www.lasalle.org\/wp-content\/plugins\/pdf-print\/images\/pdf.png\" alt=\"image_pdf\" title=\"Scarica il pdf\" \/><span class=\"pdfprnt-button-title pdfprnt-button-pdf-title\">PDF<\/span><\/a><a href=\"https:\/\/www.lasalle.org\/it\/wp-json\/wp\/v2\/posts\/108248?print=print\" class=\"pdfprnt-button pdfprnt-button-print\" target=\"_blank\" ><img decoding=\"async\" src=\"https:\/\/www.lasalle.org\/wp-content\/plugins\/pdf-print\/images\/print.png\" alt=\"image_print\" title=\"Stampa contenuto\" \/><span class=\"pdfprnt-button-title pdfprnt-button-print-title\">PRINT<\/span><\/a><\/div><div class=\"fusion-fullwidth fullwidth-box fusion-builder-row-1 fusion-flex-container nonhundred-percent-fullwidth non-hundred-percent-height-scrolling\" style=\"--awb-border-radius-top-left:0px;--awb-border-radius-top-right:0px;--awb-border-radius-bottom-right:0px;--awb-border-radius-bottom-left:0px;--awb-flex-wrap:wrap;\" ><div class=\"fusion-builder-row fusion-row fusion-flex-align-items-flex-start fusion-flex-content-wrap\" style=\"max-width:1248px;margin-left: calc(-4% \/ 2 );margin-right: calc(-4% \/ 2 );\"><div class=\"fusion-layout-column fusion_builder_column fusion-builder-column-0 fusion_builder_column_1_1 1_1 fusion-flex-column\" style=\"--awb-bg-size:cover;--awb-width-large:100%;--awb-margin-top-large:0px;--awb-spacing-right-large:1.92%;--awb-margin-bottom-large:0px;--awb-spacing-left-large:1.92%;--awb-width-medium:100%;--awb-spacing-right-medium:1.92%;--awb-spacing-left-medium:1.92%;--awb-width-small:100%;--awb-spacing-right-small:1.92%;--awb-spacing-left-small:1.92%;\"><div class=\"fusion-column-wrapper fusion-flex-justify-content-flex-start fusion-content-layout-column\"><div class=\"fusion-text fusion-text-1\"><p>Convocati dal Superiore Generale dei Fratelli delle Scuole Cristiane, Fratel Armin Luistro, i tre Consigli dell&#8217;Istituto, <strong>il Consiglio Generale, il Consiglio Internazionale dell&#8217;Associazione e della Missione Educativa Lasalliana (CIAMEL) e il Consiglio Economico Internazionale (CEI), si sono riuniti per la prima volta presso la Casa Generalizia a Roma dal 10 al 12 febbraio.<\/strong><\/p>\n<p>Questo momento \u00e8 uno spartiacque in una storia che si sta costruendo da molti anni, ma soprattutto dopo il 46\u00b0 Capitolo Generale, che ha chiesto un nuovo modello di governo dell&#8217;Istituto\u201d, ha commentato Fratel Carlos G\u00f3mez, Vicario Generale, sottolineando che mentre \u201ctutto questo \u00e8 facile da dire e facile da scrivere, quando ci troviamo di fronte a una realt\u00e0 come questa, <strong>dobbiamo iniziare a essere creativi nel capire come possa essere un nuovo modo di governare l&#8217;Istituto\u201d<\/strong>.<\/p>\n<\/div><div class=\"fusion-title title fusion-title-1 fusion-sep-none fusion-title-text fusion-title-size-two\" style=\"--awb-text-color:var(--awb-custom17);--awb-font-size:24px;\"><h2 class=\"fusion-title-heading title-heading-left\" style=\"margin:0;font-size:1em;\"><strong>Una chiamata alla sinodalit\u00e0<\/strong><\/h2><\/div><div class=\"fusion-text fusion-text-2\"><p>Il Vicario generale sostiene inoltre che, dato l\u2019appello della Chiesa alla sinodalit\u00e0, \u201cche risuona in tutti i continenti\u201d, la sinodalit\u00e0 implica anche \u201cla rottura con il modo in cui le decisioni sono state tradizionalmente prese nella Chiesa, per tornare a una pratica che ha a che fare con le sue origini\u201d. Non si tratta pi\u00f9, quindi, di un solo gruppo che prende decisioni e tutto il Popolo di Dio obbedisce, ma \u201c<strong>dalla base si pu\u00f2 costruire il consenso e ci\u00f2 che impegner\u00e0 davvero tutti noi<\/strong>\u201d.<\/p>\n<p>Ecco perch\u00e9 questa prima sessione congiunta tra i tre Consigli dell\u2019Istituto si \u00e8 svolta in continuit\u00e0 con l\u2019Assemblea Plenaria del luglio 2024, riprendendo la sintesi che ne \u00e8 scaturita, per \u201cdiscernere e camminare insieme\u201d. \u201cRicardo Laguda, membro del Consiglio Generale, ha espresso la speranza che \u201cquesti tre Consigli guidino e dirigano l\u2019Istituto e la Famiglia Lasalliana negli anni a venire\u201d.<\/p>\n<p><strong>\u201cL\u2019idea \u00e8 che il Consiglio Generale cerchi di definire la visione generale e le direzioni per l\u2019intero Istituto, e si spera che gli altri due Consigli possano sostenerlo<\/strong>. Per esempio, il Consiglio Economico cercher\u00e0 di assicurare la sostenibilit\u00e0 finanziaria della missione nell\u2019Istituto, mentre il Consiglio della Missione prover\u00e0 ad aiutarci in termini di Famiglia e di Formazione Lasalliana, per assicurare la coerenza nel modo in cui i Partner partecipano e si impegnano nella Missione Lasalliana\u201d.<\/p>\n<p>Nel caso del Consiglio Economico Internazionale, il suo Presidente, Nestor Tan, spiega che \u201cha il compito di identificare e preservare l\u2019eredit\u00e0 dell\u2019Istituto a nome del Fratello Superiore e del Consiglio Generale, armonizzando i processi nelle diverse istituzioni per facilitare la governance, ottimizzando il valore che ne deriva e\u00a0<strong>assicurando che anticipiamo e pianifichiamo il futuro, compresa la creazione di strutture appropriate che possano essere trasmesse di generazione in generazione<\/strong>\u201d. Il punto centrale di questo lavoro \u00e8 \u201cassicurarsi che le buone pratiche siano condivise\u201d, sottolinea il laico lasalliano.<\/p>\n<\/div><div class=\"fusion-title title fusion-title-2 fusion-sep-none fusion-title-text fusion-title-size-two\" style=\"--awb-text-color:var(--awb-custom17);--awb-font-size:24px;\"><h2 class=\"fusion-title-heading title-heading-left\" style=\"margin:0;font-size:1em;\"><strong>Apprendimento reciproco e corresponsabilit\u00e0<\/strong><\/h2><\/div><div class=\"fusion-text fusion-text-3\"><p>Il bilancio \u00e8 molto positivo, come spiega Kurt Schackmuth, membro del CIAMEL: \u201cquesti giorni insieme sono stati un\u2019opportunit\u00e0 per il CIAMEL e gli altri Consigli di imparare l\u2019uno dall\u2019altro, nonch\u00e9 di esercitare la corresponsabilit\u00e0 per la missione come parte della nuova struttura di governance dell\u2019Istituto\u201d. \u201cIl CIAMEL, in particolare, ha deciso di\u00a0<strong>concentrarsi sulla comunicazione con i Consigli MEL e le altre strutture di governance condivisa e sulla collaborazione con le Commissioni<\/strong>\u201d, aggiunge.<\/p>\n<p>Da parte sua, Fr. Carlos G\u00f3mez sottolinea che \u201cuna delle lezioni pi\u00f9 interessanti di tutto questo \u00e8 il modo in cui le questioni si arricchiscono, quando anche le riflessioni lo fanno, per avere diverse prospettive e non esclusivamente il punto di vista del Consiglio Generale\u201d, poich\u00e9 \u201c<strong>molte delle questioni che discutiamo richiedono altri angoli di visione, perch\u00e9 ci saranno sempre implicazioni finanziarie e per la missione<\/strong>. E ovviamente abbiamo bisogno proprio di queste riflessioni che ci aiutano a radicarci e a mostrare i nuovi orizzonti\u201d.<\/p>\n<p>\u201cOvviamente sappiamo che ci sono questioni che sono esclusive dei Consigli, per esempio: il Consiglio Generale deve continuare a lavorare necessariamente sulla vita dei Fratelli (\u2026); ma ci\u00f2 che ha a che fare con la missione, con il finanziamento della missione e la sua sostenibilit\u00e0, riguarda anche molte altre persone\u201d, spiega il Vicario Generale.<\/p>\n<p>\u201cIl cammino iniziato si arricchir\u00e0 nel tempo, ma i primi passi sono stati fatti e credo che al momento il bilancio sia molto positivo, cos\u00ec come\u00a0<strong>l\u2019invito a vivere questi stessi movimenti nei diversi luoghi in cui l\u2019Istituto \u00e8 presente\u201d<\/strong>, conclude Fr. Carlos G\u00f3mez.<\/p>\n<\/div><div class=\"fusion-text fusion-text-4\"><div class=\"video-shortcode\"><iframe title=\"LaSalleOrg News | Joint Meeting of the three Councils of the Institute\" width=\"1200\" height=\"675\" src=\"https:\/\/www.youtube.com\/embed\/7nncouos_qI?feature=oembed\" frameborder=\"0\" allow=\"accelerometer; autoplay; clipboard-write; encrypted-media; gyroscope; picture-in-picture; web-share\" referrerpolicy=\"strict-origin-when-cross-origin\" allowfullscreen><\/iframe><\/div>\n<\/div><\/div><\/div><\/div><\/div>\n","protected":false},"excerpt":{"rendered":"","protected":false},"author":12,"featured_media":108177,"comment_status":"closed","ping_status":"closed","sticky":false,"template":"","format":"standard","meta":{"_tec_requires_first_save":true,"_monsterinsights_skip_tracking":false,"_monsterinsights_sitenote_active":false,"_monsterinsights_sitenote_note":"","_monsterinsights_sitenote_category":0,"_EventAllDay":false,"_EventTimezone":"","_EventStartDate":"","_EventEndDate":"","_EventStartDateUTC":"","_EventEndDateUTC":"","_EventShowMap":false,"_EventShowMapLink":false,"_EventURL":"","_EventCost":"","_EventCostDescription":"","_EventCurrencySymbol":"","_EventCurrencyCode":"","_EventCurrencyPosition":"","_EventDateTimeSeparator":"","_EventTimeRangeSeparator":"","_EventOrganizerID":[],"_EventVenueID":[],"_OrganizerEmail":"","_OrganizerPhone":"","_OrganizerWebsite":"","_VenueAddress":"","_VenueCity":"","_VenueCountry":"","_VenueProvince":"","_VenueState":"","_VenueZip":"","_VenuePhone":"","_VenueURL":"","_VenueStateProvince":"","_VenueLat":"","_VenueLng":"","_VenueShowMap":false,"_VenueShowMapLink":false,"_tribe_blocks_recurrence_rules":"","_tribe_blocks_recurrence_description":"","_tribe_blocks_recurrence_exclusions":"","footnotes":""},"categories":[3558,3274,3366,3300],"tags":[],"class_list":["post-108248","post","type-post","status-publish","format-standard","has-post-thumbnail","hentry","category-casa-generalizia-it","category-consiglio-generale","category-notizie","category-superiore-generale"],"_links":{"self":[{"href":"https:\/\/www.lasalle.org\/it\/wp-json\/wp\/v2\/posts\/108248","targetHints":{"allow":["GET"]}}],"collection":[{"href":"https:\/\/www.lasalle.org\/it\/wp-json\/wp\/v2\/posts"}],"about":[{"href":"https:\/\/www.lasalle.org\/it\/wp-json\/wp\/v2\/types\/post"}],"author":[{"embeddable":true,"href":"https:\/\/www.lasalle.org\/it\/wp-json\/wp\/v2\/users\/12"}],"replies":[{"embeddable":true,"href":"https:\/\/www.lasalle.org\/it\/wp-json\/wp\/v2\/comments?post=108248"}],"version-history":[{"count":3,"href":"https:\/\/www.lasalle.org\/it\/wp-json\/wp\/v2\/posts\/108248\/revisions"}],"predecessor-version":[{"id":108256,"href":"https:\/\/www.lasalle.org\/it\/wp-json\/wp\/v2\/posts\/108248\/revisions\/108256"}],"wp:featuredmedia":[{"embeddable":true,"href":"https:\/\/www.lasalle.org\/it\/wp-json\/wp\/v2\/media\/108177"}],"wp:attachment":[{"href":"https:\/\/www.lasalle.org\/it\/wp-json\/wp\/v2\/media?parent=108248"}],"wp:term":[{"taxonomy":"category","embeddable":true,"href":"https:\/\/www.lasalle.org\/it\/wp-json\/wp\/v2\/categories?post=108248"},{"taxonomy":"post_tag","embeddable":true,"href":"https:\/\/www.lasalle.org\/it\/wp-json\/wp\/v2\/tags?post=108248"}],"curies":[{"name":"wp","href":"https:\/\/api.w.org\/{rel}","templated":true}]}}