{"id":108725,"date":"2025-03-10T09:33:17","date_gmt":"2025-03-10T08:33:17","guid":{"rendered":"https:\/\/www.lasalle.org\/?p=108725"},"modified":"2025-03-10T09:33:17","modified_gmt":"2025-03-10T08:33:17","slug":"la-conversione-alla-sinodalita","status":"publish","type":"post","link":"https:\/\/www.lasalle.org\/it\/la-conversione-alla-sinodalita\/","title":{"rendered":"La conversione alla sinodalit\u00e0"},"content":{"rendered":"<div class=\"pdfprnt-buttons pdfprnt-buttons-post pdfprnt-top-right\"><a href=\"https:\/\/www.lasalle.org\/it\/wp-json\/wp\/v2\/posts\/108725?print=pdf\" class=\"pdfprnt-button pdfprnt-button-pdf\" target=\"_blank\" ><img decoding=\"async\" src=\"https:\/\/www.lasalle.org\/wp-content\/plugins\/pdf-print\/images\/pdf.png\" alt=\"image_pdf\" title=\"Scarica il pdf\" \/><span class=\"pdfprnt-button-title pdfprnt-button-pdf-title\">PDF<\/span><\/a><a href=\"https:\/\/www.lasalle.org\/it\/wp-json\/wp\/v2\/posts\/108725?print=print\" class=\"pdfprnt-button pdfprnt-button-print\" target=\"_blank\" ><img decoding=\"async\" src=\"https:\/\/www.lasalle.org\/wp-content\/plugins\/pdf-print\/images\/print.png\" alt=\"image_print\" title=\"Stampa contenuto\" \/><span class=\"pdfprnt-button-title pdfprnt-button-print-title\">PRINT<\/span><\/a><\/div><div class=\"fusion-fullwidth fullwidth-box fusion-builder-row-1 fusion-flex-container nonhundred-percent-fullwidth non-hundred-percent-height-scrolling\" style=\"--awb-border-radius-top-left:0px;--awb-border-radius-top-right:0px;--awb-border-radius-bottom-right:0px;--awb-border-radius-bottom-left:0px;--awb-flex-wrap:wrap;\" ><div class=\"fusion-builder-row fusion-row fusion-flex-align-items-flex-start fusion-flex-content-wrap\" style=\"max-width:1248px;margin-left: calc(-4% \/ 2 );margin-right: calc(-4% \/ 2 );\"><div class=\"fusion-layout-column fusion_builder_column fusion-builder-column-0 fusion_builder_column_1_1 1_1 fusion-flex-column\" style=\"--awb-bg-size:cover;--awb-width-large:100%;--awb-margin-top-large:0px;--awb-spacing-right-large:1.92%;--awb-margin-bottom-large:0px;--awb-spacing-left-large:1.92%;--awb-width-medium:100%;--awb-spacing-right-medium:1.92%;--awb-spacing-left-medium:1.92%;--awb-width-small:100%;--awb-spacing-right-small:1.92%;--awb-spacing-left-small:1.92%;\"><div class=\"fusion-column-wrapper fusion-flex-justify-content-flex-start fusion-content-layout-column\"><div class=\"fusion-text fusion-text-1\"><p><strong>\u201cCamminiamo insieme nella speranza\u201d <\/strong>\u00e8 il titolo del <a href=\"https:\/\/www.vatican.va\/content\/francesco\/it\/messages\/lent\/documents\/20250206-messaggio-quaresima2025.html\" target=\"_blank\" rel=\"noopener\">Messaggio di Papa Francesco per la Quaresima di quest&#8217;anno 2025<\/a>, iniziata con la celebrazione del Mercoled\u00ec delle Ceneri, segno penitenziale che inaugura il pellegrinaggio di quaranta giorni verso la Pasqua.<\/p>\n<p>\u201cIl cammino ascetico quaresimale, come quello sinodale, ha come meta una trasfigurazione personale ed ecclesiale\u201d, aveva sottolineato il Vescovo di Roma nel suo <a href=\"https:\/\/www.vatican.va\/content\/francesco\/it\/messages\/lent\/documents\/20230125-messaggio-quaresima.html\" target=\"_blank\" rel=\"noopener\">Messaggio per la Quaresima 2023<\/a>.<\/p>\n<p>Prendendo come riferimento l&#8217;esperienza dei discepoli che assistettero alla trasfigurazione del Signore sul Monte Tabor (cfr. Mt 17,1-9), Francesco avverte che \u201cil cammino sinodale non deve portarci a credere nell&#8217;illusione di essere arrivati [alla fine del cammino], quando Dio ci concede la grazia di alcune forti esperienze di comunione\u201d.<\/p>\n<p><strong>\u00a0<\/strong><\/p>\n<p>Dopo la conclusione delle fasi di \u201cconsultazione del popolo di Dio\u201d e di \u201cdiscernimento\u201d, <strong>si pu\u00f2 essere tentati di pensare e agire come se il processo sinodale si fosse concluso nell&#8217;ottobre 2024<\/strong>, quando si \u00e8 conclusa la Seconda Assemblea del Sinodo sulla Sinodalit\u00e0, dimenticando che siamo ora nella fase di \u201cattuazione\u201d del Sinodo, un momento chiave per appropriarsi e mettere in pratica quanto stabilito nel <em><u>Documento finale<\/u><\/em> approvato dal Papa.<\/p>\n<p><strong>\u00a0<\/strong><\/p>\n<p>Da qui l&#8217;insistenza del Papa in questa Quaresima sulla \u201cconversione alla sinodalit\u00e0\u201d come compito e missione per i battezzati, perch\u00e9 \u201c<strong>la vocazione della Chiesa \u00e8 quella di camminare insieme, di essere sinodale<\/strong>\u201d, per cui siamo sfidati a mettere da parte i nostri egoismi e protagonismi, per andare incontro all&#8217;altro e lasciar fluire lo Spirito. Del resto, come dice Francesco, \u201ci cristiani sono chiamati a camminare insieme, mai come viaggiatori solitari\u201d.<\/p>\n<p><strong>\u00a0<\/strong><\/p>\n<p><strong>La conversione alla sinodalit\u00e0 \u00e8 un invito alla speranza<\/strong>, a lasciarsi alle spalle gli individualismi, la zona di <em>comfort<\/em> e le proprie sicurezze, per andare incontro all&#8217;altro nella fede, con lo slancio creativo del poeta Antonio Machado: <em>Viandante, i tuoi passi sono\/il cammino e nulla pi\u00f9;\/viandante, non c&#8217;\u00e8 cammino,\/il cammino si fa camminando.<\/em><\/p>\n<p>Per Francesco, <strong>\u201ccamminare insieme significa essere artigiani dell&#8217;unit\u00e0, a partire dalla comune dignit\u00e0 di figli di Dio<\/strong> (cfr. Gal 3,26-28); significa camminare fianco a fianco, senza calpestare o dominare l&#8217;altro, senza nutrire invidia o ipocrisia, senza lasciare che qualcuno rimanga indietro o si senta escluso\u201d.<\/p>\n<p><strong>\u00a0<\/strong><\/p>\n<p>Pertanto, oltre alla conversione personale, \u00e8 necessaria anche la conversione comunitaria. La Quaresima e la sinodalit\u00e0 ci invitano a muoverci nella stessa direzione, accettando la diversit\u00e0 come un dono e \u201cascoltandoci reciprocamente con amore e pazienza\u201d, come ci chiede il Vescovo di Roma.<\/p>\n<p>Per la Famiglia Lasalliana, l&#8217;appello alla conversione alla sinodalit\u00e0 ci porta a chiederci, in questa Quaresima, \u201c<strong>se siamo capaci di lavorare insieme al servizio del Regno di Dio; se abbiamo un atteggiamento di accoglienza, con gesti concreti, verso le persone che vengono da noi e quelle che sono lontane<\/strong>; se facciamo sentire le persone parte della comunit\u00e0 o se le emarginiamo\u201d.<\/p>\n<p><strong>\u00a0<\/strong><\/p>\n<p>Queste domande, proposte da Papa Francesco nel suo Messaggio per la Quaresima 2025, ci incoraggiano anche <strong>a porre nuovamente il nostro cuore nelle periferie<\/strong>, come si evince dall\u2019invito nella <a href=\"https:\/\/www.lasalle.org\/it\/riflessione-lasalliana-10-il-nostro-cuore-e-nelle-periferie\/\">Riflessione lasalliana 10<\/a> e nella <a href=\"https:\/\/www.lasalle.org\/it\/lettera-pastorale-alla-famiglia-lasalliana-2025\/\">Lettera Pastorale del Fratello Superiore Generale alla Famiglia Lasalliana<\/a>.<\/p>\n<p><strong>\u00a0<\/strong><\/p>\n<\/div><\/div><\/div><\/div><\/div>\n","protected":false},"excerpt":{"rendered":"","protected":false},"author":9,"featured_media":108720,"comment_status":"closed","ping_status":"closed","sticky":false,"template":"","format":"standard","meta":{"_tec_requires_first_save":true,"_monsterinsights_skip_tracking":false,"_monsterinsights_sitenote_active":false,"_monsterinsights_sitenote_note":"","_monsterinsights_sitenote_category":0,"_EventAllDay":false,"_EventTimezone":"","_EventStartDate":"","_EventEndDate":"","_EventStartDateUTC":"","_EventEndDateUTC":"","_EventShowMap":false,"_EventShowMapLink":false,"_EventURL":"","_EventCost":"","_EventCostDescription":"","_EventCurrencySymbol":"","_EventCurrencyCode":"","_EventCurrencyPosition":"","_EventDateTimeSeparator":"","_EventTimeRangeSeparator":"","_EventOrganizerID":[],"_EventVenueID":[],"_OrganizerEmail":"","_OrganizerPhone":"","_OrganizerWebsite":"","_VenueAddress":"","_VenueCity":"","_VenueCountry":"","_VenueProvince":"","_VenueState":"","_VenueZip":"","_VenuePhone":"","_VenueURL":"","_VenueStateProvince":"","_VenueLat":"","_VenueLng":"","_VenueShowMap":false,"_VenueShowMapLink":false,"_tribe_blocks_recurrence_rules":"","_tribe_blocks_recurrence_description":"","_tribe_blocks_recurrence_exclusions":"","footnotes":""},"categories":[3366,3385,3300],"tags":[],"class_list":["post-108725","post","type-post","status-publish","format-standard","has-post-thumbnail","hentry","category-notizie","category-santa-sede-it","category-superiore-generale"],"_links":{"self":[{"href":"https:\/\/www.lasalle.org\/it\/wp-json\/wp\/v2\/posts\/108725","targetHints":{"allow":["GET"]}}],"collection":[{"href":"https:\/\/www.lasalle.org\/it\/wp-json\/wp\/v2\/posts"}],"about":[{"href":"https:\/\/www.lasalle.org\/it\/wp-json\/wp\/v2\/types\/post"}],"author":[{"embeddable":true,"href":"https:\/\/www.lasalle.org\/it\/wp-json\/wp\/v2\/users\/9"}],"replies":[{"embeddable":true,"href":"https:\/\/www.lasalle.org\/it\/wp-json\/wp\/v2\/comments?post=108725"}],"version-history":[{"count":1,"href":"https:\/\/www.lasalle.org\/it\/wp-json\/wp\/v2\/posts\/108725\/revisions"}],"predecessor-version":[{"id":108726,"href":"https:\/\/www.lasalle.org\/it\/wp-json\/wp\/v2\/posts\/108725\/revisions\/108726"}],"wp:featuredmedia":[{"embeddable":true,"href":"https:\/\/www.lasalle.org\/it\/wp-json\/wp\/v2\/media\/108720"}],"wp:attachment":[{"href":"https:\/\/www.lasalle.org\/it\/wp-json\/wp\/v2\/media?parent=108725"}],"wp:term":[{"taxonomy":"category","embeddable":true,"href":"https:\/\/www.lasalle.org\/it\/wp-json\/wp\/v2\/categories?post=108725"},{"taxonomy":"post_tag","embeddable":true,"href":"https:\/\/www.lasalle.org\/it\/wp-json\/wp\/v2\/tags?post=108725"}],"curies":[{"name":"wp","href":"https:\/\/api.w.org\/{rel}","templated":true}]}}