{"id":109817,"date":"2025-04-29T09:13:28","date_gmt":"2025-04-29T08:13:28","guid":{"rendered":"https:\/\/www.lasalle.org\/?p=109817"},"modified":"2025-04-29T09:13:28","modified_gmt":"2025-04-29T08:13:28","slug":"la-visita-di-fratel-armin-in-africa-alle-periferie-della-missione-educativa-lasalliana","status":"publish","type":"post","link":"https:\/\/www.lasalle.org\/it\/la-visita-di-fratel-armin-in-africa-alle-periferie-della-missione-educativa-lasalliana\/","title":{"rendered":"La visita di Fratel Armin in Africa:  Alle periferie della Missione Educativa Lasalliana"},"content":{"rendered":"<div class=\"pdfprnt-buttons pdfprnt-buttons-post pdfprnt-top-right\"><a href=\"https:\/\/www.lasalle.org\/it\/wp-json\/wp\/v2\/posts\/109817?print=pdf\" class=\"pdfprnt-button pdfprnt-button-pdf\" target=\"_blank\" ><img decoding=\"async\" src=\"https:\/\/www.lasalle.org\/wp-content\/plugins\/pdf-print\/images\/pdf.png\" alt=\"image_pdf\" title=\"Scarica il pdf\" \/><span class=\"pdfprnt-button-title pdfprnt-button-pdf-title\">PDF<\/span><\/a><a href=\"https:\/\/www.lasalle.org\/it\/wp-json\/wp\/v2\/posts\/109817?print=print\" class=\"pdfprnt-button pdfprnt-button-print\" target=\"_blank\" ><img decoding=\"async\" src=\"https:\/\/www.lasalle.org\/wp-content\/plugins\/pdf-print\/images\/print.png\" alt=\"image_print\" title=\"Stampa contenuto\" \/><span class=\"pdfprnt-button-title pdfprnt-button-print-title\">PRINT<\/span><\/a><\/div><div class=\"fusion-fullwidth fullwidth-box fusion-builder-row-1 fusion-flex-container nonhundred-percent-fullwidth non-hundred-percent-height-scrolling\" style=\"--awb-border-radius-top-left:0px;--awb-border-radius-top-right:0px;--awb-border-radius-bottom-right:0px;--awb-border-radius-bottom-left:0px;--awb-flex-wrap:wrap;\" ><div class=\"fusion-builder-row fusion-row fusion-flex-align-items-flex-start fusion-flex-content-wrap\" style=\"max-width:1248px;margin-left: calc(-4% \/ 2 );margin-right: calc(-4% \/ 2 );\"><div class=\"fusion-layout-column fusion_builder_column fusion-builder-column-0 fusion_builder_column_1_1 1_1 fusion-flex-column\" style=\"--awb-bg-size:cover;--awb-width-large:100%;--awb-margin-top-large:0px;--awb-spacing-right-large:1.92%;--awb-margin-bottom-large:0px;--awb-spacing-left-large:1.92%;--awb-width-medium:100%;--awb-spacing-right-medium:1.92%;--awb-spacing-left-medium:1.92%;--awb-width-small:100%;--awb-spacing-right-small:1.92%;--awb-spacing-left-small:1.92%;\"><div class=\"fusion-column-wrapper fusion-flex-justify-content-flex-start fusion-content-layout-column\"><div class=\"fusion-text fusion-text-1\"><p>Lo scorso aprile, Fratel Armin ha intrapreso il suo secondo viaggio in Africa dopo il ritorno dal Ciad a gennaio. Questo viaggio lo ha portato in Guinea Equatoriale e in Togo, dove ha avuto l&#8217;opportunit\u00e0 di incontrare le comunit\u00e0 lasalliane e di godere di ricchi scambi e scoperte.<\/p>\n<\/div><div class=\"fusion-title title fusion-title-1 fusion-sep-none fusion-title-text fusion-title-size-two\" style=\"--awb-text-color:var(--awb-custom12);--awb-font-size:22px;\"><h2 class=\"fusion-title-heading title-heading-left\" style=\"margin:0;font-size:1em;\"><strong>Guinea Equatoriale: Momenti di preghiera e di scambio<\/strong><\/h2><\/div><div class=\"fusion-text fusion-text-2\"><p><img decoding=\"async\" class=\"alignright size-medium wp-image-109801\" src=\"https:\/\/www.lasalle.org\/wp-content\/uploads\/2025\/04\/Guinee-Equ000-225x300.jpg\" alt=\"\" width=\"225\" height=\"300\" srcset=\"https:\/\/www.lasalle.org\/wp-content\/uploads\/2025\/04\/Guinee-Equ000-200x267.jpg 200w, https:\/\/www.lasalle.org\/wp-content\/uploads\/2025\/04\/Guinee-Equ000-225x300.jpg 225w, https:\/\/www.lasalle.org\/wp-content\/uploads\/2025\/04\/Guinee-Equ000-400x533.jpg 400w, https:\/\/www.lasalle.org\/wp-content\/uploads\/2025\/04\/Guinee-Equ000-600x800.jpg 600w, https:\/\/www.lasalle.org\/wp-content\/uploads\/2025\/04\/Guinee-Equ000-768x1024.jpg 768w, https:\/\/www.lasalle.org\/wp-content\/uploads\/2025\/04\/Guinee-Equ000-800x1067.jpg 800w, https:\/\/www.lasalle.org\/wp-content\/uploads\/2025\/04\/Guinee-Equ000.jpg 900w\" sizes=\"(max-width: 225px) 100vw, 225px\" \/>La visita \u00e8 iniziata a Bata, dall&#8217;8 al 12 aprile, dove Fratel Armin e Fratel Anatole sono stati accolti calorosamente nella residenza della comunit\u00e0 La Salle de L\u00e9a. Appena arrivati, hanno partecipato a momenti di preghiera, culminati in una messa nella cattedrale. Uno dei momenti salienti del loro soggiorno \u00e8 stato l&#8217;incontro con le comunit\u00e0 educative di Bomudi e L\u00e9a. Fratel Armin ha avuto l&#8217;opportunit\u00e0 di parlare con gli studenti di diversi livelli e con gli insegnanti.<\/p>\n<p>Le discussioni hanno riguardato questioni chiave come la mancanza di vocazioni tra i Fratelli guineani, lo sviluppo delle opere lasalliane per accogliere un maggior numero di giovani e le preoccupazioni sull&#8217;accesso alle borse di studio per gli studenti svantaggiati. Ha anche incontrato molti genitori in occasione della distribuzione delle pagelle di fine anno.<\/p>\n<p>Fratel Armin ha arricchito la sua visita scoprendo l&#8217;ex Istituto \u201cLaboral\u201d La Salle, il <em>Lyc\u00e9e Charles Lwanga<\/em> e la Scuola di formazione per insegnanti, che sono simboli forti della presenza dei Fratelli delle Scuole Cristiane in questo Paese.<\/p>\n<p>Per concludere questa visita canonica in Guinea Equatoriale, le due comunit\u00e0 di Bata si sono incontrate per un momento conviviale di condivisione e fraternit\u00e0.<\/p>\n<\/div><div class=\"fusion-title title fusion-title-2 fusion-sep-none fusion-title-text fusion-title-size-two\" style=\"--awb-text-color:var(--awb-custom12);--awb-font-size:22px;\"><h2 class=\"fusion-title-heading title-heading-left\" style=\"margin:0;font-size:1em;\"><strong>Togo: Un&#8217;accoglienza calorosa e incontri indimenticabili<\/strong><\/h2><\/div><div class=\"fusion-text fusion-text-3\"><p>Il viaggio \u00e8 proseguito in Togo, dal 13 al 18 aprile, dove l&#8217;accoglienza \u00e8 stata preparata con cura. Al loro arrivo all&#8217;aeroporto internazionale di Lom\u00e9, i Fratelli Armin e Anatole sono stati accolti in una sala d&#8217;aspetto dell&#8217;aeroporto con splendidi mazzi di fiori, un&#8217;accoglienza organizzata da un ex studente dei Fratelli, ora responsabile del protocollo, nonch\u00e9 da Fr. Herman e Fr. S\u00e9verin. Un primo incontro si \u00e8 svolto con i membri di Signum Fidei, i delegati dei Giovani Lasalliani e gli ex studenti, che ha permesso di avere una conversazione arricchente. Dopo questo primo contatto, la delegazione \u00e8 partita per il lungo viaggio di 10 ore verso Dapaong.<\/p>\n<p>A Dapaong, Fratel Armin \u00e8 stato accolto calorosamente con una cerimonia ufficiale al <em>Coll\u00e8ge La Salle<\/em>, che ha incluso discorsi, danze tradizionali e interazione con gli studenti. Le visite sono proseguite al <em>Coll\u00e8ge Saint Athanase<\/em>, dove ha avuto anche l&#8217;opportunit\u00e0 di incontrare il Vescovo locale. Un momento saliente \u00e8 stata la visita alla scuola primaria cattolica di Twaga, dove le condizioni di apprendimento sono precarie, attirando l&#8217;attenzione del Superiore Generale sulle sfide affrontate da molte scuole nelle aree remote. La visita a Tami ha messo in evidenza il Centro di Formazione Rurale e la scuola di Fratel Pablo, dove un&#8217;assemblea con la popolazione locale ha mostrato espressioni di gratitudine e aspettative per il futuro. L&#8217;incontro conclusivo con i Fratelli della zona si \u00e8 svolto presso la comunit\u00e0 dei Fratelli a Dapaong, seguito da un festoso pranzo di addio.<\/p>\n<\/div><div class=\"fusion-title title fusion-title-3 fusion-sep-none fusion-title-text fusion-title-size-two\" style=\"--awb-text-color:var(--awb-custom12);--awb-font-size:22px;\"><h2 class=\"fusion-title-heading title-heading-left\" style=\"margin:0;font-size:1em;\"><strong>Messaggi di incoraggiamento e di riconoscimento<\/strong><\/h2><\/div><div class=\"fusion-text fusion-text-4\"><p>Durante questi viaggi, sia in Guinea Equatoriale che in Togo, Fratel Armin non ha mancato di esprimere la sua gratitudine ai Fratelli, agli insegnanti, agli studenti e ai genitori per la loro calorosa accoglienza e per l&#8217;eccellenza della loro organizzazione. Ha anche incoraggiato l&#8217;intera comunit\u00e0 lasalliana a perseguire la sua missione con fervore e determinazione.<\/p>\n<p>Fratel Armin \u00e8 rimasto particolarmente colpito dalla fraternit\u00e0 che regna in queste comunit\u00e0 e dall&#8217;impegno incrollabile dei Fratelli, che lavorano instancabilmente nonostante le condizioni difficili e le risorse limitate. Queste esperienze evocano un profondo senso di comunit\u00e0 e fungono da esempi ispiratori per i giovani e gli insegnanti laici che si impegnano nelle varie vocazioni lasalliane.<\/p>\n<p>Da parte loro, i Fratelli e i collaboratori hanno espresso la loro sincera gratitudine a Fratel Armin per la sua determinazione nel venire loro incontro, nel sostenerli e nell\u2019incoraggiarli nella propria missione. Ammirano il suo coraggio, sfidando condizioni a volte difficili per recarsi in zone talvolta considerate a rischio.<\/p>\n<p>Questo viaggio ha contribuito a rafforzare i legami all&#8217;interno delle comunit\u00e0 educative lasalliane, mettendo in evidenza il potere della fraternit\u00e0 e della collaborazione nella missione educativa dei Fratelli. Inoltre, i viaggi di Fratel Armin hanno evidenziato l&#8217;impatto significativo della presenza dei Fratelli nei Paesi visitati. La partecipazione attiva dei Visitatori durante tutto il tour testimonia la stretta collaborazione tra il Centro dell&#8217;Istituto e i leader locali.<\/p>\n<p>Il messaggio trasversale di Fr. Armin sottolinea che il riconoscimento del contributo collettivo di Fratelli e laici nell&#8217;educazione e nella formazione dei giovani \u00e8 un incoraggiamento a vivere oggi con audacia profetica. Egli afferma che \u00e8 del tutto possibile impegnarsi con amore e disinteresse al servizio degli altri, soprattutto dei pi\u00f9 svantaggiati.<\/p>\n<\/div><div class=\"fusion-text fusion-text-5\"><p><em>* Articolo redatto da Fr. Anatole Diretenadji, Consigliere Generale.<\/em><\/p>\n<\/div><div class=\"fusion-text fusion-text-6\"><p><img decoding=\"async\" class=\"aligncenter size-full wp-image-109807\" src=\"https:\/\/www.lasalle.org\/wp-content\/uploads\/2025\/04\/Togo-Visite-a-lecole-primaire-catholique-Twaga000.jpg\" alt=\"\" width=\"1500\" height=\"659\" srcset=\"https:\/\/www.lasalle.org\/wp-content\/uploads\/2025\/04\/Togo-Visite-a-lecole-primaire-catholique-Twaga000-200x88.jpg 200w, https:\/\/www.lasalle.org\/wp-content\/uploads\/2025\/04\/Togo-Visite-a-lecole-primaire-catholique-Twaga000-300x132.jpg 300w, https:\/\/www.lasalle.org\/wp-content\/uploads\/2025\/04\/Togo-Visite-a-lecole-primaire-catholique-Twaga000-400x176.jpg 400w, https:\/\/www.lasalle.org\/wp-content\/uploads\/2025\/04\/Togo-Visite-a-lecole-primaire-catholique-Twaga000-600x264.jpg 600w, https:\/\/www.lasalle.org\/wp-content\/uploads\/2025\/04\/Togo-Visite-a-lecole-primaire-catholique-Twaga000-768x337.jpg 768w, https:\/\/www.lasalle.org\/wp-content\/uploads\/2025\/04\/Togo-Visite-a-lecole-primaire-catholique-Twaga000-800x351.jpg 800w, https:\/\/www.lasalle.org\/wp-content\/uploads\/2025\/04\/Togo-Visite-a-lecole-primaire-catholique-Twaga000-1200x527.jpg 1200w, https:\/\/www.lasalle.org\/wp-content\/uploads\/2025\/04\/Togo-Visite-a-lecole-primaire-catholique-Twaga000.jpg 1500w\" sizes=\"(max-width: 1500px) 100vw, 1500px\" \/><\/p>\n<\/div><\/div><\/div><\/div><\/div>\n","protected":false},"excerpt":{"rendered":"","protected":false},"author":9,"featured_media":109799,"comment_status":"closed","ping_status":"closed","sticky":false,"template":"","format":"standard","meta":{"_tec_requires_first_save":true,"_monsterinsights_skip_tracking":false,"_monsterinsights_sitenote_active":false,"_monsterinsights_sitenote_note":"","_monsterinsights_sitenote_category":0,"_EventAllDay":false,"_EventTimezone":"","_EventStartDate":"","_EventEndDate":"","_EventStartDateUTC":"","_EventEndDateUTC":"","_EventShowMap":false,"_EventShowMapLink":false,"_EventURL":"","_EventCost":"","_EventCostDescription":"","_EventCurrencySymbol":"","_EventCurrencyCode":"","_EventCurrencyPosition":"","_EventDateTimeSeparator":"","_EventTimeRangeSeparator":"","_EventOrganizerID":[],"_EventVenueID":[],"_OrganizerEmail":"","_OrganizerPhone":"","_OrganizerWebsite":"","_VenueAddress":"","_VenueCity":"","_VenueCountry":"","_VenueProvince":"","_VenueState":"","_VenueZip":"","_VenuePhone":"","_VenueURL":"","_VenueStateProvince":"","_VenueLat":"","_VenueLng":"","_VenueShowMap":false,"_VenueShowMapLink":false,"_tribe_blocks_recurrence_rules":"","_tribe_blocks_recurrence_description":"","_tribe_blocks_recurrence_exclusions":"","footnotes":""},"categories":[3366,3464,3300],"tags":[],"class_list":["post-109817","post","type-post","status-publish","format-standard","has-post-thumbnail","hentry","category-notizie","category-relaf-it","category-superiore-generale"],"_links":{"self":[{"href":"https:\/\/www.lasalle.org\/it\/wp-json\/wp\/v2\/posts\/109817","targetHints":{"allow":["GET"]}}],"collection":[{"href":"https:\/\/www.lasalle.org\/it\/wp-json\/wp\/v2\/posts"}],"about":[{"href":"https:\/\/www.lasalle.org\/it\/wp-json\/wp\/v2\/types\/post"}],"author":[{"embeddable":true,"href":"https:\/\/www.lasalle.org\/it\/wp-json\/wp\/v2\/users\/9"}],"replies":[{"embeddable":true,"href":"https:\/\/www.lasalle.org\/it\/wp-json\/wp\/v2\/comments?post=109817"}],"version-history":[{"count":1,"href":"https:\/\/www.lasalle.org\/it\/wp-json\/wp\/v2\/posts\/109817\/revisions"}],"predecessor-version":[{"id":109818,"href":"https:\/\/www.lasalle.org\/it\/wp-json\/wp\/v2\/posts\/109817\/revisions\/109818"}],"wp:featuredmedia":[{"embeddable":true,"href":"https:\/\/www.lasalle.org\/it\/wp-json\/wp\/v2\/media\/109799"}],"wp:attachment":[{"href":"https:\/\/www.lasalle.org\/it\/wp-json\/wp\/v2\/media?parent=109817"}],"wp:term":[{"taxonomy":"category","embeddable":true,"href":"https:\/\/www.lasalle.org\/it\/wp-json\/wp\/v2\/categories?post=109817"},{"taxonomy":"post_tag","embeddable":true,"href":"https:\/\/www.lasalle.org\/it\/wp-json\/wp\/v2\/tags?post=109817"}],"curies":[{"name":"wp","href":"https:\/\/api.w.org\/{rel}","templated":true}]}}