{"id":111390,"date":"2025-06-03T08:00:49","date_gmt":"2025-06-03T06:00:49","guid":{"rendered":"https:\/\/www.lasalle.org\/?p=111390"},"modified":"2025-06-04T09:04:44","modified_gmt":"2025-06-04T07:04:44","slug":"nuova-pubblicazione-il-buon-pastore-archetipo-delleducatore-lasalliano","status":"publish","type":"post","link":"https:\/\/www.lasalle.org\/it\/nuova-pubblicazione-il-buon-pastore-archetipo-delleducatore-lasalliano\/","title":{"rendered":"Nuova pubblicazione: \u201cIl Buon Pastore, archetipo dell&#8217;educatore lasalliano\u201d"},"content":{"rendered":"<div class=\"pdfprnt-buttons pdfprnt-buttons-post pdfprnt-top-right\"><a href=\"https:\/\/www.lasalle.org\/it\/wp-json\/wp\/v2\/posts\/111390?print=pdf\" class=\"pdfprnt-button pdfprnt-button-pdf\" target=\"_blank\" ><img decoding=\"async\" src=\"https:\/\/www.lasalle.org\/wp-content\/plugins\/pdf-print\/images\/pdf.png\" alt=\"image_pdf\" title=\"Scarica il pdf\" \/><span class=\"pdfprnt-button-title pdfprnt-button-pdf-title\">PDF<\/span><\/a><a href=\"https:\/\/www.lasalle.org\/it\/wp-json\/wp\/v2\/posts\/111390?print=print\" class=\"pdfprnt-button pdfprnt-button-print\" target=\"_blank\" ><img decoding=\"async\" src=\"https:\/\/www.lasalle.org\/wp-content\/plugins\/pdf-print\/images\/print.png\" alt=\"image_print\" title=\"Stampa contenuto\" \/><span class=\"pdfprnt-button-title pdfprnt-button-print-title\">PRINT<\/span><\/a><\/div><div class=\"fusion-fullwidth fullwidth-box fusion-builder-row-1 fusion-flex-container nonhundred-percent-fullwidth non-hundred-percent-height-scrolling\" style=\"--awb-border-radius-top-left:0px;--awb-border-radius-top-right:0px;--awb-border-radius-bottom-right:0px;--awb-border-radius-bottom-left:0px;--awb-flex-wrap:wrap;\" ><div class=\"fusion-builder-row fusion-row fusion-flex-align-items-flex-start fusion-flex-content-wrap\" style=\"max-width:1248px;margin-left: calc(-4% \/ 2 );margin-right: calc(-4% \/ 2 );\"><div class=\"fusion-layout-column fusion_builder_column fusion-builder-column-0 fusion_builder_column_1_1 1_1 fusion-flex-column\" style=\"--awb-bg-size:cover;--awb-width-large:100%;--awb-margin-top-large:0px;--awb-spacing-right-large:1.92%;--awb-margin-bottom-large:0px;--awb-spacing-left-large:1.92%;--awb-width-medium:100%;--awb-spacing-right-medium:1.92%;--awb-spacing-left-medium:1.92%;--awb-width-small:100%;--awb-spacing-right-small:1.92%;--awb-spacing-left-small:1.92%;\"><div class=\"fusion-column-wrapper fusion-flex-justify-content-flex-start fusion-content-layout-column\"><div class=\"fusion-text fusion-text-1\"><p><strong>\u201cIl Buon Pastore, archetipo dell&#8217;educatore lasalliano. Commenti basati sulla Meditazione 33 di San Giovanni Battista de La Salle\u201d, <\/strong>\u00e8 il titolo del quinto volume della collana Saggi lasalliani dell&#8217;Istituto dei Fratelli delle Scuole Cristiane. L&#8217;autore \u00e8 Fratel Josean Villalabeitia, del Distretto Arlep (La Salle in Spagna e Portogallo).<\/p>\n<\/div><div class=\"fusion-text fusion-text-2\"><p><strong>\u201cQuesta meditazione sul Buon Pastore \u00e8 uno dei testi che ho utilizzato di pi\u00f9<\/strong>, in senso letterale o pi\u00f9 libero, quando ho dovuto affrontare qualche questione legata alla Missione Lasalliana nella scuola\u201d, commenta Fratel Josean, aggiungendo che tra le esperienze che hanno dato origine a questo lavoro \u201cci sono state preghiere comunitarie, pi\u00f9 numerose o pi\u00f9 intime, semplici dinamiche di un ritiro pomeridiano, o riflessioni per iniziare una riunione di insegnanti o per concludere una giornata di lavoro di gruppo\u201d.<\/p>\n<p>Sono passati quasi tre secoli da quando il Fondatore dei Fratelli delle Scuole Cristiane, San Giovanni Battista de La Salle, scrisse questa suggestiva meditazione, eppure, come nota Fratel Josean, \u201c<strong>continua a essere suggestiva, a suscitare reazioni, a provocare riflessioni, in chiave cristiana ed educativa<\/strong>, in quasi tutti coloro che la ascoltano, siano essi insegnanti, Fratelli o Sorelle, genitori, giovani in formazione\u201d, o anche gli stessi alunni.<\/p>\n<p>Cos\u00ec questo nuovo volume di Saggi Lasalliani non solo riprende la significativa traiettoria del suo autore che, nel suo intento di \u201c<strong>riunire in uno scritto tutti i temi che, in un modo o nell&#8217;altro, ho visto apparire intorno a questa meditazione 33<\/strong>\u201d, ma si rivolge anche a tutta la Famiglia Lasalliana nel contesto dell&#8217;Anno della Spiritualit\u00e0 e della celebrazione del 75\u00b0 anniversario della proclamazione di San Giovanni Battista de La Salle a patrono universale degli educatori, nonch\u00e9 del 125\u00b0 anniversario della sua canonizzazione.<\/p>\n<p>A questo proposito, durante la presentazione del libro, luned\u00ec 2 giugno, attraverso un evento virtuale, Esteban de Vega, Visitatore del Distretto Arlep, ha sottolineato che \u201cla lettura di questo libro ci permetter\u00e0 di conoscere meglio il pensiero del Fondatore, non solo in termini di ci\u00f2 che dobbiamo fare, basandoci sull&#8217;immagine del Buon Pastore, ma anche di riflettere su come dobbiamo essere educatori lasalliani\u201d.<\/p>\n<p>Da parte sua, Fratel Santiago Rodr\u00edguez, Direttore dell&#8217;Ufficio del Patrimonio e della Ricerca Lasalliana, riconoscendo le qualit\u00e0 dell&#8217;autore come \u201cricercatore molto attento ai dettagli, amante del non lasciare le cose incompiute e di orientare i temi verso qualcosa di concreto\u201d, ha ritenuto che questo lavoro sia \u201cil risultato di una lunga, attenta, ripetuta e insistente pratica formativa. \u00c8 una proposta ricca che apre mille strade di intertestualit\u00e0 all&#8217;interno dell&#8217;opera di Monsieur De La Salle. Un testo che include, perch\u00e9 vuole essere uno strumento, attivit\u00e0 da approfondire per il lettore\u201d.<\/p>\n<p>\u201cSpero che tutti i lettori trovino in quest&#8217;opera una luce che li guidi nell&#8217;avventura sempre pi\u00f9 complicata dell&#8217;educazione dei nostri bambini e giovani alle vie del Vangelo\u201d, conclude Fr. Josean.<\/p>\n<\/div><div class=\"fusion-text fusion-text-3\"><p>Scaricare qui sotto il libro \u201c<strong>Il Buon Pastore, archetipo dell&#8217;educatore lasalliano. Commenti basati sulla meditazione 33 di San Giovanni Battista de La Salle\u201d <\/strong><\/p>\n<\/div><ul style=\"--awb-iconcolor:var(--awb-custom17);--awb-line-height:27.2px;--awb-icon-width:27.2px;--awb-icon-height:27.2px;--awb-icon-margin:11.2px;--awb-content-margin:38.4px;--awb-circlecolor:#1a80b6;--awb-circle-yes-font-size:14.08px;\" class=\"fusion-checklist fusion-checklist-1 fusion-checklist-default type-icons\"><li class=\"fusion-li-item\" style=\"\"><span class=\"icon-wrapper circle-yes\"><i class=\"fusion-li-icon fa-file-pdf far\" aria-hidden=\"true\"><\/i><\/span><div class=\"fusion-li-item-content\">\n<p><strong><a href=\"https:\/\/www.lasalle.org\/wp-content\/uploads\/2025\/06\/16-aprile_ESP_Saggi-Lasalliani-n.5.pdf\">ENSAYOS LASALIANOS 5\u00a0<\/a><\/strong><br \/>\n<strong>El buen pastor, arquetipo del educador lasaliano.<br \/>\nComentarios a partir de la meditaci\u00f3n 33 de san Juan Bautista de La Salle<br \/>\n<\/strong>VILLALABEITIA, Josean, FSC.<br \/>\nRoma, 176p. \u2013 2025.<\/p>\n<\/div><\/li><li class=\"fusion-li-item\" style=\"\"><span class=\"icon-wrapper circle-yes\"><i class=\"fusion-li-icon fa-file-pdf far\" aria-hidden=\"true\"><\/i><\/span><div class=\"fusion-li-item-content\">\n<p><strong><a href=\"https:\/\/www.lasalle.org\/wp-content\/uploads\/2025\/06\/ENG_Saggi-Lasalliani-n.5.pdf\" target=\"_blank\" rel=\"noopener\">LASALLIAN ESSAIS 5<\/a><\/strong><br \/>\n<strong>The Good Shepherd, an archetype of the Lasallian educator<\/strong><br \/>\n<strong>Commentary on Meditation 33 by St. John Baptist de La Salle<br \/>\n<\/strong>VILLALABEITIA, Josean, FSC.<br \/>\nRome, 176p. \u2013 2025.<\/p>\n<\/div><\/li><li class=\"fusion-li-item\" style=\"\"><span class=\"icon-wrapper circle-yes\"><i class=\"fusion-li-icon fa-file-pdf far\" aria-hidden=\"true\"><\/i><\/span><div class=\"fusion-li-item-content\">\n<p><strong><a href=\"https:\/\/www.lasalle.org\/wp-content\/uploads\/2025\/06\/FR_Saggi-Lasalliani-n.5.pdf\" target=\"_blank\" rel=\"noopener\">ESSAIS LASALLIENS 5\u00a0<\/a><\/strong><br \/>\n<strong>Le Bon Pasteur, arch\u00e9type de l\u2019\u00e9ducateur lasallien<\/strong><br \/>\n<strong>Commentaire \u00e0 partir de la M\u00e9ditation 33 de Saint Jean-Baptiste de La Salle<\/strong><br \/>\nVILLALABEITIA, Josean, FSC<br \/>\nRoma, 176p. \u2013 2025.<\/p>\n<\/div><\/li><\/ul><div class=\"fusion-separator fusion-full-width-sep\" style=\"align-self: center;margin-left: auto;margin-right: auto;margin-top:15px;margin-bottom:15px;width:100%;\"><\/div><div class=\"fusion-title title fusion-title-1 fusion-sep-none fusion-title-text fusion-title-size-two\" style=\"--awb-text-color:var(--awb-custom17);--awb-font-size:22px;\"><h2 class=\"fusion-title-heading title-heading-left\" style=\"margin:0;font-size:1em;\">Guarda la presentazione del libro qui.<\/h2><\/div><div class=\"fusion-text fusion-text-4\"><div class=\"video-shortcode\"><iframe title=\"&quot;El buen pastor, arquetipo del educador lasaliano\u201d, un libro del Hno. Josean Villalabeitia\" width=\"1200\" height=\"675\" src=\"https:\/\/www.youtube.com\/embed\/EubN5yzVS0o?feature=oembed\" frameborder=\"0\" allow=\"accelerometer; autoplay; clipboard-write; encrypted-media; gyroscope; picture-in-picture; web-share\" referrerpolicy=\"strict-origin-when-cross-origin\" allowfullscreen><\/iframe><\/div>\n<\/div><\/div><\/div><\/div><\/div>\n","protected":false},"excerpt":{"rendered":"","protected":false},"author":9,"featured_media":111373,"comment_status":"closed","ping_status":"closed","sticky":false,"template":"","format":"standard","meta":{"_tec_requires_first_save":true,"_monsterinsights_skip_tracking":false,"_monsterinsights_sitenote_active":false,"_monsterinsights_sitenote_note":"","_monsterinsights_sitenote_category":0,"_EventAllDay":false,"_EventTimezone":"","_EventStartDate":"","_EventEndDate":"","_EventStartDateUTC":"","_EventEndDateUTC":"","_EventShowMap":false,"_EventShowMapLink":false,"_EventURL":"","_EventCost":"","_EventCostDescription":"","_EventCurrencySymbol":"","_EventCurrencyCode":"","_EventCurrencyPosition":"","_EventDateTimeSeparator":"","_EventTimeRangeSeparator":"","_EventOrganizerID":[],"_EventVenueID":[],"_OrganizerEmail":"","_OrganizerPhone":"","_OrganizerWebsite":"","_VenueAddress":"","_VenueCity":"","_VenueCountry":"","_VenueProvince":"","_VenueState":"","_VenueZip":"","_VenuePhone":"","_VenueURL":"","_VenueStateProvince":"","_VenueLat":"","_VenueLng":"","_VenueShowMap":false,"_VenueShowMapLink":false,"_tribe_blocks_recurrence_rules":"","_tribe_blocks_recurrence_description":"","_tribe_blocks_recurrence_exclusions":"","footnotes":""},"categories":[3558,3366],"tags":[],"class_list":["post-111390","post","type-post","status-publish","format-standard","has-post-thumbnail","hentry","category-casa-generalizia-it","category-notizie"],"_links":{"self":[{"href":"https:\/\/www.lasalle.org\/it\/wp-json\/wp\/v2\/posts\/111390","targetHints":{"allow":["GET"]}}],"collection":[{"href":"https:\/\/www.lasalle.org\/it\/wp-json\/wp\/v2\/posts"}],"about":[{"href":"https:\/\/www.lasalle.org\/it\/wp-json\/wp\/v2\/types\/post"}],"author":[{"embeddable":true,"href":"https:\/\/www.lasalle.org\/it\/wp-json\/wp\/v2\/users\/9"}],"replies":[{"embeddable":true,"href":"https:\/\/www.lasalle.org\/it\/wp-json\/wp\/v2\/comments?post=111390"}],"version-history":[{"count":5,"href":"https:\/\/www.lasalle.org\/it\/wp-json\/wp\/v2\/posts\/111390\/revisions"}],"predecessor-version":[{"id":111546,"href":"https:\/\/www.lasalle.org\/it\/wp-json\/wp\/v2\/posts\/111390\/revisions\/111546"}],"wp:featuredmedia":[{"embeddable":true,"href":"https:\/\/www.lasalle.org\/it\/wp-json\/wp\/v2\/media\/111373"}],"wp:attachment":[{"href":"https:\/\/www.lasalle.org\/it\/wp-json\/wp\/v2\/media?parent=111390"}],"wp:term":[{"taxonomy":"category","embeddable":true,"href":"https:\/\/www.lasalle.org\/it\/wp-json\/wp\/v2\/categories?post=111390"},{"taxonomy":"post_tag","embeddable":true,"href":"https:\/\/www.lasalle.org\/it\/wp-json\/wp\/v2\/tags?post=111390"}],"curies":[{"name":"wp","href":"https:\/\/api.w.org\/{rel}","templated":true}]}}