{"id":113048,"date":"2025-06-22T15:07:44","date_gmt":"2025-06-22T13:07:44","guid":{"rendered":"https:\/\/www.lasalle.org\/?p=113048"},"modified":"2025-07-01T10:28:42","modified_gmt":"2025-07-01T08:28:42","slug":"in-memoriam-fr-rodolfo-meoli-1938-2025","status":"publish","type":"post","link":"https:\/\/www.lasalle.org\/it\/in-memoriam-fr-rodolfo-meoli-1938-2025\/","title":{"rendered":"In memoriam: Fr. Rodolfo Meoli (1938 \u2013 2025)"},"content":{"rendered":"<div class=\"pdfprnt-buttons pdfprnt-buttons-post pdfprnt-top-right\"><a href=\"https:\/\/www.lasalle.org\/it\/wp-json\/wp\/v2\/posts\/113048?print=pdf\" class=\"pdfprnt-button pdfprnt-button-pdf\" target=\"_blank\" ><img decoding=\"async\" src=\"https:\/\/www.lasalle.org\/wp-content\/plugins\/pdf-print\/images\/pdf.png\" alt=\"image_pdf\" title=\"Scarica il pdf\" \/><span class=\"pdfprnt-button-title pdfprnt-button-pdf-title\">PDF<\/span><\/a><a href=\"https:\/\/www.lasalle.org\/it\/wp-json\/wp\/v2\/posts\/113048?print=print\" class=\"pdfprnt-button pdfprnt-button-print\" target=\"_blank\" ><img decoding=\"async\" src=\"https:\/\/www.lasalle.org\/wp-content\/plugins\/pdf-print\/images\/print.png\" alt=\"image_print\" title=\"Stampa contenuto\" \/><span class=\"pdfprnt-button-title pdfprnt-button-print-title\">PRINT<\/span><\/a><\/div><div class=\"fusion-fullwidth fullwidth-box fusion-builder-row-1 fusion-flex-container nonhundred-percent-fullwidth non-hundred-percent-height-scrolling\" style=\"--awb-border-radius-top-left:0px;--awb-border-radius-top-right:0px;--awb-border-radius-bottom-right:0px;--awb-border-radius-bottom-left:0px;--awb-flex-wrap:wrap;\" ><div class=\"fusion-builder-row fusion-row fusion-flex-align-items-flex-start fusion-flex-content-wrap\" style=\"max-width:1248px;margin-left: calc(-4% \/ 2 );margin-right: calc(-4% \/ 2 );\"><div class=\"fusion-layout-column fusion_builder_column fusion-builder-column-0 fusion_builder_column_1_1 1_1 fusion-flex-column\" style=\"--awb-bg-size:cover;--awb-width-large:100%;--awb-margin-top-large:0px;--awb-spacing-right-large:1.92%;--awb-margin-bottom-large:0px;--awb-spacing-left-large:1.92%;--awb-width-medium:100%;--awb-spacing-right-medium:1.92%;--awb-spacing-left-medium:1.92%;--awb-width-small:100%;--awb-spacing-right-small:1.92%;--awb-spacing-left-small:1.92%;\"><div class=\"fusion-column-wrapper fusion-flex-justify-content-flex-start fusion-content-layout-column\"><div class=\"fusion-text fusion-text-1\"><p>Alle 10,30 di venerd\u00ec 20 giugno, all\u2019et\u00e0 di 87 anni si \u00e8 spento all\u2019ospedale Agostino Gemelli, Fr. Rodolfo (Cosimo) Meoli.\u00a0\u00a0Era qui ricoverato per un\u2019infezione che lo ha lentamente debilitato e condotto alla morte.\u00a0Aveva compiuto 87 anni lo scorso 16 aprile.<\/p>\n<p>\u201cCi lascia cos\u00ec un altro Fratello, dal profondo senso religioso e animato da un grande amore per la sua vocazione della quale apprezzava e faceva apprezzare l\u2019importanza\u201d, ha dichiarato Fratel Gabriele Di Giovanni, Visitatore del Distretto d\u2019Italia, evocando alcune delle qualit\u00e0 per cui Fratel Rodolfo era conosciuto lungo tutta la sua vita: \u201cEra un signore nei modi e nel rapporto con le persone: sempre controllato, educato, serio, equilibrato nei giudizi. Riservato, ma non scostante, attento senza essere invadente\u201d.<\/p>\n<\/div><div class=\"fusion-title title fusion-title-1 fusion-sep-none fusion-title-text fusion-title-size-two\" style=\"--awb-text-color:var(--awb-custom17);--awb-font-size:22px;\"><h2 class=\"fusion-title-heading title-heading-left\" style=\"margin:0;font-size:1em;\"><strong>Origini e formazione<\/strong><\/h2><\/div><div class=\"fusion-text fusion-text-2\"><p>Figlio di Antonio Meoli e Nicoletta Capasso, Fratel Rodolfo\u00a0\u00e8 nato\u00a0a Cacciano di Cautano (Italia) il Sabato Santo, 16 aprile 1938, lo stesso giorno in cui vengono firmati gli accordi tra Italia e Inghilterra su questioni coloniali. La sua citt\u00e0 natale, situata sulle pendici del Taburno, nel sud Italia, \u00e8 un importante centro agricolo, rinomato per il vitigno \u201caglianico\u201d.<\/p>\n<p>Tre giorni dopo la nascita fu battezzato nella chiesa di Sant\u2019Andrea, dove ricevette anche la Prima Comunione.<\/p>\n<p>Dopo la guerra, nel 1949, entr\u00f2 nell\u2019Aspirantato di Albano, iniziando cos\u00ec il cammino formativo che lo avrebbe portato a diventare Fratello delle Scuole Cristiane. Dopo il Postulantato a Torre del Greco (Napoli), entr\u00f2 nel Noviziato nel 1953. Emise i primi voti un anno dopo, nel 1954, e frequent\u00f2 lo Studentato presso il Colle La Salle (1954\u20131955), completando anche la formazione per l\u2019insegnamento (1956). All\u2019et\u00e0 di 25 anni pronunci\u00f2 i voti perpetui a Santa Croce al Flaminio (Roma), il 10 agosto 1963.<\/p>\n<\/div><div class=\"fusion-title title fusion-title-2 fusion-sep-none fusion-title-text fusion-title-size-two\" style=\"--awb-text-color:var(--awb-custom17);--awb-font-size:22px;\"><h2 class=\"fusion-title-heading title-heading-left\" style=\"margin:0;font-size:1em;\"><strong>Passione per l\u2019educazione e la musica<\/strong><\/h2><\/div><div class=\"fusion-text fusion-text-3\"><p>In quegli anni, oltre ai classici ritiri di 20 e 30 giorni che i Fratelli svolgevano \u2014 per lui rispettivamente nel 1957 e nel 1962 \u2014 il Fratel Rodolfo coltiv\u00f2 la sua passione per il canto gregoriano, diplomandosi nel 1960. \u201cEra un eccellente organista e si prestava volentieri ad accompagnare il canto comunitario, e per qualche anno ha anche insegnato musica\u201d, racconta Fratel Gabriele.<\/p>\n<p>Fin da giovane, tra il 1957 e il 1960, esercit\u00f2 come docente, lavorando anche alla formazione dei giovani aspiranti alla vita religiosa dei Fratelli. Dal 1960 al 1969 prest\u00f2 servizio presso il Collegio per gli Orfani di Pubblica Sicurezza a Fermo (Marche) gestito dai Fratelli, dapprima come insegnante e poi, dal 1965, come vicedirettore.<\/p>\n<p>Successivamente, tra il 1969 e il 1971 visse ad Acireale. In quel periodo insegn\u00f2 anche musica e consegu\u00ec la laurea in Lingue e Letterature Straniere con una tesi su\u00a0<em>\u201cMichel de Saint Pierre t\u00e9moin de son temps\u201d<\/em>, autore cattolico francese molto celebre all\u2019epoca.<\/p>\n<p>All\u2019et\u00e0 di 33 anni diventa Direttore del San Luigi di Acireale. Era il 1971. Poi, dal 1975 al 1981, fu responsabile della scuola media del Collegio San Giuseppe di Roma. Pi\u00f9 tardi, dopo un periodo di studio e rinnovamento al CIL (Centro Internazionale Lasalliano), nel 1983 fu nominato Direttore dell\u2019Istituto Bartolo Longo di Pompei, dove rimase otto anni, prima di trasferirsi a Napoli e poi al Colle La Salle.<\/p>\n<p>Gli anni di servizio e di guida in varie istituzioni lasalliane in Italia non gli impedirono di insegnare sia religione che lingue, inglese e francese.<\/p>\n<\/div><div class=\"fusion-title title fusion-title-3 fusion-sep-none fusion-title-text fusion-title-size-two\" style=\"--awb-text-color:var(--awb-custom17);--awb-font-size:22px;\"><h2 class=\"fusion-title-heading title-heading-left\" style=\"margin:0;font-size:1em;\"><strong>Postulatore e Procuratore Generale dell\u2019Istituto<\/strong><\/h2><\/div><div class=\"fusion-text fusion-text-4\"><p>A partire dal 1994 Fratel Rodolfo raggiunse la Casa Generalizia di Roma con\u00a0il prestigioso\u00a0incarico di Postulatore Generale dell\u2019Istituto, guidando i processi canonici relativi alle cause che portano la Chiesa cattolica a dichiarare venerabili, beati o santi i Fratelli morti \u201cin concetto di santit\u00e0\u201d, molti dei quali martiri.<\/p>\n<p>Dal 1999 al 2006 ricopr\u00ec anche il ruolo di Procuratore Generale, in quanto responsabile delle relazioni tra l\u2019Istituto e la Santa Sede.<\/p>\n<p>Sotto la sua guida, e grazie alla sua generosa dedizione come Postulatore\u00a0\u2013\u00a0incarico che mantenne per 28 anni, fino all\u2019ultimo Capitolo Generale, il 46\u00b0\u00a0\u2013\u00a0l\u2019Istituto dei Fratelli delle Scuole Cristiane ha visto aumentare notevolmente il numero di santi, beati, venerabili e servi di Dio.<\/p>\n<\/div><div class=\"fusion-title title fusion-title-4 fusion-sep-none fusion-title-text fusion-title-size-two\" style=\"--awb-text-color:var(--awb-custom17);--awb-font-size:22px;\"><h2 class=\"fusion-title-heading title-heading-left\" style=\"margin:0;font-size:1em;\"><strong>Fratel Rodolfo e la santit\u00e0 lasalliana<\/strong><\/h2><\/div><div class=\"fusion-text fusion-text-5\"><p>Grazie alla sua opera carismatica, il 28 ottobre 2007 furono beatificati numerosi Fratelli martirizzati a Barcellona, Cartagena, Gri\u00f1\u00f3n, Madrid-Sagrado Coraz\u00f3n, Tarragona, Toledo e Valencia durante la Guerra Civile spagnola.<\/p>\n<p>Allo stesso modo, il 21 novembre 1999 furono canonizzati otto Fratelli martiri di Tur\u00f3n: Cirilo Bertr\u00e1n, Marciano Jos\u00e9, Juli\u00e1n Alfredo, Victoriano P\u00edo, Benjam\u00edn Juli\u00e1n, Augusto Andr\u00e9s, Benito de Jes\u00fas e Anicet Adolfo.<\/p>\n<p>Oltre a seguire da vicino la\u00a0positio\u00a0di numerosi Fratelli spagnoli, il lavoro di Fratel Rodolfo fu determinante per la beatificazione di Fratel Raphael Louis Rafiringa, il 7 giugno 2019, di Fratel James Miller,\u00a0il 7 dicembre\u00a0dello stesso anno, e la canonizzazione del beato Fatel Salom\u00f3n Leclercq, avvenuta il 16 ottobre 2016.<\/p>\n<p>Durante il suo mandato come Postulatore Generale dell\u2019Istituto furono anche beatificati tre Fratelli martiri della Rivoluzione francese (\u201ci martiri delle Chiatte di Rochefort\u201d): Rogelio, Uldarico e Le\u00f3n; furono inoltre dichiarati venerabili i Fratelli Gregorio B\u00fchl, Alpert Motsch, Andr\u00e9s Hibernon, Adolphe Chatill\u00f3n, Victorino Nymphas, Adolfo Lanzuela e Juan Fromental Cayroche (Fratel Juanito) fondatore delle Suore Guadalupane de La Salle.<\/p>\n<\/div><div class=\"fusion-title title fusion-title-5 fusion-sep-none fusion-title-text fusion-title-size-two\" style=\"--awb-text-color:var(--awb-custom17);--awb-font-size:22px;\"><h2 class=\"fusion-title-heading title-heading-left\" style=\"margin:0;font-size:1em;\"><strong>Riconoscimenti internazionali<\/strong><\/h2><\/div><div class=\"fusion-text fusion-text-6\"><p>\u201cFratel Rodolfo vedeva nei santi lasalliani la forma pi\u00f9 alta di valorizzazione del mondo lasalliano\u201d, afferma Fratel Gabriele.<\/p>\n<p>La sua lunga esperienza e competenza nei processi interni della Chiesa cattolica per l\u2019inserimento di una persona nel libro dei santi lo portarono a presiedere il Collegio dei Postulatori della Congregazione per le Cause dei Santi tra il 2013 e il 2016, e a viaggiare in molti paesi per offrire consulenze, conferenze e testimonianze sul carisma e la santit\u00e0 lasalliane.<\/p>\n<p>Tra i numerosi riconoscimenti ricevuti nel corso della sua vita, si distinguono il Dottorato\u00a0<em>honoris causa<\/em>\u00a0in scienze umane conferitogli dall\u2019Universit\u00e0 di Betlemme il 13 giugno 2014, e il premio\u00a0<em>\u201cCaritatis in Veritate\u201d<\/em>, categoria internazionale, assegnato dall\u2019Accademia Venezuelana Internazionale di Agiografia per l\u2019Italia, il 10 marzo 2017.<\/p>\n<\/div><div class=\"fusion-title title fusion-title-6 fusion-sep-none fusion-title-text fusion-title-size-two\" style=\"--awb-text-color:var(--awb-custom17);--awb-font-size:22px;\"><h2 class=\"fusion-title-heading title-heading-left\" style=\"margin:0;font-size:1em;\"><strong>Un\u2019eredit\u00e0 che perdura<\/strong><\/h2><\/div><div class=\"fusion-text fusion-text-7\"><p>L\u2019ampia eredit\u00e0 lasciata dal Fratel Rodolfo comprende numerose pubblicazioni, alcune riguardanti la storia dell\u2019antico Distretto di Roma, altre dedicate alla figura di Fratel Gabriel Drolin, oltre a diverse traduzioni in italiano, tra cui spicca il terzo volume delle Opere Complete di san Giovanni Battista de La Salle.<\/p>\n<p>Ma \u00e8 nelle molte biografie che ha scritto su venerabili, beati e santi lasalliani \u2013 frutto di rigorose ricerche e revisioni documentarie \u2013\u00a0che appare evidente\u00a0come questi santi abbiano \u201cfatto propria la Regola dei Fratelli delle Scuole Cristiane, traendone il massimo beneficio, poich\u00e9 \u2018fare tutto nello spirito di fede\u2019 significa cercare la perfezione della vita cristiana e, quindi, la santit\u00e0, completata da quel \u2018zelo ardente\u2019 che mira unicamente a servire Dio nel prossimo, ovvero nei giovani ai quali hanno dedicato la loro vita\u201d.<\/p>\n<p>L\u2019Istituto dei Fratelli delle Scuole Cristiane ringrazia Dio per la feconda vocazione di Fratel Rodolfo Meoli. Che san Giovanni Battista de La Salle e tutti i santi e beati lasalliani \u2013 per la cui glorificazione ha offerto con generosit\u00e0 la propria vita \u2013 lo accompagnino nell\u2019abbraccio del Padre per ricevere la meritata ricompensa dei giusti che hanno perseverato nella loro consacrazione al servizio del Vangelo.<\/p>\n<p>I funerali di Fratel Rodolfo si terranno\u00a0luned\u00ec 23 giugno alle ore 10:30\u00a0presso il Santuario di san Giovanni Battista de La Salle, nella Casa Generalizia a Roma, dove si trova anche la \u201cCappella dei Martiri\u201d, da lui stesso ideata e realizzata. Dopo la celebrazione, il suo corpo sar\u00e0 sepolto nel cimitero\u00a0monumentale\u00a0del\u00a0<em>Verano<\/em>,\u00a0nella Cappella riservata\u00a0alla Casa Generalizia.<\/p>\n<\/div><\/div><\/div><\/div><\/div>\n","protected":false},"excerpt":{"rendered":"","protected":false},"author":12,"featured_media":113049,"comment_status":"closed","ping_status":"closed","sticky":false,"template":"","format":"standard","meta":{"_tec_requires_first_save":true,"_monsterinsights_skip_tracking":false,"_monsterinsights_sitenote_active":false,"_monsterinsights_sitenote_note":"","_monsterinsights_sitenote_category":0,"_EventAllDay":false,"_EventTimezone":"","_EventStartDate":"","_EventEndDate":"","_EventStartDateUTC":"","_EventEndDateUTC":"","_EventShowMap":false,"_EventShowMapLink":false,"_EventURL":"","_EventCost":"","_EventCostDescription":"","_EventCurrencySymbol":"","_EventCurrencyCode":"","_EventCurrencyPosition":"","_EventDateTimeSeparator":"","_EventTimeRangeSeparator":"","_EventOrganizerID":[],"_EventVenueID":[],"_OrganizerEmail":"","_OrganizerPhone":"","_OrganizerWebsite":"","_VenueAddress":"","_VenueCity":"","_VenueCountry":"","_VenueProvince":"","_VenueState":"","_VenueZip":"","_VenuePhone":"","_VenueURL":"","_VenueStateProvince":"","_VenueLat":"","_VenueLng":"","_VenueShowMap":false,"_VenueShowMapLink":false,"_tribe_blocks_recurrence_rules":"","_tribe_blocks_recurrence_description":"","_tribe_blocks_recurrence_exclusions":"","footnotes":""},"categories":[3558,3366],"tags":[],"class_list":["post-113048","post","type-post","status-publish","format-standard","has-post-thumbnail","hentry","category-casa-generalizia-it","category-notizie"],"_links":{"self":[{"href":"https:\/\/www.lasalle.org\/it\/wp-json\/wp\/v2\/posts\/113048","targetHints":{"allow":["GET"]}}],"collection":[{"href":"https:\/\/www.lasalle.org\/it\/wp-json\/wp\/v2\/posts"}],"about":[{"href":"https:\/\/www.lasalle.org\/it\/wp-json\/wp\/v2\/types\/post"}],"author":[{"embeddable":true,"href":"https:\/\/www.lasalle.org\/it\/wp-json\/wp\/v2\/users\/12"}],"replies":[{"embeddable":true,"href":"https:\/\/www.lasalle.org\/it\/wp-json\/wp\/v2\/comments?post=113048"}],"version-history":[{"count":5,"href":"https:\/\/www.lasalle.org\/it\/wp-json\/wp\/v2\/posts\/113048\/revisions"}],"predecessor-version":[{"id":113145,"href":"https:\/\/www.lasalle.org\/it\/wp-json\/wp\/v2\/posts\/113048\/revisions\/113145"}],"wp:featuredmedia":[{"embeddable":true,"href":"https:\/\/www.lasalle.org\/it\/wp-json\/wp\/v2\/media\/113049"}],"wp:attachment":[{"href":"https:\/\/www.lasalle.org\/it\/wp-json\/wp\/v2\/media?parent=113048"}],"wp:term":[{"taxonomy":"category","embeddable":true,"href":"https:\/\/www.lasalle.org\/it\/wp-json\/wp\/v2\/categories?post=113048"},{"taxonomy":"post_tag","embeddable":true,"href":"https:\/\/www.lasalle.org\/it\/wp-json\/wp\/v2\/tags?post=113048"}],"curies":[{"name":"wp","href":"https:\/\/api.w.org\/{rel}","templated":true}]}}