{"id":113073,"date":"2025-06-25T20:52:43","date_gmt":"2025-06-25T18:52:43","guid":{"rendered":"https:\/\/www.lasalle.org\/?p=113073"},"modified":"2025-07-01T10:44:53","modified_gmt":"2025-07-01T08:44:53","slug":"armin-luistro-e-un-grande-onore-servire-la-chiesa-sotto-il-pontificato-di-papa-leone-xiv","status":"publish","type":"post","link":"https:\/\/www.lasalle.org\/it\/armin-luistro-e-un-grande-onore-servire-la-chiesa-sotto-il-pontificato-di-papa-leone-xiv\/","title":{"rendered":"Fr. Armin Luistro: \u201c\u00c8 un grande onore servire la Chiesa sotto il pontificato di Papa Leone XIV\u201d"},"content":{"rendered":"<div class=\"pdfprnt-buttons pdfprnt-buttons-post pdfprnt-top-right\"><a href=\"https:\/\/www.lasalle.org\/it\/wp-json\/wp\/v2\/posts\/113073?print=pdf\" class=\"pdfprnt-button pdfprnt-button-pdf\" target=\"_blank\" ><img decoding=\"async\" src=\"https:\/\/www.lasalle.org\/wp-content\/plugins\/pdf-print\/images\/pdf.png\" alt=\"image_pdf\" title=\"Scarica il pdf\" \/><span class=\"pdfprnt-button-title pdfprnt-button-pdf-title\">PDF<\/span><\/a><a href=\"https:\/\/www.lasalle.org\/it\/wp-json\/wp\/v2\/posts\/113073?print=print\" class=\"pdfprnt-button pdfprnt-button-print\" target=\"_blank\" ><img decoding=\"async\" src=\"https:\/\/www.lasalle.org\/wp-content\/plugins\/pdf-print\/images\/print.png\" alt=\"image_print\" title=\"Stampa contenuto\" \/><span class=\"pdfprnt-button-title pdfprnt-button-print-title\">PRINT<\/span><\/a><\/div><div class=\"fusion-fullwidth fullwidth-box fusion-builder-row-1 fusion-flex-container nonhundred-percent-fullwidth non-hundred-percent-height-scrolling\" style=\"--awb-border-radius-top-left:0px;--awb-border-radius-top-right:0px;--awb-border-radius-bottom-right:0px;--awb-border-radius-bottom-left:0px;--awb-flex-wrap:wrap;\" ><div class=\"fusion-builder-row fusion-row fusion-flex-align-items-flex-start fusion-flex-content-wrap\" style=\"max-width:1248px;margin-left: calc(-4% \/ 2 );margin-right: calc(-4% \/ 2 );\"><div class=\"fusion-layout-column fusion_builder_column fusion-builder-column-0 fusion_builder_column_1_1 1_1 fusion-flex-column\" style=\"--awb-bg-size:cover;--awb-width-large:100%;--awb-margin-top-large:0px;--awb-spacing-right-large:1.92%;--awb-margin-bottom-large:0px;--awb-spacing-left-large:1.92%;--awb-width-medium:100%;--awb-spacing-right-medium:1.92%;--awb-spacing-left-medium:1.92%;--awb-width-small:100%;--awb-spacing-right-small:1.92%;--awb-spacing-left-small:1.92%;\"><div class=\"fusion-column-wrapper fusion-flex-justify-content-flex-start fusion-content-layout-column\"><div class=\"fusion-text fusion-text-1\"><p>Il 24 giugno 2025, nel giorno in cui si celebravano i 345 anni dalla fondazione dell\u2019Istituto dei Fratelli delle Scuole Cristiane, Papa Leone XIV ha nominato il Fratello Armin A. Luistro, Superiore Generale, membro del Dicastero per gli Istituti di Vita Consacrata e le Societ\u00e0 di Vita Apostolica. Si tratta dell\u2019organismo della Santa Sede che ha la missione di \u201cpromuovere, animare e regolare la pratica dei consigli evangelici, nel modo in cui si vive nelle forme riconosciute di vita consacrata, e anche in relazione con la vita e l\u2019azione delle societ\u00e0 di vita apostolica in tutta la Chiesa\u201d (<em>Praedicate Evangelium<\/em>\u00a0121).<\/p>\n<p>\u201c\u00c8 un grande onore per me servire la Chiesa sotto il pontificato di Papa Leone XIV come membro di un Dicastero della Curia di Roma\u201d, sono state le prime parole di Fratel Armin nell\u2019esprimere la sua gratitudine al Santo Padre per la nomina, e nel sottolineare che \u201cporto con me le gioie e le speranze, ma anche le sofferenze e le ansie di tutte le donne e gli uomini che hanno consacrato tutta la loro vita al servizio del Signore\u201d.<\/p>\n<\/div><div class=\"fusion-title title fusion-title-1 fusion-sep-none fusion-title-text fusion-title-size-two\" style=\"--awb-text-color:var(--awb-custom17);--awb-font-size:22px;\"><h2 class=\"fusion-title-heading title-heading-left\" style=\"margin:0;font-size:1em;\">Essere discepoli oggi<\/h2><\/div><div class=\"fusion-text fusion-text-2\"><p>Di fronte alla nuova missione che la Chiesa gli affida, il Superiore Generale dei Fratelli delle Scuole Cristiane sottolinea l\u2019importanza di \u201ccontemplare pi\u00f9 da vicino i meravigliosi frutti dell\u2019ispirazione dello Spirito Santo, che muove i cuori dei fedeli ad ascoltare la chiamata di Dio a essere discepoli oggi\u201d.<\/p>\n<p>Inoltre, Fratel Armin ha manifestato il suo desiderio di \u201ccondividere con piacere con gli altri membri del Dicastero la mia esperienza vissuta come Religioso Fratello dell\u2019Asia, coinvolto nel ministero dell\u2019educazione\u201d, con la quale \u2013 prosegue \u2013 \u201cspero di imparare insieme ad altre comunit\u00e0 religiose i nuovi ed entusiasmanti cammini per vivere il nostro carisma in modo sinodale\u201d.<\/p>\n<\/div><div class=\"fusion-title title fusion-title-2 fusion-sep-none fusion-title-text fusion-title-size-two\" style=\"--awb-text-color:var(--awb-custom17);--awb-font-size:22px;\"><h2 class=\"fusion-title-heading title-heading-left\" style=\"margin:0;font-size:1em;\"><strong>19 nomine dai cinque continenti<\/strong><\/h2><\/div><div class=\"fusion-text fusion-text-3\"><p>Tra le 19 persone provenienti dai cinque continenti che Papa Leone XIV ha nominato membri del Dicastero per gli Istituti di Vita Consacrata e le Societ\u00e0 di Vita Apostolica, il Fratello Armin \u00e8 l\u2019unico Religioso Fratello.<\/p>\n<p>Sono stati nominati anche cinque cardinali e cinque vescovi: il Card. Arthur Roche, prefetto del Dicastero per il Culto Divino e la Disciplina dei Sacramenti; il Card. Crist\u00f3bal L\u00f3pez Romero, SDB, arcivescovo di Rabat (Marocco); il Card. Giorgio Marengo, IMC, prefetto apostolico di Ulaanbaatar (Mongolia); il Card. Pierbattista Pizzaballa, OFM, patriarca di Gerusalemme dei Latini (Israele); il Card. Jaime Spengler, OFM, arcivescovo di Porto Alegre (Brasile), che \u00e8 anche il Presidente del Consiglio Episcopale Latinoamericano; Mons. Jude Thaddaeus Ruwa\u2019ichi, OFM Cap., arcivescovo di Dar-es-Salaam (Tanzania); Mons. Jerzy Maculewicz, OFM Conv., amministratore apostolico dell\u2019Uzbekistan; Mons. Julio C\u00e9sar Salcedo Aquino, MJ, vescovo di Tlaxcala (Messico); Mons. Thulani Victor Mbuyisa, CMM, vescovo di Kokstad (Sudafrica); e Mons. Tesfaye Tadesse Gebresilasie, MCCJ, vescovo ausiliare dell\u2019arcidiocesi di Addis Abeba (Etiopia).<\/p>\n<p>Inoltre, Papa Leone XIV ha nominato altri tre Superiori Generali e quattro Superiore Generali. Si tratta dei presbiteri Stanley Lubungo, Superiore Generale dei Missionari d\u2019Africa (Padri Bianchi); Miguel M\u00e1rquez Calle, Preposito Generale dei Carmelitani Scalzi; e Donato Ogliari, OSB, Abate del Monastero di San Paolo Fuori le Mura a Roma (Italia); e delle religiose Chiara Cazzuola, Superiora Generale delle Figlie di Maria Ausiliatrice, Salesiane di Don Bosco; Fran\u00e7oise Petit, Superiora Generale delle Figlie della Carit\u00e0 di San Vincenzo de\u2019 Paoli; Mar\u00eda Goretti Lee, Superiora Generale delle Suore Ospedaliere di San Paolo; e Idilia Maria Moreira Gon\u00e7alves Carneiro, Superiora Generale delle Suore Ospedaliere del Sacro Cuore di Ges\u00f9.<\/p>\n<p>L\u2019elenco \u00e8 completato dalla signorina Luisa Muston, Presidente Generale dell\u2019Istituto Secolare Missionarie degli Infermi \u201cCristo Speranza\u201d.<\/p>\n<\/div><div class=\"fusion-title title fusion-title-3 fusion-sep-none fusion-title-text fusion-title-size-two\" style=\"--awb-text-color:var(--awb-custom17);--awb-font-size:22px;\"><h2 class=\"fusion-title-heading title-heading-left\" style=\"margin:0;font-size:1em;\">Fedelt\u00e0 al carisma<\/h2><\/div><div class=\"fusion-text fusion-text-4\"><p>Tra i compiti che il Fratello Armin svilupper\u00e0, insieme a coloro che sono stati anche nominati membri del Dicastero per gli Istituti di Vita Consacrata e le Societ\u00e0 di Vita Apostolica, c\u2019\u00e8 quello di collaborare strettamente con la Prefetta Suor Simona Brambilla \u2013 ex Superiora Generale delle Missionarie della Consolata e prima donna a ricoprire l\u2019incarico di Prefetta nella Curia Vaticana \u2013 \u201caffinch\u00e9 gli istituti di vita consacrata e le societ\u00e0 di vita apostolica progrediscano nel seguire Cristo proposto dal Vangelo, secondo il carisma proprio nato dallo spirito del fondatore e le sane tradizioni\u201d, in modo che \u201ctendano fedelmente verso le finalit\u00e0 proprie e contribuiscano realmente all\u2019edificazione della Chiesa e alla sua missione nel mondo\u201d (<em>Praedicate Evangelium<\/em>\u00a0123).<\/p>\n<p>\u201cConto sulle preghiere e il sostegno della Famiglia Lasalliana e di tutte le persone di buona volont\u00e0, per poter contribuire adeguatamente al rinnovamento della Chiesa e alla trasformazione del nostro mondo\u201d, ha concluso Fratel Armin.<\/p>\n<\/div><\/div><\/div><\/div><\/div>\n","protected":false},"excerpt":{"rendered":"","protected":false},"author":12,"featured_media":113067,"comment_status":"closed","ping_status":"closed","sticky":false,"template":"","format":"standard","meta":{"_tec_requires_first_save":true,"_monsterinsights_skip_tracking":false,"_monsterinsights_sitenote_active":false,"_monsterinsights_sitenote_note":"","_monsterinsights_sitenote_category":0,"_EventAllDay":false,"_EventTimezone":"","_EventStartDate":"","_EventEndDate":"","_EventStartDateUTC":"","_EventEndDateUTC":"","_EventShowMap":false,"_EventShowMapLink":false,"_EventURL":"","_EventCost":"","_EventCostDescription":"","_EventCurrencySymbol":"","_EventCurrencyCode":"","_EventCurrencyPosition":"","_EventDateTimeSeparator":"","_EventTimeRangeSeparator":"","_EventOrganizerID":[],"_EventVenueID":[],"_OrganizerEmail":"","_OrganizerPhone":"","_OrganizerWebsite":"","_VenueAddress":"","_VenueCity":"","_VenueCountry":"","_VenueProvince":"","_VenueState":"","_VenueZip":"","_VenuePhone":"","_VenueURL":"","_VenueStateProvince":"","_VenueLat":"","_VenueLng":"","_VenueShowMap":false,"_VenueShowMapLink":false,"_tribe_blocks_recurrence_rules":"","_tribe_blocks_recurrence_description":"","_tribe_blocks_recurrence_exclusions":"","footnotes":""},"categories":[3558,3366,3385],"tags":[],"class_list":["post-113073","post","type-post","status-publish","format-standard","has-post-thumbnail","hentry","category-casa-generalizia-it","category-notizie","category-santa-sede-it"],"_links":{"self":[{"href":"https:\/\/www.lasalle.org\/it\/wp-json\/wp\/v2\/posts\/113073","targetHints":{"allow":["GET"]}}],"collection":[{"href":"https:\/\/www.lasalle.org\/it\/wp-json\/wp\/v2\/posts"}],"about":[{"href":"https:\/\/www.lasalle.org\/it\/wp-json\/wp\/v2\/types\/post"}],"author":[{"embeddable":true,"href":"https:\/\/www.lasalle.org\/it\/wp-json\/wp\/v2\/users\/12"}],"replies":[{"embeddable":true,"href":"https:\/\/www.lasalle.org\/it\/wp-json\/wp\/v2\/comments?post=113073"}],"version-history":[{"count":4,"href":"https:\/\/www.lasalle.org\/it\/wp-json\/wp\/v2\/posts\/113073\/revisions"}],"predecessor-version":[{"id":113151,"href":"https:\/\/www.lasalle.org\/it\/wp-json\/wp\/v2\/posts\/113073\/revisions\/113151"}],"wp:featuredmedia":[{"embeddable":true,"href":"https:\/\/www.lasalle.org\/it\/wp-json\/wp\/v2\/media\/113067"}],"wp:attachment":[{"href":"https:\/\/www.lasalle.org\/it\/wp-json\/wp\/v2\/media?parent=113073"}],"wp:term":[{"taxonomy":"category","embeddable":true,"href":"https:\/\/www.lasalle.org\/it\/wp-json\/wp\/v2\/categories?post=113073"},{"taxonomy":"post_tag","embeddable":true,"href":"https:\/\/www.lasalle.org\/it\/wp-json\/wp\/v2\/tags?post=113073"}],"curies":[{"name":"wp","href":"https:\/\/api.w.org\/{rel}","templated":true}]}}