{"id":116713,"date":"2025-07-29T10:02:20","date_gmt":"2025-07-29T08:02:20","guid":{"rendered":"https:\/\/www.lasalle.org\/?p=116713"},"modified":"2025-07-29T10:02:35","modified_gmt":"2025-07-29T08:02:35","slug":"inaugurazione-di-rue-jean-baptiste-de-la-salle-a-rueil-malmaison-un-omaggio-alleredita-educativa-lasalliana","status":"publish","type":"post","link":"https:\/\/www.lasalle.org\/it\/inaugurazione-di-rue-jean-baptiste-de-la-salle-a-rueil-malmaison-un-omaggio-alleredita-educativa-lasalliana\/","title":{"rendered":"Inaugurazione di Rue Jean-Baptiste de La Salle a Rueil-Malmaison: un omaggio all&#8217;eredit\u00e0 educativa lasalliana"},"content":{"rendered":"<div class=\"pdfprnt-buttons pdfprnt-buttons-post pdfprnt-top-right\"><a href=\"https:\/\/www.lasalle.org\/it\/wp-json\/wp\/v2\/posts\/116713?print=pdf\" class=\"pdfprnt-button pdfprnt-button-pdf\" target=\"_blank\" ><img decoding=\"async\" src=\"https:\/\/www.lasalle.org\/wp-content\/plugins\/pdf-print\/images\/pdf.png\" alt=\"image_pdf\" title=\"Scarica il pdf\" \/><span class=\"pdfprnt-button-title pdfprnt-button-pdf-title\">PDF<\/span><\/a><a href=\"https:\/\/www.lasalle.org\/it\/wp-json\/wp\/v2\/posts\/116713?print=print\" class=\"pdfprnt-button pdfprnt-button-print\" target=\"_blank\" ><img decoding=\"async\" src=\"https:\/\/www.lasalle.org\/wp-content\/plugins\/pdf-print\/images\/print.png\" alt=\"image_print\" title=\"Stampa contenuto\" \/><span class=\"pdfprnt-button-title pdfprnt-button-print-title\">PRINT<\/span><\/a><\/div><div class=\"fusion-fullwidth fullwidth-box fusion-builder-row-1 fusion-flex-container nonhundred-percent-fullwidth non-hundred-percent-height-scrolling\" style=\"--awb-border-radius-top-left:0px;--awb-border-radius-top-right:0px;--awb-border-radius-bottom-right:0px;--awb-border-radius-bottom-left:0px;--awb-flex-wrap:wrap;\" ><div class=\"fusion-builder-row fusion-row fusion-flex-align-items-flex-start fusion-flex-content-wrap\" style=\"max-width:1248px;margin-left: calc(-4% \/ 2 );margin-right: calc(-4% \/ 2 );\"><div class=\"fusion-layout-column fusion_builder_column fusion-builder-column-0 fusion_builder_column_1_1 1_1 fusion-flex-column\" style=\"--awb-bg-size:cover;--awb-width-large:100%;--awb-margin-top-large:0px;--awb-spacing-right-large:1.92%;--awb-margin-bottom-large:0px;--awb-spacing-left-large:1.92%;--awb-width-medium:100%;--awb-spacing-right-medium:1.92%;--awb-spacing-left-medium:1.92%;--awb-width-small:100%;--awb-spacing-right-small:1.92%;--awb-spacing-left-small:1.92%;\"><div class=\"fusion-column-wrapper fusion-flex-justify-content-flex-start fusion-content-layout-column\"><div class=\"fusion-text fusion-text-1\"><p><span style=\"font-weight: 400;\"><img decoding=\"async\" class=\"alignright size-medium wp-image-116696\" src=\"https:\/\/www.lasalle.org\/wp-content\/uploads\/2025\/07\/unnamed-3-300x225.png\" alt=\"\" width=\"300\" height=\"225\" srcset=\"https:\/\/www.lasalle.org\/wp-content\/uploads\/2025\/07\/unnamed-3-200x150.png 200w, https:\/\/www.lasalle.org\/wp-content\/uploads\/2025\/07\/unnamed-3-300x225.png 300w, https:\/\/www.lasalle.org\/wp-content\/uploads\/2025\/07\/unnamed-3-400x300.png 400w, https:\/\/www.lasalle.org\/wp-content\/uploads\/2025\/07\/unnamed-3-600x450.png 600w, https:\/\/www.lasalle.org\/wp-content\/uploads\/2025\/07\/unnamed-3-768x576.png 768w, https:\/\/www.lasalle.org\/wp-content\/uploads\/2025\/07\/unnamed-3-800x600.png 800w, https:\/\/www.lasalle.org\/wp-content\/uploads\/2025\/07\/unnamed-3-1200x900.png 1200w, https:\/\/www.lasalle.org\/wp-content\/uploads\/2025\/07\/unnamed-3.png 1280w\" sizes=\"(max-width: 300px) 100vw, 300px\" \/>Il 27 giugno 2025, l\u2019Istituto La Salle-Passy Buzenval ha ospitato un evento commovente e significativo: l&#8217;inaugurazione ufficiale a Rueil-Malmaison* di <\/span><b>Rue Jean-Baptiste de La Salle<\/b><span style=\"font-weight: 400;\">, una strada intitolata di recente in omaggio al Fondatore dei Fratelli delle Scuole Cristiane, riconosciuto nel 1950 come universale patrono degli educatori.\u00a0<\/span><\/p>\n<p><span style=\"font-weight: 400;\">La cerimonia ha riunito molti membri della comunit\u00e0 educativa lasalliana: studenti, famiglie, insegnanti, ex-alunni e personale. Tutti hanno espresso il loro profondo attaccamento all&#8217;eredit\u00e0 lasalliana, fondata sulla fiducia, sul sostegno personalizzato e sulla formazione olistica.<\/span><\/p>\n<p><span style=\"font-weight: 400;\">Questa iniziativa, guidata dalla citt\u00e0 di Rueil-Malmaison, ha offerto un potente riconoscimento pubblico dell&#8217;eredit\u00e0 educativa di Jean-Baptiste de La Salle ed ha ricevuto un forte sostegno dal sindaco Patrick Ollier, dai membri del consiglio comunale, dai rappresentanti regionali e dipartimentali, e da Fratel Jean-Ren\u00e9 Gentric, Visitatore del Distretto Francia e l&#8217;Europa francofona dell\u2019Istituto dei Fratelli delle Scuole Cristiane.\u00a0<\/span><\/p>\n<p><span style=\"font-weight: 400;\">Durante la cerimonia, Gabriel Andrei, Direttore della Scuola, ha ringraziato calorosamente il sindaco con queste parole: \u201cgrazie, signor sindaco, per la sua illuminata decisione di intitolare questa strada a Jean-Baptiste de La Salle, proprio di fronte alla nostra scuola. Con questa scelta significativa, Lei sta radicando nella citt\u00e0 un tesoro prezioso di Rueil-Malmaison \u2013 un tesoro di umanit\u00e0, di educazione e di fede. Possiamo continuare a nutrire e far crescere insieme questo tesoro comune. Possa questa strada non essere solo un percorso di memoria, ma soprattutto un percorso verso il futuro\u201d.<\/span><\/p>\n<p><span style=\"font-weight: 400;\">Nel suo discorso, il sindaco ha, dal canto suo, elogiato il significato della scelta: \u201cIntitolare questa strada a Jean-Baptiste de La Salle onora il suo impegno visionario per l&#8217;educazione e per il bene comune\u201d. Egli ha anche riconosciuto il duraturo contributo di La Salle-Passy Buzenval alla comunit\u00e0 locale, evidenziando la qualit\u00e0 del suo insegnamento, la sua apertura verso gli altri e la sua attenzione per ogni studente.<\/span><\/p>\n<p><span style=\"font-weight: 400;\"><img decoding=\"async\" class=\"alignleft size-medium wp-image-116700\" src=\"https:\/\/www.lasalle.org\/wp-content\/uploads\/2025\/07\/unnamed-2-300x225.png\" alt=\"\" width=\"300\" height=\"225\" srcset=\"https:\/\/www.lasalle.org\/wp-content\/uploads\/2025\/07\/unnamed-2-200x150.png 200w, https:\/\/www.lasalle.org\/wp-content\/uploads\/2025\/07\/unnamed-2-300x225.png 300w, https:\/\/www.lasalle.org\/wp-content\/uploads\/2025\/07\/unnamed-2-400x300.png 400w, https:\/\/www.lasalle.org\/wp-content\/uploads\/2025\/07\/unnamed-2-600x450.png 600w, https:\/\/www.lasalle.org\/wp-content\/uploads\/2025\/07\/unnamed-2-768x576.png 768w, https:\/\/www.lasalle.org\/wp-content\/uploads\/2025\/07\/unnamed-2-800x600.png 800w, https:\/\/www.lasalle.org\/wp-content\/uploads\/2025\/07\/unnamed-2-1200x900.png 1200w, https:\/\/www.lasalle.org\/wp-content\/uploads\/2025\/07\/unnamed-2.png 1280w\" sizes=\"(max-width: 300px) 100vw, 300px\" \/>Fratel Jean-Ren\u00e9 Gentric, Visitatore del Distretto Francia e l&#8217;Europa francofona, ha invece sottolineato l&#8217;eredit\u00e0 spirituale e pedagogica di La Salle, riaffermando la missione educativa condivisa di insegnanti e famiglie: \u201cQuesta strada incarna un percorso di educazione, fraternit\u00e0 e servizio, valori al centro del nostro carisma lasalliano\u201d.\u00a0<\/span><\/p>\n<p><span style=\"font-weight: 400;\">Alla voce di Fr. Gentric si unisce quella entusiasta di Fr. Armin Luistro, Superiore Generale dei Fratelli delle Scuole Cristiane: \u201cSpero che l&#8217;inaugurazione di Rue Jean-Baptiste de La Salle a Rueil-Malmaison rivitalizzi la comunit\u00e0 lasalliana e continui a ispirare molti altri a impegnarsi nella missione educativa che \u00e8 stata la sua eredit\u00e0\u201d.<\/span><\/p>\n<p><span style=\"font-weight: 400;\">Dopo lo svelamento della targa commemorativa, un conviviale rinfresco ha concluso la celebrazione, che si \u00e8 rivelata un\u2019autentica espressione dello spirito lasalliano.\u00a0<\/span><\/p>\n<p><span style=\"font-weight: 400;\">Questo momento storico iscrive nello spazio pubblico un potente promemoria: l&#8217;eredit\u00e0 viva di Jean-Baptiste de La Salle che continua a plasmare le menti e a ispirare gli educatori di oggi.<\/span><\/p>\n<\/div><div class=\"fusion-separator fusion-full-width-sep\" style=\"align-self: center;margin-left: auto;margin-right: auto;margin-top:15px;margin-bottom:15px;width:100%;\"><div class=\"fusion-separator-border sep-single sep-solid\" style=\"--awb-height:20px;--awb-amount:20px;border-color:#e0dede;border-top-width:1px;\"><\/div><\/div><div class=\"fusion-text fusion-text-2\" style=\"--awb-font-size:16px;\"><p><i><span style=\"font-weight: 400;\">* Rueil-Malmaison si trova nella regione dell&#8217;\u00cele-de-France, nei sobborghi occidentali di Parigi. Dista circa 12,6 chilometri dal centro di Parigi. La sua caratteristica principale \u00e8 il suo ricco patrimonio storico, in particolare il Castello di Malmaison, che fu la residenza di Giuseppina de Beauharnais, la prima moglie di Napoleone Bonaparte. La citt\u00e0 \u00e8 anche nota per i suoi ampi spazi verdi e per essere stata una fonte di ispirazione per artisti impressionisti come Monet e Renoir.<\/span><\/i><\/p>\n<\/div><\/div><\/div><\/div><\/div>\n","protected":false},"excerpt":{"rendered":"","protected":false},"author":9,"featured_media":116704,"comment_status":"closed","ping_status":"closed","sticky":false,"template":"","format":"standard","meta":{"_tec_requires_first_save":true,"_monsterinsights_skip_tracking":false,"_monsterinsights_sitenote_active":false,"_monsterinsights_sitenote_note":"","_monsterinsights_sitenote_category":0,"_EventAllDay":false,"_EventTimezone":"","_EventStartDate":"","_EventEndDate":"","_EventStartDateUTC":"","_EventEndDateUTC":"","_EventShowMap":false,"_EventShowMapLink":false,"_EventURL":"","_EventCost":"","_EventCostDescription":"","_EventCurrencySymbol":"","_EventCurrencyCode":"","_EventCurrencyPosition":"","_EventDateTimeSeparator":"","_EventTimeRangeSeparator":"","_EventOrganizerID":[],"_EventVenueID":[],"_OrganizerEmail":"","_OrganizerPhone":"","_OrganizerWebsite":"","_VenueAddress":"","_VenueCity":"","_VenueCountry":"","_VenueProvince":"","_VenueState":"","_VenueZip":"","_VenuePhone":"","_VenueURL":"","_VenueStateProvince":"","_VenueLat":"","_VenueLng":"","_VenueShowMap":false,"_VenueShowMapLink":false,"_tribe_blocks_recurrence_rules":"","_tribe_blocks_recurrence_description":"","_tribe_blocks_recurrence_exclusions":"","footnotes":""},"categories":[3366,3530],"tags":[],"class_list":["post-116713","post","type-post","status-publish","format-standard","has-post-thumbnail","hentry","category-notizie","category-relem-it"],"_links":{"self":[{"href":"https:\/\/www.lasalle.org\/it\/wp-json\/wp\/v2\/posts\/116713","targetHints":{"allow":["GET"]}}],"collection":[{"href":"https:\/\/www.lasalle.org\/it\/wp-json\/wp\/v2\/posts"}],"about":[{"href":"https:\/\/www.lasalle.org\/it\/wp-json\/wp\/v2\/types\/post"}],"author":[{"embeddable":true,"href":"https:\/\/www.lasalle.org\/it\/wp-json\/wp\/v2\/users\/9"}],"replies":[{"embeddable":true,"href":"https:\/\/www.lasalle.org\/it\/wp-json\/wp\/v2\/comments?post=116713"}],"version-history":[{"count":1,"href":"https:\/\/www.lasalle.org\/it\/wp-json\/wp\/v2\/posts\/116713\/revisions"}],"predecessor-version":[{"id":116714,"href":"https:\/\/www.lasalle.org\/it\/wp-json\/wp\/v2\/posts\/116713\/revisions\/116714"}],"wp:featuredmedia":[{"embeddable":true,"href":"https:\/\/www.lasalle.org\/it\/wp-json\/wp\/v2\/media\/116704"}],"wp:attachment":[{"href":"https:\/\/www.lasalle.org\/it\/wp-json\/wp\/v2\/media?parent=116713"}],"wp:term":[{"taxonomy":"category","embeddable":true,"href":"https:\/\/www.lasalle.org\/it\/wp-json\/wp\/v2\/categories?post=116713"},{"taxonomy":"post_tag","embeddable":true,"href":"https:\/\/www.lasalle.org\/it\/wp-json\/wp\/v2\/tags?post=116713"}],"curies":[{"name":"wp","href":"https:\/\/api.w.org\/{rel}","templated":true}]}}