{"id":119824,"date":"2025-10-22T13:45:55","date_gmt":"2025-10-22T11:45:55","guid":{"rendered":"https:\/\/www.lasalle.org\/?p=119824"},"modified":"2025-10-22T13:45:55","modified_gmt":"2025-10-22T11:45:55","slug":"la-salle-spagna-e-portogallo-si-impegnano-per-il-benessere-integrale-dei-bambini-e-dei-giovani","status":"publish","type":"post","link":"https:\/\/www.lasalle.org\/it\/la-salle-spagna-e-portogallo-si-impegnano-per-il-benessere-integrale-dei-bambini-e-dei-giovani\/","title":{"rendered":"La Salle Spagna e Portogallo si impegnano per il benessere integrale dei bambini e dei giovani"},"content":{"rendered":"<div class=\"pdfprnt-buttons pdfprnt-buttons-post pdfprnt-top-right\"><a href=\"https:\/\/www.lasalle.org\/it\/wp-json\/wp\/v2\/posts\/119824?print=pdf\" class=\"pdfprnt-button pdfprnt-button-pdf\" target=\"_blank\" ><img decoding=\"async\" src=\"https:\/\/www.lasalle.org\/wp-content\/plugins\/pdf-print\/images\/pdf.png\" alt=\"image_pdf\" title=\"Scarica il pdf\" \/><span class=\"pdfprnt-button-title pdfprnt-button-pdf-title\">PDF<\/span><\/a><a href=\"https:\/\/www.lasalle.org\/it\/wp-json\/wp\/v2\/posts\/119824?print=print\" class=\"pdfprnt-button pdfprnt-button-print\" target=\"_blank\" ><img decoding=\"async\" src=\"https:\/\/www.lasalle.org\/wp-content\/plugins\/pdf-print\/images\/print.png\" alt=\"image_print\" title=\"Stampa contenuto\" \/><span class=\"pdfprnt-button-title pdfprnt-button-print-title\">PRINT<\/span><\/a><\/div><div class=\"fusion-fullwidth fullwidth-box fusion-builder-row-1 fusion-flex-container nonhundred-percent-fullwidth non-hundred-percent-height-scrolling\" style=\"--awb-border-radius-top-left:0px;--awb-border-radius-top-right:0px;--awb-border-radius-bottom-right:0px;--awb-border-radius-bottom-left:0px;--awb-flex-wrap:wrap;\" ><div class=\"fusion-builder-row fusion-row fusion-flex-align-items-flex-start fusion-flex-content-wrap\" style=\"max-width:1248px;margin-left: calc(-4% \/ 2 );margin-right: calc(-4% \/ 2 );\"><div class=\"fusion-layout-column fusion_builder_column fusion-builder-column-0 fusion_builder_column_1_1 1_1 fusion-flex-column\" style=\"--awb-bg-size:cover;--awb-width-large:100%;--awb-margin-top-large:0px;--awb-spacing-right-large:1.92%;--awb-margin-bottom-large:0px;--awb-spacing-left-large:1.92%;--awb-width-medium:100%;--awb-spacing-right-medium:1.92%;--awb-spacing-left-medium:1.92%;--awb-width-small:100%;--awb-spacing-right-small:1.92%;--awb-spacing-left-small:1.92%;\"><div class=\"fusion-column-wrapper fusion-flex-justify-content-flex-start fusion-content-layout-column\"><div class=\"fusion-text fusion-text-1\"><p><span style=\"font-weight: 400;\"><em><strong>\u201cDefinire il benessere integrale dei bambini e dei giovani\u201d<\/strong><\/em>. \u00c8 questo il tema del <\/span><a href=\"https:\/\/congresoharmonia.com\/\"><b>Congreso Harmonia<\/b><\/a><span style=\"font-weight: 400;\">, un&#8217;iniziativa di formazione del Distretto Arlep (La Salle\u00a0 Spagna e Portogallo), che riunir\u00e0 a Valencia (Spagna), il prossimo 28 ottobre, leader ed educatori lasalliani che cercano di mettere \u201cal centro della riflessione sociale l&#8217;importanza che i bambini, gli adolescenti e i giovani siano seguiti e curati per crescere come persone capaci di trasformare il mondo in cui vivono e renderlo un posto migliore\u201d.<\/span><\/p>\n<p><span style=\"font-weight: 400;\">Il termine \u201charmonia\u201d, che d\u00e0 il titolo al Congresso, deriva dal greco \u1f01\u03c1\u03bc\u03bf\u03bd\u03af\u03b1 e in latino si scrive con \u201ch\u201d e senza accento, per esprimere equilibrio, una combinazione appropriata di elementi che formano un insieme armonioso e coerente. <\/span><\/p>\n<\/div><div class=\"fusion-title title fusion-title-1 fusion-sep-none fusion-title-text fusion-title-size-two\" style=\"--awb-text-color:var(--awb-custom17);--awb-font-size:22px;\"><h2 class=\"fusion-title-heading title-heading-left\" style=\"margin:0;font-size:1em;\"><b>Impegno per il benessere<\/b><\/h2><\/div><div class=\"fusion-text fusion-text-2\"><p><span style=\"font-weight: 400;\">\u201cQuesto Congresso nasce dal nostro desiderio di lavorare per un mondo migliore, a partire dai bambini e dai giovani che abbiamo nelle nostre aule\u201d, afferma Fratel Esteban de Vega, Visitatore del Distretto Arlep. \u201cIl loro benessere, inteso in modo integrale, \u00e8 per noi un obiettivo in s\u00e9 e, allo stesso tempo, un obiettivo che va oltre, come piattaforma per <\/span><b>rendere i nostri studenti capaci di impegnarsi per il benessere degli altri<\/b><span style=\"font-weight: 400;\">, come qualcosa per cui lottare e avanzare insieme, perch\u00e9 non possiamo stare bene da soli\u201d.<\/span><\/p>\n<p><span style=\"font-weight: 400;\">D&#8217;altra parte, <\/span><b>il Congresso Harmonia \u00e8 anche una risposta alle sfide attuali, in <\/b><span style=\"font-weight: 400;\">\u201c<\/span><b>una realt\u00e0 che ci parla di tensioni<\/b><span style=\"font-weight: 400;\">, mancanza di comunicazione, mancanza di relazioni, disordini sociali, deterioramento della salute mentale, fragilit\u00e0 della fiducia, autolesionismo\u2026\u201d, spiega Fr. Esteban, aggiungendo che si tratta di situazioni che \u201cvogliamo affrontare, sensibilizzare, imparare, e farlo \u2018in armonia\u2019, lavorando per un mondo pi\u00f9 armonioso\u201d.<\/span><\/p>\n<\/div><div class=\"fusion-title title fusion-title-2 fusion-sep-none fusion-title-text fusion-title-size-two\" style=\"--awb-text-color:var(--awb-custom17);--awb-font-size:22px;\"><h2 class=\"fusion-title-heading title-heading-left\" style=\"margin:0;font-size:1em;\"><b>Costruire ambienti sicuri<\/b><\/h2><\/div><div class=\"fusion-text fusion-text-3\"><p><span style=\"font-weight: 400;\">Di fronte a queste realt\u00e0, il Congresso cerca di ispirare una melodia unica, fatta di note che ci ricordano l&#8217;importanza della cura e dell&#8217;attenzione all&#8217;\u201dessere\u201d da diversi ambiti, come commenta Fratel Julio Gonz\u00e1lez, Direttore della Rete delle Opere Educative Lasalliane in Spagna e Portogallo, spiegando che \u201c<\/span><b>l&#8217;obiettivo fondamentale \u00e8 dare valore al tema del benessere integrale delle persone nella nostra societ\u00e0<\/b><span style=\"font-weight: 400;\">. Un tema sul quale la scuola lasalliana vuole offrire canali di riflessione che facciano s\u00ec che questo argomento non sia un&#8217;aggiunta nella nostra proposta educativa, ma che, come ci ha fatto notare l&#8217;ultima Assemblea Missionaria del Distretto Arlep, diventi un punto di riferimento nella nostra proposta educativa\u201d. \u201cAllo stesso modo\u201d, continua Fratel Julio, \u201cvogliamo generare sinergie con altre istituzioni educative e generare aree di ricerca e riflessione nella nostra societ\u00e0 per costruire ambienti sicuri per le persone\u201d.\u00a0<\/span><\/p>\n<p><span style=\"font-weight: 400;\">Come sar\u00e0 la dinamica di questi giorni di incontri? Fr. Jes\u00fas F\u00e9lix Mart\u00ednez, coordinatore del Congresso, spiega: \u201cSi basa su una serie di interventi che mirano a fare luce e a fornire spunti affinch\u00e9 il benessere integrale di bambini, adolescenti e giovani possa diventare una realt\u00e0. L&#8217;obiettivo \u00e8 quello di evidenziare l&#8217;importanza di <\/span><b>raggiungere sinergie tra tutti i protagonisti della crescita personale: la famiglia, la scuola, l&#8217;ambiente a loro vicino, la societ\u00e0 nel suo complesso e insistendo sul contributo che le amministrazioni pubbliche devono dare<\/b><span style=\"font-weight: 400;\"> per affrontare le situazioni che si verificano quando questo benessere non \u00e8 evidente, dato che nella situazione attuale della nostra societ\u00e0 \u00e8 particolarmente preoccupante\u201d.<\/span><\/p>\n<\/div><div class=\"fusion-title title fusion-title-3 fusion-sep-none fusion-title-text fusion-title-size-two\" style=\"--awb-text-color:var(--awb-custom17);--awb-font-size:22px;\"><h2 class=\"fusion-title-heading title-heading-left\" style=\"margin:0;font-size:1em;\"><b>Relatori e registrazione<\/b><\/h2><\/div><div class=\"fusion-text fusion-text-4\"><p><span style=\"font-weight: 400;\">Jes\u00fas F\u00e9lix aggiunge: \u201cPer questo motivo, tra i relatori ci saranno persone provenienti da organizzazioni come l&#8217;Unicef, la FAD, l&#8217;Universit\u00e0 di Oxford e da due centri che si occupano di situazioni di deterioramento della salute mentale. <\/span><b>Non dimentichiamo, per\u00f2, il benessere dell&#8217;educatore<\/b><span style=\"font-weight: 400;\"> e a tale fine una presentazione spiegher\u00e0 come facilitarlo\u201d. \u201cAvremo anche uno spazio per apprendere come una giudice di famiglia scriva lettere ai bambini per aiutarli a capire meglio le situazioni difficili che devono affrontare\u201d.<\/span><\/p>\n<p><span style=\"font-weight: 400;\">Sebbene il Congresso sia aperto al grande pubblico e <\/span><a href=\"https:\/\/congresoharmonia.com\/entradas\/\" target=\"_blank\" rel=\"noopener\"><span style=\"font-weight: 400;\">preveda la possibilit\u00e0 di partecipare in modalit\u00e0 virtuale, in streaming<\/span><\/a><span style=\"font-weight: 400;\">, sono state previste anche due giornate di lavoro interno, il 30 e 31 ottobre, per la rete di opere educative del Distretto Arlep.\u00a0<\/span><\/p>\n<p><span style=\"font-weight: 400;\">\u201cNella parte interna del Congresso, Fran\u00e7esc Torralba presenter\u00e0 come l&#8217;interiorit\u00e0, la spiritualit\u00e0, debba far parte della crescita personale per raggiungere il benessere integrale\u201d, dice Fr. Jes\u00fas F\u00e9lix.<\/span><\/p>\n<p><span style=\"font-weight: 400;\">Chiunque desideri partecipare, di persona o online, pu\u00f2 <\/span><a href=\"https:\/\/congresoharmonia.com\/entradas\/\" target=\"_blank\" rel=\"noopener\"><span style=\"font-weight: 400;\">registrarsi<\/span><\/a><span style=\"font-weight: 400;\"> tramite il sito web del <\/span><a href=\"https:\/\/congresoharmonia.com\/\"><span style=\"font-weight: 400;\">Congresso Harmonia<\/span><\/a><span style=\"font-weight: 400;\">, dove si trovano anche <a href=\"https:\/\/congresoharmonia.com\/agenda\/\" target=\"_blank\" rel=\"noopener\">l&#8217;<\/a><\/span><a href=\"https:\/\/congresoharmonia.com\/agenda\/\"><span style=\"font-weight: 400;\">agenda<\/span><\/a><span style=\"font-weight: 400;\"> e l&#8217;elenco dei <\/span><a href=\"https:\/\/congresoharmonia.com\/ponentes\/\" target=\"_blank\" rel=\"noopener\"><span style=\"font-weight: 400;\">relatori<\/span><\/a><span style=\"font-weight: 400;\">.<\/span><\/p>\n<p>&nbsp;<\/p>\n<p>&nbsp;<\/p>\n<\/div><\/div><\/div><\/div><\/div>\n","protected":false},"excerpt":{"rendered":"","protected":false},"author":9,"featured_media":119711,"comment_status":"closed","ping_status":"closed","sticky":false,"template":"","format":"standard","meta":{"_tec_requires_first_save":true,"_monsterinsights_skip_tracking":false,"_monsterinsights_sitenote_active":false,"_monsterinsights_sitenote_note":"","_monsterinsights_sitenote_category":0,"_EventAllDay":false,"_EventTimezone":"","_EventStartDate":"","_EventEndDate":"","_EventStartDateUTC":"","_EventEndDateUTC":"","_EventShowMap":false,"_EventShowMapLink":false,"_EventURL":"","_EventCost":"","_EventCostDescription":"","_EventCurrencySymbol":"","_EventCurrencyCode":"","_EventCurrencyPosition":"","_EventDateTimeSeparator":"","_EventTimeRangeSeparator":"","_EventOrganizerID":[],"_EventVenueID":[],"_OrganizerEmail":"","_OrganizerPhone":"","_OrganizerWebsite":"","_VenueAddress":"","_VenueCity":"","_VenueCountry":"","_VenueProvince":"","_VenueState":"","_VenueZip":"","_VenuePhone":"","_VenueURL":"","_VenueStateProvince":"","_VenueLat":"","_VenueLng":"","_VenueShowMap":false,"_VenueShowMapLink":false,"_tribe_blocks_recurrence_rules":"","_tribe_blocks_recurrence_description":"","_tribe_blocks_recurrence_exclusions":"","footnotes":""},"categories":[3366,3530],"tags":[],"class_list":["post-119824","post","type-post","status-publish","format-standard","has-post-thumbnail","hentry","category-notizie","category-relem-it"],"_links":{"self":[{"href":"https:\/\/www.lasalle.org\/it\/wp-json\/wp\/v2\/posts\/119824","targetHints":{"allow":["GET"]}}],"collection":[{"href":"https:\/\/www.lasalle.org\/it\/wp-json\/wp\/v2\/posts"}],"about":[{"href":"https:\/\/www.lasalle.org\/it\/wp-json\/wp\/v2\/types\/post"}],"author":[{"embeddable":true,"href":"https:\/\/www.lasalle.org\/it\/wp-json\/wp\/v2\/users\/9"}],"replies":[{"embeddable":true,"href":"https:\/\/www.lasalle.org\/it\/wp-json\/wp\/v2\/comments?post=119824"}],"version-history":[{"count":1,"href":"https:\/\/www.lasalle.org\/it\/wp-json\/wp\/v2\/posts\/119824\/revisions"}],"predecessor-version":[{"id":119825,"href":"https:\/\/www.lasalle.org\/it\/wp-json\/wp\/v2\/posts\/119824\/revisions\/119825"}],"wp:featuredmedia":[{"embeddable":true,"href":"https:\/\/www.lasalle.org\/it\/wp-json\/wp\/v2\/media\/119711"}],"wp:attachment":[{"href":"https:\/\/www.lasalle.org\/it\/wp-json\/wp\/v2\/media?parent=119824"}],"wp:term":[{"taxonomy":"category","embeddable":true,"href":"https:\/\/www.lasalle.org\/it\/wp-json\/wp\/v2\/categories?post=119824"},{"taxonomy":"post_tag","embeddable":true,"href":"https:\/\/www.lasalle.org\/it\/wp-json\/wp\/v2\/tags?post=119824"}],"curies":[{"name":"wp","href":"https:\/\/api.w.org\/{rel}","templated":true}]}}