{"id":122306,"date":"2026-01-05T23:32:45","date_gmt":"2026-01-05T22:32:45","guid":{"rendered":"https:\/\/www.lasalle.org\/?p=122306"},"modified":"2026-01-05T23:32:45","modified_gmt":"2026-01-05T22:32:45","slug":"piu-di-33-milioni-di-pellegrini-sono-venuti-a-roma-per-il-giubileo","status":"publish","type":"post","link":"https:\/\/www.lasalle.org\/it\/piu-di-33-milioni-di-pellegrini-sono-venuti-a-roma-per-il-giubileo\/","title":{"rendered":"Pi\u00f9 di 33 milioni di pellegrini sono venuti a Roma per il Giubileo"},"content":{"rendered":"<div class=\"pdfprnt-buttons pdfprnt-buttons-post pdfprnt-top-right\"><a href=\"https:\/\/www.lasalle.org\/it\/wp-json\/wp\/v2\/posts\/122306?print=pdf\" class=\"pdfprnt-button pdfprnt-button-pdf\" target=\"_blank\" ><img decoding=\"async\" src=\"https:\/\/www.lasalle.org\/wp-content\/plugins\/pdf-print\/images\/pdf.png\" alt=\"image_pdf\" title=\"Scarica il pdf\" \/><span class=\"pdfprnt-button-title pdfprnt-button-pdf-title\">PDF<\/span><\/a><a href=\"https:\/\/www.lasalle.org\/it\/wp-json\/wp\/v2\/posts\/122306?print=print\" class=\"pdfprnt-button pdfprnt-button-print\" target=\"_blank\" ><img decoding=\"async\" src=\"https:\/\/www.lasalle.org\/wp-content\/plugins\/pdf-print\/images\/print.png\" alt=\"image_print\" title=\"Stampa contenuto\" \/><span class=\"pdfprnt-button-title pdfprnt-button-print-title\">PRINT<\/span><\/a><\/div><p>Il \u201cmondo intero\u201d \u00e8 giunto a Roma nell\u2019Anno Santo 2025. Sono stati 33.475.369 i pellegrini arrivati da 185 Paesi in occasione del Giubileo della Speranza, che Papa Leone XIV concluder\u00e0 ufficialmente tra poche ore, chiudendo la Porta Santa della Basilica di San Pietro.<\/p>\n<p>Superate dunque ampiamente le proiezioni &#8211; preparate dall\u2019Universit\u00e0 di Roma Tre &#8211; che volevano \u201csolo\u201d 31 milioni di fedeli nella Citt\u00e0 Eterna in questo anno di grazia speciale per la Chiesa.<\/p>\n<p>\u00c8 monsignor Rino Fisichella, pro-prefetto del Dicastero per l\u2019Evangelizzazione, responsabile dell\u2019organizzazione, a tracciare un bilancio dell\u2019Anno Santo, durante una conferenza che si \u00e8 svolta questa mattina 5 gennaio, vigilia della chiusura del Giubileo, nella Sala Stampa della Santa Sede. Tutto il mondo \u00e8 venuto a Roma, ma soprattutto l\u2019Europa: sono venuti infatti dal vecchio continente il 62% dei pellegrini, con l\u2019Italia al primo posto per numero di presenze.<\/p>\n<p><img decoding=\"async\" class=\"aligncenter wp-image-122299 size-full\" src=\"https:\/\/www.lasalle.org\/wp-content\/uploads\/2026\/01\/Jubileo-1.jpeg\" alt=\"\" width=\"750\" height=\"421\" srcset=\"https:\/\/www.lasalle.org\/wp-content\/uploads\/2026\/01\/Jubileo-1-200x112.jpeg 200w, https:\/\/www.lasalle.org\/wp-content\/uploads\/2026\/01\/Jubileo-1-300x168.jpeg 300w, https:\/\/www.lasalle.org\/wp-content\/uploads\/2026\/01\/Jubileo-1-400x225.jpeg 400w, https:\/\/www.lasalle.org\/wp-content\/uploads\/2026\/01\/Jubileo-1-600x337.jpeg 600w, https:\/\/www.lasalle.org\/wp-content\/uploads\/2026\/01\/Jubileo-1.jpeg 750w\" sizes=\"(max-width: 750px) 100vw, 750px\" \/><\/p>\n<h3><strong>Un Giubileo di spiritualit\u00e0 e futuro<\/strong><strong>\u00a0<\/strong><\/h3>\n<p>N\u00e9 i numeri dei pellegrini, n\u00e9 quelli dei cosiddetti \u201cgrandi eventi\u201d (ben 35) rendono ragione di un avvenimento che intendeva soprattutto entrare nella vita delle persone rinnovandola nel profondo. \u201cLa dimensione spirituale che \u00e8 a fondamento del Giubileo ha permesso di verificare un popolo in cammino con tanto desiderio di preghiera e conversione\u201d, ha affermato monsignor Fisichella.<\/p>\n<p>La vita spirituale dei pellegrini \u00e8 rifiorita, mentre riempivano le principali mete di pellegrinaggio e i santuari di Roma. \u201cLe Basiliche papali e altri centri di preghiera \u2013 ha aggiunto &#8211; ad esempio la Scala Santa, hanno registrato presenze mai viste in precedenza. Le confessioni sono state incrementate e la celebrazione giubilare del perdono pieno, l\u2019indulgenza, \u00e8 giunta a tutti\u201d.<\/p>\n<p>In questo anno, appena concluso, \u00e8 stata donata speranza, alle persone e al mondo: \u201cIl Giubileo si conclude \u2013 ha detto ancora il pro-prefetto &#8211; ma restano i tanti segni di speranza che sono stati offerti e si allarga l\u2019orizzonte per sostenere un futuro carico di pace e di serenit\u00e0 come tutti desiderano. In una parola, questo Anno Santo ha raggiunto l\u2019obiettivo espresso nella bolla di indizione del Giubileo\u00a0<em><a href=\"https:\/\/www.vatican.va\/content\/francesco\/it\/bulls\/documents\/20240509_spes-non-confundit_bolla-giubileo2025.html\">Spes non confundit<\/a><\/em>: essere per tutti occasione di rianimare la speranza\u201d.<\/p>\n<p><img decoding=\"async\" class=\"aligncenter wp-image-116773 size-full\" src=\"https:\/\/www.lasalle.org\/wp-content\/uploads\/2025\/07\/coverNews_132.jpg\" alt=\"\" width=\"1200\" height=\"675\" srcset=\"https:\/\/www.lasalle.org\/wp-content\/uploads\/2025\/07\/coverNews_132-200x113.jpg 200w, https:\/\/www.lasalle.org\/wp-content\/uploads\/2025\/07\/coverNews_132-300x169.jpg 300w, https:\/\/www.lasalle.org\/wp-content\/uploads\/2025\/07\/coverNews_132-400x225.jpg 400w, https:\/\/www.lasalle.org\/wp-content\/uploads\/2025\/07\/coverNews_132-600x338.jpg 600w, https:\/\/www.lasalle.org\/wp-content\/uploads\/2025\/07\/coverNews_132-768x432.jpg 768w, https:\/\/www.lasalle.org\/wp-content\/uploads\/2025\/07\/coverNews_132-800x450.jpg 800w, https:\/\/www.lasalle.org\/wp-content\/uploads\/2025\/07\/coverNews_132.jpg 1200w\" sizes=\"(max-width: 1200px) 100vw, 1200px\" \/><\/p>\n<h3><strong>La generosit\u00e0 di 7 mila volontari<\/strong><\/h3>\n<p>Ci sono per\u00f2 dei numeri che contano, perch\u00e9 \u201cin un periodo di facile individualismo\u201d, come ha detto infine il presule ringraziandoli, misurano la generosit\u00e0 di tanti volontari: 5 mila quelli in servizio per tutto l\u2019Anno e 2 mila quelli dell\u2019Ordine di Malta che hanno prestato servizio di primo intervento presso le quattro Basiliche papali.<\/p>\n<p>Il sindaco di Roma e commissario straordinario di Governo per il Giubileo, Roberto Gualtieri, ha visto la sua Citt\u00e0 accogliere con pazienza i tanti fedeli giunti nella Capitale per lucrare l\u2019indulgenza in un rapporto di reciproco vantaggio. \u201cI pellegrini non hanno tolto nulla alla capacit\u00e0 di Roma di accogliere turisti e di offrire servizi ai propri cittadini. Il Giubileo, al contrario, \u00e8 stato un volano\u201d, ha detto il primo cittadino.<\/p>\n<p>\u201cLa gioia, la fede e la speranza dei pellegrini hanno toccato il cuore dei romani, che a loro volta hanno avuto un atteggiamento accogliente verso di loro, anche quando i loro numeri erano straordinari. Tor Vergata, per esempio, \u00e8 un evento che rester\u00e0 nella storia della nostra Citt\u00e0 e della Chiesa\u201d, ha concluso Gualtieri.<\/p>\n<p><a href=\"https:\/\/www.vaticannews.va\/it\/papa\/news\/2025-12\/papa-leone-xiv-messaggio-giornata-mondiale-pace-2026.html\" target=\"_blank\" rel=\"noopener\"><em>* Articolo pubblicato su Vatican News. Di: <\/em><em>Daniele Piccini<\/em><em>. Fotografie: Vatican Media.<\/em><\/a><\/p>\n","protected":false},"excerpt":{"rendered":"<p>Il \u201cmondo intero\u201d \u00e8 giunto a Roma nell\u2019Anno Santo 2025.  [&#8230;]<\/p>\n","protected":false},"author":12,"featured_media":122295,"comment_status":"closed","ping_status":"closed","sticky":false,"template":"","format":"standard","meta":{"_tec_requires_first_save":true,"_monsterinsights_skip_tracking":false,"_monsterinsights_sitenote_active":false,"_monsterinsights_sitenote_note":"","_monsterinsights_sitenote_category":0,"_EventAllDay":false,"_EventTimezone":"","_EventStartDate":"","_EventEndDate":"","_EventStartDateUTC":"","_EventEndDateUTC":"","_EventShowMap":false,"_EventShowMapLink":false,"_EventURL":"","_EventCost":"","_EventCostDescription":"","_EventCurrencySymbol":"","_EventCurrencyCode":"","_EventCurrencyPosition":"","_EventDateTimeSeparator":"","_EventTimeRangeSeparator":"","_EventOrganizerID":[],"_EventVenueID":[],"_OrganizerEmail":"","_OrganizerPhone":"","_OrganizerWebsite":"","_VenueAddress":"","_VenueCity":"","_VenueCountry":"","_VenueProvince":"","_VenueState":"","_VenueZip":"","_VenuePhone":"","_VenueURL":"","_VenueStateProvince":"","_VenueLat":"","_VenueLng":"","_VenueShowMap":false,"_VenueShowMapLink":false,"_tribe_blocks_recurrence_rules":"","_tribe_blocks_recurrence_description":"","_tribe_blocks_recurrence_exclusions":"","footnotes":""},"categories":[3366,3385],"tags":[3688,3700],"class_list":["post-122306","post","type-post","status-publish","format-standard","has-post-thumbnail","hentry","category-notizie","category-santa-sede-it","tag-giubileo-2025","tag-vaticano"],"_links":{"self":[{"href":"https:\/\/www.lasalle.org\/it\/wp-json\/wp\/v2\/posts\/122306","targetHints":{"allow":["GET"]}}],"collection":[{"href":"https:\/\/www.lasalle.org\/it\/wp-json\/wp\/v2\/posts"}],"about":[{"href":"https:\/\/www.lasalle.org\/it\/wp-json\/wp\/v2\/types\/post"}],"author":[{"embeddable":true,"href":"https:\/\/www.lasalle.org\/it\/wp-json\/wp\/v2\/users\/12"}],"replies":[{"embeddable":true,"href":"https:\/\/www.lasalle.org\/it\/wp-json\/wp\/v2\/comments?post=122306"}],"version-history":[{"count":1,"href":"https:\/\/www.lasalle.org\/it\/wp-json\/wp\/v2\/posts\/122306\/revisions"}],"predecessor-version":[{"id":122307,"href":"https:\/\/www.lasalle.org\/it\/wp-json\/wp\/v2\/posts\/122306\/revisions\/122307"}],"wp:featuredmedia":[{"embeddable":true,"href":"https:\/\/www.lasalle.org\/it\/wp-json\/wp\/v2\/media\/122295"}],"wp:attachment":[{"href":"https:\/\/www.lasalle.org\/it\/wp-json\/wp\/v2\/media?parent=122306"}],"wp:term":[{"taxonomy":"category","embeddable":true,"href":"https:\/\/www.lasalle.org\/it\/wp-json\/wp\/v2\/categories?post=122306"},{"taxonomy":"post_tag","embeddable":true,"href":"https:\/\/www.lasalle.org\/it\/wp-json\/wp\/v2\/tags?post=122306"}],"curies":[{"name":"wp","href":"https:\/\/api.w.org\/{rel}","templated":true}]}}