{"id":123000,"date":"2026-02-23T11:38:20","date_gmt":"2026-02-23T10:38:20","guid":{"rendered":"https:\/\/www.lasalle.org\/?p=123000"},"modified":"2026-02-24T14:06:38","modified_gmt":"2026-02-24T13:06:38","slug":"artigiani-di-un-istituto-senza-frontiere-uniti-dallo-stesso-spirito","status":"publish","type":"post","link":"https:\/\/www.lasalle.org\/it\/artigiani-di-un-istituto-senza-frontiere-uniti-dallo-stesso-spirito\/","title":{"rendered":"Artigiani di un Istituto senza frontiere, uniti dallo stesso spirito"},"content":{"rendered":"<div class=\"pdfprnt-buttons pdfprnt-buttons-post pdfprnt-top-right\"><a href=\"https:\/\/www.lasalle.org\/it\/wp-json\/wp\/v2\/posts\/123000?print=pdf\" class=\"pdfprnt-button pdfprnt-button-pdf\" target=\"_blank\" ><img decoding=\"async\" src=\"https:\/\/www.lasalle.org\/wp-content\/plugins\/pdf-print\/images\/pdf.png\" alt=\"image_pdf\" title=\"Scarica il pdf\" \/><span class=\"pdfprnt-button-title pdfprnt-button-pdf-title\">PDF<\/span><\/a><a href=\"https:\/\/www.lasalle.org\/it\/wp-json\/wp\/v2\/posts\/123000?print=print\" class=\"pdfprnt-button pdfprnt-button-print\" target=\"_blank\" ><img decoding=\"async\" src=\"https:\/\/www.lasalle.org\/wp-content\/plugins\/pdf-print\/images\/print.png\" alt=\"image_print\" title=\"Stampa contenuto\" \/><span class=\"pdfprnt-button-title pdfprnt-button-print-title\">PRINT<\/span><\/a><\/div><div class=\"fusion-fullwidth fullwidth-box fusion-builder-row-1 fusion-flex-container nonhundred-percent-fullwidth non-hundred-percent-height-scrolling\" style=\"--awb-border-radius-top-left:0px;--awb-border-radius-top-right:0px;--awb-border-radius-bottom-right:0px;--awb-border-radius-bottom-left:0px;--awb-flex-wrap:wrap;\" ><div class=\"fusion-builder-row fusion-row fusion-flex-align-items-flex-start fusion-flex-content-wrap\" style=\"max-width:1248px;margin-left: calc(-4% \/ 2 );margin-right: calc(-4% \/ 2 );\"><div class=\"fusion-layout-column fusion_builder_column fusion-builder-column-0 fusion_builder_column_1_1 1_1 fusion-flex-column\" style=\"--awb-bg-size:cover;--awb-width-large:100%;--awb-margin-top-large:0px;--awb-spacing-right-large:1.92%;--awb-margin-bottom-large:0px;--awb-spacing-left-large:1.92%;--awb-width-medium:100%;--awb-spacing-right-medium:1.92%;--awb-spacing-left-medium:1.92%;--awb-width-small:100%;--awb-spacing-right-small:1.92%;--awb-spacing-left-small:1.92%;\"><div class=\"fusion-column-wrapper fusion-flex-justify-content-flex-start fusion-content-layout-column\"><div class=\"fusion-text fusion-text-1\"><p><img decoding=\"async\" class=\"alignleft size-medium wp-image-123017\" src=\"https:\/\/www.lasalle.org\/wp-content\/uploads\/2026\/02\/IMG_4100-300x200.jpg\" alt=\"\" width=\"300\" height=\"200\" srcset=\"https:\/\/www.lasalle.org\/wp-content\/uploads\/2026\/02\/IMG_4100-200x133.jpg 200w, https:\/\/www.lasalle.org\/wp-content\/uploads\/2026\/02\/IMG_4100-300x200.jpg 300w, https:\/\/www.lasalle.org\/wp-content\/uploads\/2026\/02\/IMG_4100-400x267.jpg 400w, https:\/\/www.lasalle.org\/wp-content\/uploads\/2026\/02\/IMG_4100-600x400.jpg 600w, https:\/\/www.lasalle.org\/wp-content\/uploads\/2026\/02\/IMG_4100-768x512.jpg 768w, https:\/\/www.lasalle.org\/wp-content\/uploads\/2026\/02\/IMG_4100-800x534.jpg 800w, https:\/\/www.lasalle.org\/wp-content\/uploads\/2026\/02\/IMG_4100-1200x800.jpg 1200w, https:\/\/www.lasalle.org\/wp-content\/uploads\/2026\/02\/IMG_4100.jpg 1228w\" sizes=\"(max-width: 300px) 100vw, 300px\" \/><span style=\"font-weight: 400;\">\u201cImmaginiamo un Istituto globale, senza frontiere (&#8230;), senza limiti geografici, linguistici o culturali, ma unito in un <\/span><b>unico cuore, una sola mente, un solo spirito<\/b><span style=\"font-weight: 400;\">\u201d. Con questo invito si \u00e8 concluso l&#8217;intervento di Fratel Armin Luistro, Superiore Generale dei Fratelli delle Scuole Cristiane, durante la terza <\/span><i><span style=\"font-weight: 400;\">Cluster Visit<\/span><\/i><span style=\"font-weight: 400;\"> che si \u00e8 svolta nella Casa Generalizia, a Roma, dal 16 al 20 febbraio, con la partecipazione di oltre 30 Fratelli e collaboratori laici lasalliani che esercitano la loro leadership in vari Distretti.<\/span><\/p>\n<p><span style=\"font-weight: 400;\">\u201c\u00c8 stato un processo che ha riunito i Distretti di tutto l&#8217;Istituto in tre gruppi diversi \u2013 tra il 2025 e il 2026 \u2013 e <\/span><b>ci ha permesso di vivere la bella esperienza di condividere i diversi contesti e realt\u00e0 da cui proveniamo, cercando di collegare la missione a tutti i livelli<\/b><span style=\"font-weight: 400;\">\u201d, spiega Fratel Chris Pati\u00f1o, Consigliere Generale, commentando che questi incontri hanno permesso di \u201criunire diverse voci in piccoli gruppi che ci consentono di evidenziare la ricchezza del nostro Istituto, cos\u00ec come le sfide, riconoscendo che nessuno cammina da solo\u201d.<\/span><\/p>\n<\/div><div class=\"fusion-title title fusion-title-1 fusion-sep-none fusion-title-text fusion-title-size-two\" style=\"--awb-text-color:var(--awb-custom17);--awb-font-size:22px;\"><h2 class=\"fusion-title-heading title-heading-left\" style=\"margin:0;font-size:1em;\"><b>\u201cOtri nuovi\u201d <\/b><\/h2><\/div><div class=\"fusion-text fusion-text-2\"><p><img decoding=\"async\" class=\"alignright size-medium wp-image-123009\" src=\"https:\/\/www.lasalle.org\/wp-content\/uploads\/2026\/02\/IMG_4069-300x200.jpg\" alt=\"\" width=\"300\" height=\"200\" srcset=\"https:\/\/www.lasalle.org\/wp-content\/uploads\/2026\/02\/IMG_4069-200x133.jpg 200w, https:\/\/www.lasalle.org\/wp-content\/uploads\/2026\/02\/IMG_4069-300x200.jpg 300w, https:\/\/www.lasalle.org\/wp-content\/uploads\/2026\/02\/IMG_4069-400x267.jpg 400w, https:\/\/www.lasalle.org\/wp-content\/uploads\/2026\/02\/IMG_4069-600x400.jpg 600w, https:\/\/www.lasalle.org\/wp-content\/uploads\/2026\/02\/IMG_4069-768x512.jpg 768w, https:\/\/www.lasalle.org\/wp-content\/uploads\/2026\/02\/IMG_4069-800x533.jpg 800w, https:\/\/www.lasalle.org\/wp-content\/uploads\/2026\/02\/IMG_4069.jpg 1187w\" sizes=\"(max-width: 300px) 100vw, 300px\" \/><span style=\"font-weight: 400;\">Infatti, queste visite \u2013 ispirate alla tradizione delle visite ad limina che i vescovi cattolici compiono periodicamente in piccoli gruppi, promuovendo l&#8217;unit\u00e0 e la comunione con il Vescovo di Roma \u2013 sono un&#8217;occasione per \u00abavviare un dialogo produttivo su questioni chiave, sia permanenti che emergenti, al fine di approfondire la nostra esperienza di <\/span><span style=\"font-weight: 400;\"><br \/>\n<\/span><i><span style=\"font-weight: 400;\">1La Salle<\/span><\/i><span style=\"font-weight: 400;\">\u00bb, afferma Fr. Armin, sottolineando l&#8217;importanza di creare \u201cnuovi otri per l&#8217;Istituto\u201d, poich\u00e9 \u201c<\/span><b>abbiamo bisogno di nuove strutture organizzative che possano favorire un cambiamento profondo e dare forma al nostro cammino collettivo verso il futuro<\/b><span style=\"font-weight: 400;\">\u201d.\u00a0<\/span><\/p>\n<p><span style=\"font-weight: 400;\">Questa prospettiva passa attraverso il riconoscimento che \u201cla nostra responsabilit\u00e0 di governance non pu\u00f2 limitarsi esclusivamente all&#8217;amministrazione operativa efficiente dei compiti assegnati\u201d, poich\u00e9 \u201cl&#8217;esperienza sinodale di ascoltare profondamente, discernere in comunit\u00e0 e agire in modo concertato\u201d oggi pu\u00f2 aiutarci ad \u201campliare la nostra consapevolezza e sensibilit\u00e0 verso i problemi che affrontano altri Distretti, specialmente per quanto riguarda le sfide che inizialmente possono sembrare troppo lontane dalla nostra esperienza\u201d, afferma il Fratello Superiore Generale, sottolineando che \u201c<\/span><b>per promuovere la missione lasalliana oggi, \u00e8 necessario sfruttare la portata globale dell&#8217;Istituto<\/b><span style=\"font-weight: 400;\">\u201d, poich\u00e9 \u201cogni Distretto apporta saggezza, contesto e buone pratiche\u201d.<\/span><\/p>\n<\/div><div class=\"fusion-title title fusion-title-2 fusion-sep-none fusion-title-text fusion-title-size-two\" style=\"--awb-text-color:var(--awb-custom17);--awb-font-size:22px;\"><h2 class=\"fusion-title-heading title-heading-left\" style=\"margin:0;font-size:1em;\"><b>Leadership sinodale<\/b><\/h2><\/div><div class=\"fusion-text fusion-text-3\"><p><span style=\"font-weight: 400;\"><img decoding=\"async\" class=\"alignleft size-medium wp-image-123013\" src=\"https:\/\/www.lasalle.org\/wp-content\/uploads\/2026\/02\/IMG_4088-300x200.jpg\" alt=\"\" width=\"300\" height=\"200\" srcset=\"https:\/\/www.lasalle.org\/wp-content\/uploads\/2026\/02\/IMG_4088-200x133.jpg 200w, https:\/\/www.lasalle.org\/wp-content\/uploads\/2026\/02\/IMG_4088-300x200.jpg 300w, https:\/\/www.lasalle.org\/wp-content\/uploads\/2026\/02\/IMG_4088-400x267.jpg 400w, https:\/\/www.lasalle.org\/wp-content\/uploads\/2026\/02\/IMG_4088-600x400.jpg 600w, https:\/\/www.lasalle.org\/wp-content\/uploads\/2026\/02\/IMG_4088-768x512.jpg 768w, https:\/\/www.lasalle.org\/wp-content\/uploads\/2026\/02\/IMG_4088-800x534.jpg 800w, https:\/\/www.lasalle.org\/wp-content\/uploads\/2026\/02\/IMG_4088-1200x801.jpg 1200w, https:\/\/www.lasalle.org\/wp-content\/uploads\/2026\/02\/IMG_4088.jpg 1313w\" sizes=\"(max-width: 300px) 100vw, 300px\" \/>\u201cUno stile di leadership sinodale consiste nell&#8217;ascoltare, incoraggiare la partecipazione e mettere in pratica ci\u00f2 che chiamiamo \u2018<\/span><b>discernimento ecclesiale per la missione<\/b><span style=\"font-weight: 400;\">\u2019\u201d, aveva precisato suor Nathalie Becquart, XMCJ, Vicaria Generale del Segretariato Generale del Sinodo, nel suo intervento durante la seconda giornata del <\/span><i><span style=\"font-weight: 400;\">Cluster Visit<\/span><\/i><span style=\"font-weight: 400;\">, sottolineando che \u201csi tratta di lasciare che lo Spirito Santo sia il vero leader\u201d. Nathalie Becquart, XMCJ, Sottosegretaria della Segreteria Generale del Sinodo, nel suo intervento durante la seconda giornata del Cluster Visit, precisando che \u201csi tratta di lasciare che lo Spirito Santo sia il vero leader e di discernere le nostre decisioni attraverso questo ascolto reciproco e processi di discernimento comune\u201d.\u00a0<\/span><\/p>\n<p><span style=\"font-weight: 400;\">\u201c\u00c8 quindi un modo di esercitare l&#8217;autorit\u00e0 in cui <\/span><b>non decidiamo da soli, perch\u00e9 ci arricchiamo di prospettive diverse per comprendere una situazione<\/b><span style=\"font-weight: 400;\">\u201d, \u2013 continua suor Nathalie \u2013; \u201cSi tratta quindi di una leadership collaborativa, una leadership discernente e, potremmo dire, una leadership di servizio\u201d.<\/span><\/p>\n<p><span style=\"font-weight: 400;\">Nelle parole di Fratel Carlos G\u00f3mez, Vicario Generale, \u201c<\/span><b>in un Istituto che assume la sinodalit\u00e0, la leadership si rinnova e si ripensa; implica decentramento comunitario e corresponsabilit\u00e0.<\/b><span style=\"font-weight: 400;\"> Cos\u00ec \u2013 sottolinea \u2013 ascolta prima, prega prima di decidere, includi prima di emarginare e presta attenzione alle voci che dissentono o mettono in discussione\u201d. Certamente, \u201cnon di rado la verit\u00e0 si trova ai margini e non nei centri di potere, n\u00e9 \u00e8 monopolio dei saggi, degli anziani o di coloro che detengono il potere\u201d.<\/span><\/p>\n<\/div><div class=\"fusion-title title fusion-title-3 fusion-sep-none fusion-title-text fusion-title-size-two\" style=\"--awb-text-color:var(--awb-custom17);--awb-font-size:22px;\"><h2 class=\"fusion-title-heading title-heading-left\" style=\"margin:0;font-size:1em;\"><b>Speranza attiva<\/b><\/h2><\/div><div class=\"fusion-text fusion-text-4\"><p>\u00a1<img decoding=\"async\" class=\"alignright size-medium wp-image-123005\" src=\"https:\/\/www.lasalle.org\/wp-content\/uploads\/2026\/02\/IMG_4060-300x200.jpg\" alt=\"\" width=\"300\" height=\"200\" srcset=\"https:\/\/www.lasalle.org\/wp-content\/uploads\/2026\/02\/IMG_4060-200x133.jpg 200w, https:\/\/www.lasalle.org\/wp-content\/uploads\/2026\/02\/IMG_4060-300x200.jpg 300w, https:\/\/www.lasalle.org\/wp-content\/uploads\/2026\/02\/IMG_4060-400x267.jpg 400w, https:\/\/www.lasalle.org\/wp-content\/uploads\/2026\/02\/IMG_4060-600x400.jpg 600w, https:\/\/www.lasalle.org\/wp-content\/uploads\/2026\/02\/IMG_4060-768x512.jpg 768w, https:\/\/www.lasalle.org\/wp-content\/uploads\/2026\/02\/IMG_4060-800x534.jpg 800w, https:\/\/www.lasalle.org\/wp-content\/uploads\/2026\/02\/IMG_4060-1200x801.jpg 1200w, https:\/\/www.lasalle.org\/wp-content\/uploads\/2026\/02\/IMG_4060.jpg 1313w\" sizes=\"(max-width: 300px) 100vw, 300px\" \/><span style=\"font-weight: 400;\">Oltre alla leadership e alla sinodalit\u00e0, Fratel Carlos fa riferimento alla speranza, \u201cquella virt\u00f9 sfuggente che deve diventare guida, motore e ispirazione della nostra missione\u201d. \u201c<\/span><b>La speranza \u00e8 una forza indomabile dello Spirito che ci spinge a vivere il piano di Dio e la generosa dedizione alla vocazione alla quale Dio ci chiama<\/b><span style=\"font-weight: 400;\">\u201d, spiega il Vicario Generale, aggiungendo che \u201cimplica impegno, serenit\u00e0, sguardo profondo, capacit\u00e0 di trasmettere vita, di guarire il dolore, di sognare orizzonti e camminare con gli altri, di chiederci nuovamente chi siamo e a cosa ci consacriamo, quali sono le motivazioni, chi sono i motori della nostra vita. Si tratta, quindi, di speranza attiva e non di ingenuo ottimismo\u201d.<\/span><\/p>\n<p><span style=\"font-weight: 400;\">Come artigiani di un Istituto che si costruisce \u201cdall&#8217;interno, dal basso, da vicino\u201d, oltre i confini, con dinamiche partecipative e inclusive, <\/span><b>l&#8217;esperienza del <\/b><b><i>Cluster Visit<\/i><\/b><b> intravede nuovi orizzonti di governance basati sulla speranza, la leadership e la sinodalit\u00e0, dove \u201cognuno ha qualcosa da imparare e qualcosa da insegnare<\/b><span style=\"font-weight: 400;\">\u201d. Perch\u00e9 la sinodalit\u00e0 \u00e8 un modo di \u201cessere Chiesa\u201d e anche un modo di \u201cessere Istituto\u201d che presuppone decentramento, discernimento comunitario e corresponsabilit\u00e0, generando processi di trasformazione nei Distretti e nelle Regioni, nella convinzione che siamo <\/span><i><span style=\"font-weight: 400;\">1La Salle<\/span><\/i><span style=\"font-weight: 400;\">: \u201cun solo cuore, una sola mente, un solo spirito\u201d, come ha affermato Fratel Armin.\u00a0<\/span><\/p>\n<p><span style=\"font-weight: 400;\">\u201cCredo che stiamo davvero assistendo a nuovi modi di operare, nuovi modi di capirci l&#8217;un l&#8217;altro e nuovi modi di sostenere la missione in tutto il mondo\u201d, ha affermato Tom Southard, Direttore Esecutivo della RELAN, nel fare il punto sull&#8217;incontro. Da parte sua, Fr. Moses Abunya, Visitatore Ausiliare del Distretto di Lwanga, \u00e8 convinto che <\/span><b>sia urgente il \u201cmutuo accompagnamento\u201d per camminare insieme<\/b><span style=\"font-weight: 400;\">, \u201cperch\u00e9 nessuno \u00e8 custode della conoscenza e della saggezza da solo\u201d. Ci\u00f2 implica anche, secondo Fratel Olavo Dalvit, Visitatore del Distretto Brasile-Cile, assumere nuovi impegni nei confronti dell&#8217;associazione di Fratelli e laici per la missione, affrontando la questione della formazione, dove \u201ci Distretti, in ogni comunit\u00e0, e come Istituto devono fare passi avanti e prendere iniziative ancora pi\u00f9 concrete\u201d. Di conseguenza, non si pu\u00f2 perdere di vista \u201cla nostra identit\u00e0 di Fratelli e il nostro ruolo in questo momento storico\u201d, conclude Fratel Olavo, ricordando che \u201csiamo Fratelli per il mondo, come dice Fratel Armin\u201d.<\/span><\/p>\n<\/div><div class=\"fusion-text fusion-text-5\"><div class=\"video-shortcode\"><iframe title=\"LaSalleOrg News | Artisans of an Institute without borders, united by the same spirit\" width=\"1200\" height=\"675\" src=\"https:\/\/www.youtube.com\/embed\/RXc00TwWL2s?feature=oembed\" frameborder=\"0\" allow=\"accelerometer; autoplay; clipboard-write; encrypted-media; gyroscope; picture-in-picture; web-share\" referrerpolicy=\"strict-origin-when-cross-origin\" allowfullscreen><\/iframe><\/div>\n<\/div><\/div><\/div><\/div><\/div>\n","protected":false},"excerpt":{"rendered":"","protected":false},"author":9,"featured_media":122992,"comment_status":"closed","ping_status":"closed","sticky":false,"template":"","format":"standard","meta":{"_tec_requires_first_save":true,"_monsterinsights_skip_tracking":false,"_monsterinsights_sitenote_active":false,"_monsterinsights_sitenote_note":"","_monsterinsights_sitenote_category":0,"_EventAllDay":false,"_EventTimezone":"","_EventStartDate":"","_EventEndDate":"","_EventStartDateUTC":"","_EventEndDateUTC":"","_EventShowMap":false,"_EventShowMapLink":false,"_EventURL":"","_EventCost":"","_EventCostDescription":"","_EventCurrencySymbol":"","_EventCurrencyCode":"","_EventCurrencyPosition":"","_EventDateTimeSeparator":"","_EventTimeRangeSeparator":"","_EventOrganizerID":[],"_EventVenueID":[],"_OrganizerEmail":"","_OrganizerPhone":"","_OrganizerWebsite":"","_VenueAddress":"","_VenueCity":"","_VenueCountry":"","_VenueProvince":"","_VenueState":"","_VenueZip":"","_VenuePhone":"","_VenueURL":"","_VenueStateProvince":"","_VenueLat":"","_VenueLng":"","_VenueShowMap":false,"_VenueShowMapLink":false,"_tribe_blocks_recurrence_rules":"","_tribe_blocks_recurrence_description":"","_tribe_blocks_recurrence_exclusions":"","footnotes":""},"categories":[3558,3274,3303,3366,3300],"tags":[],"class_list":["post-123000","post","type-post","status-publish","format-standard","has-post-thumbnail","hentry","category-casa-generalizia-it","category-consiglio-generale","category-eventi","category-notizie","category-superiore-generale"],"_links":{"self":[{"href":"https:\/\/www.lasalle.org\/it\/wp-json\/wp\/v2\/posts\/123000","targetHints":{"allow":["GET"]}}],"collection":[{"href":"https:\/\/www.lasalle.org\/it\/wp-json\/wp\/v2\/posts"}],"about":[{"href":"https:\/\/www.lasalle.org\/it\/wp-json\/wp\/v2\/types\/post"}],"author":[{"embeddable":true,"href":"https:\/\/www.lasalle.org\/it\/wp-json\/wp\/v2\/users\/9"}],"replies":[{"embeddable":true,"href":"https:\/\/www.lasalle.org\/it\/wp-json\/wp\/v2\/comments?post=123000"}],"version-history":[{"count":3,"href":"https:\/\/www.lasalle.org\/it\/wp-json\/wp\/v2\/posts\/123000\/revisions"}],"predecessor-version":[{"id":123026,"href":"https:\/\/www.lasalle.org\/it\/wp-json\/wp\/v2\/posts\/123000\/revisions\/123026"}],"wp:featuredmedia":[{"embeddable":true,"href":"https:\/\/www.lasalle.org\/it\/wp-json\/wp\/v2\/media\/122992"}],"wp:attachment":[{"href":"https:\/\/www.lasalle.org\/it\/wp-json\/wp\/v2\/media?parent=123000"}],"wp:term":[{"taxonomy":"category","embeddable":true,"href":"https:\/\/www.lasalle.org\/it\/wp-json\/wp\/v2\/categories?post=123000"},{"taxonomy":"post_tag","embeddable":true,"href":"https:\/\/www.lasalle.org\/it\/wp-json\/wp\/v2\/tags?post=123000"}],"curies":[{"name":"wp","href":"https:\/\/api.w.org\/{rel}","templated":true}]}}