{"id":125034,"date":"2026-04-24T14:23:19","date_gmt":"2026-04-24T12:23:19","guid":{"rendered":"https:\/\/www.lasalle.org\/?p=125034"},"modified":"2026-04-24T14:36:42","modified_gmt":"2026-04-24T12:36:42","slug":"gioia-nel-distretto-di-bogota-per-la-professione-perpetua-dei-fratelli-jesus-daniel-mosquera-e-juan-diego-ramirez","status":"publish","type":"post","link":"https:\/\/www.lasalle.org\/it\/gioia-nel-distretto-di-bogota-per-la-professione-perpetua-dei-fratelli-jesus-daniel-mosquera-e-juan-diego-ramirez\/","title":{"rendered":"Gioia nel Distretto di Bogot\u00e1 per la professione perpetua dei Fratelli Jes\u00fas Daniel Mosquera e Juan Diego Ram\u00edrez"},"content":{"rendered":"<div class=\"pdfprnt-buttons pdfprnt-buttons-post pdfprnt-top-right\"><a href=\"https:\/\/www.lasalle.org\/it\/wp-json\/wp\/v2\/posts\/125034?print=pdf\" class=\"pdfprnt-button pdfprnt-button-pdf\" target=\"_blank\" ><img decoding=\"async\" src=\"https:\/\/www.lasalle.org\/wp-content\/plugins\/pdf-print\/images\/pdf.png\" alt=\"image_pdf\" title=\"Scarica il pdf\" \/><span class=\"pdfprnt-button-title pdfprnt-button-pdf-title\">PDF<\/span><\/a><a href=\"https:\/\/www.lasalle.org\/it\/wp-json\/wp\/v2\/posts\/125034?print=print\" class=\"pdfprnt-button pdfprnt-button-print\" target=\"_blank\" ><img decoding=\"async\" src=\"https:\/\/www.lasalle.org\/wp-content\/plugins\/pdf-print\/images\/print.png\" alt=\"image_print\" title=\"Stampa contenuto\" \/><span class=\"pdfprnt-button-title pdfprnt-button-print-title\">PRINT<\/span><\/a><\/div><div class=\"fusion-fullwidth fullwidth-box fusion-builder-row-1 fusion-flex-container nonhundred-percent-fullwidth non-hundred-percent-height-scrolling\" style=\"--awb-border-radius-top-left:0px;--awb-border-radius-top-right:0px;--awb-border-radius-bottom-right:0px;--awb-border-radius-bottom-left:0px;--awb-flex-wrap:wrap;\" ><div class=\"fusion-builder-row fusion-row fusion-flex-align-items-flex-start fusion-flex-content-wrap\" style=\"max-width:1248px;margin-left: calc(-4% \/ 2 );margin-right: calc(-4% \/ 2 );\"><div class=\"fusion-layout-column fusion_builder_column fusion-builder-column-0 fusion_builder_column_1_1 1_1 fusion-flex-column\" style=\"--awb-bg-size:cover;--awb-width-large:100%;--awb-margin-top-large:0px;--awb-spacing-right-large:1.92%;--awb-margin-bottom-large:0px;--awb-spacing-left-large:1.92%;--awb-width-medium:100%;--awb-spacing-right-medium:1.92%;--awb-spacing-left-medium:1.92%;--awb-width-small:100%;--awb-spacing-right-small:1.92%;--awb-spacing-left-small:1.92%;\"><div class=\"fusion-column-wrapper fusion-flex-justify-content-flex-start fusion-content-layout-column\"><div class=\"fusion-text fusion-text-1\"><p><span style=\"font-weight: 400;\">In Colombia, sabato 25 aprile 2026, <\/span><b>i Fratelli Jes\u00fas Daniel Mosquera T\u00e9llez e Juan Diego Ram\u00edrez Gualdr\u00f3n, del Distretto Lasalliano di Bogot\u00e1, pronunceranno il loro \u201cs\u00ec\u201d definitivo a Dio come Fratelli delle Scuole Cristiane<\/b><span style=\"font-weight: 400;\">.<\/span><\/p>\n<p><span style=\"font-weight: 400;\">La celebrazione dei loro voti perpetui avr\u00e0 luogo nella Cappella di Nostra Signora della Stella, presso l\u2019Universit\u00e0 La Salle di Bogot\u00e1, e vedr\u00e0 la partecipazione di <\/span><b>Fr. Armin Luistro<\/b><span style=\"font-weight: 400;\">, Superiore Generale, e di Fr. Rafael Cer\u00f3n, Consigliere Generale, nonch\u00e9 di un nutrito gruppo di Fratelli e Lasalliani del Distretto di Bogot\u00e1.<\/span><\/p>\n<\/div><div class=\"fusion-title title fusion-title-1 fusion-sep-none fusion-title-text fusion-title-size-two\" style=\"--awb-text-color:var(--awb-custom17);--awb-font-size:22px;\"><h2 class=\"fusion-title-heading title-heading-left\" style=\"margin:0;font-size:1em;\"><b>\u201cDio mi chiama a vivere in comunione\u201d<\/b><\/h2><\/div><div class=\"fusion-text fusion-text-2\"><p><img decoding=\"async\" class=\"alignright size-medium wp-image-125028\" src=\"https:\/\/www.lasalle.org\/wp-content\/uploads\/2026\/04\/5313-240x300.jpg\" alt=\"\" width=\"240\" height=\"300\" srcset=\"https:\/\/www.lasalle.org\/wp-content\/uploads\/2026\/04\/5313-200x250.jpg 200w, https:\/\/www.lasalle.org\/wp-content\/uploads\/2026\/04\/5313-240x300.jpg 240w, https:\/\/www.lasalle.org\/wp-content\/uploads\/2026\/04\/5313-400x500.jpg 400w, https:\/\/www.lasalle.org\/wp-content\/uploads\/2026\/04\/5313-600x750.jpg 600w, https:\/\/www.lasalle.org\/wp-content\/uploads\/2026\/04\/5313-768x960.jpg 768w, https:\/\/www.lasalle.org\/wp-content\/uploads\/2026\/04\/5313-800x1000.jpg 800w, https:\/\/www.lasalle.org\/wp-content\/uploads\/2026\/04\/5313-819x1024.jpg 819w, https:\/\/www.lasalle.org\/wp-content\/uploads\/2026\/04\/5313.jpg 1024w\" sizes=\"(max-width: 240px) 100vw, 240px\" \/><span style=\"font-weight: 400;\">Fr. Jes\u00fas Daniel \u00e8 nato a Gigante (Huila), nel sud-ovest della Colombia, il 24 dicembre 1996. <\/span><b>Si \u00e8 diplomato alla Escuela Normal Superior de Gigante<\/b><span style=\"font-weight: 400;\">, dove ha conosciuto i Fratelli de La Salle.<\/span><\/p>\n<p><span style=\"font-weight: 400;\">Con il sostegno dei suoi genitori \u2013 Deysi T\u00e9llez e Ovidio Mosquera \u2013 ha iniziato il suo percorso di formazione nel Postulato di San Jos\u00e9 de Guausa (Ch\u00eda, Cundinamarca) nel gennaio 2015. Successivamente ha proseguito il suo cammino vocazionale nel prenoviziato presso il Liceo Hermano Miguel, a Bogot\u00e1, ed <\/span><b>\u00e8 entrato in noviziato, in Costa Rica, l\u20198 dicembre 2017<\/b><span style=\"font-weight: 400;\">. Tra il 2019 e il 2021 ha frequentato lo Scolasticato, sempre a Bogot\u00e1, integrandosi nelle comunit\u00e0 delle Istituzioni Educative Distrettuali Juan Luis Londo\u00f1o, in un primo momento, e Rogelio Salmona, successivamente, mentre concludeva i suoi studi di Laurea in Educazione Religiosa Scolastica presso l\u2019Universit\u00e0 La Salle.<\/span><\/p>\n<p><span style=\"font-weight: 400;\">\u201cLe mie convinzioni come religioso lasalliano nascono dalla certezza che Dio Trinit\u00e0 mi chiama a vivere in comunione, a <\/span><b>fare della mia vita un dono per gli altri<\/b><span style=\"font-weight: 400;\"> e ad annunciare il suo amore soprattutto attraverso l\u2019educazione\u201d, afferma Fr. Jes\u00fas Daniel.\u00a0<\/span><\/p>\n<p><span style=\"font-weight: 400;\">\u201cCredo profondamente nella dignit\u00e0 di ogni persona, nella forza trasformatrice della scuola e <\/span><b>nella fraternit\u00e0 come via concreta per rendere visibile il Regno di Dio<\/b><span style=\"font-weight: 400;\">\u201d, aggiunge.<\/span><\/p>\n<p><span style=\"font-weight: 400;\">Per questo, come religioso educatore, desidera <\/span><b>essere un segno di speranza per i bambini e i giovani pi\u00f9 poveri<\/b><span style=\"font-weight: 400;\">: \u201cDesidero formare cuori sensibili, menti critiche e spiriti aperti a Dio; sogno comunit\u00e0 educative in cui si respirino fraternit\u00e0, giustizia e cura della vita, dove ogni studente si senta amato e capace di trasformare la propria realt\u00e0. Sogno anche una vita comunitaria autentica, dove la condivisione quotidiana sia testimonianza di fede, gioia e dedizione, perch\u00e9 \u2018il nostro pi\u00f9 grande segreto e tesoro \u00e8 essere Fratelli\u2019\u201d.<\/span><\/p>\n<p><b>Questi sogni hanno preso forma <\/b><span style=\"font-weight: 400;\">nelle diverse istituzioni scolastiche in cui ha ricoperto il ruolo di docente e coordinatore pastorale, come il Politecnico \u00c1lvaro Gonz\u00e1lez Santana, nella citt\u00e0 di Sogamoso, tra il 2022 e il 2024, e ora presso l&#8217;Istituzione Educativa Dante Alighieri, a San Vicente del Cagu\u00e1n \u2013 nell&#8217;Amazzonia colombiana \u2013 dove ricopre il ruolo di Coordinatore della Convivialit\u00e0 e dello Sviluppo Umano.<\/span><\/p>\n<\/div><div class=\"fusion-title title fusion-title-2 fusion-sep-none fusion-title-text fusion-title-size-two\" style=\"--awb-text-color:var(--awb-custom17);--awb-font-size:22px;\"><h2 class=\"fusion-title-heading title-heading-left\" style=\"margin:0;font-size:1em;\"><b>\u201cTrasmettere la voglia di vivere e di amare la vita, di scoprire che siamo tutti fratelli\u201d<\/b><\/h2><\/div><div class=\"fusion-text fusion-text-3\"><p><span style=\"font-weight: 400;\">Da parte sua, Fratel Juan Diego \u00e8 originario della citt\u00e0 di confine di C\u00facuta, vicino al Venezuela, dove \u00e8 nato il 10 marzo 1999. L\u00ec <\/span><b>ha studiato presso l\u2019Istituto scolastico Sagrado Coraz\u00f3n de Jes\u00fas<\/b><span style=\"font-weight: 400;\"> \u2013 diretto dai Fratelli delle Scuole Cristiane \u2013 dove nel 2015 ha conseguito il diploma tecnico in progettazione e integrazione multimediale.<\/span><\/p>\n<p><span style=\"font-weight: 400;\">\u00c8 entrato nel Postulantato nel 2016 \u2013 sempre a San Jos\u00e9 de Guausa \u2013 e nei due anni successivi ha frequentato il Prenoviziato presso il Liceo Hermano Miguel. <\/span><b>Nel gennaio 2019 ha iniziato il suo anno di formazione nel Noviziato in Costa Rica.<\/b><\/p>\n<p><span style=\"font-weight: 400;\">Dopo aver svolto il suo ministero educativo e pastorale nelle comunit\u00e0 di Juan Luis Londo\u00f1o (2020), Rogelio Salmona (2021) e del Liceo Hermano Miguel (2022), durante il periodo dello Scolasticato, in cui ha anche conseguito la laurea in Educazione religiosa scolastica, Fr. Juan Diego <\/span><b>\u00e8 stato docente e coordinatore presso l\u2019Istituto scolastico Dante Alighieri<\/b><span style=\"font-weight: 400;\">.<\/span><\/p>\n<p><span style=\"font-weight: 400;\">Attualmente fa parte della comunit\u00e0 dei Fratelli di Tijuana, in Bassa California (Messico), dove \u00e8 docente presso il Centro di Formazione Integrale La Salle, legato al <\/span><b><i>Movimento Levadura<\/i><\/b><span style=\"font-weight: 400;\">.<\/span><\/p>\n<p><span style=\"font-weight: 400;\">\u201cIn questo momento della mia vita ho deciso di consacrarmi a Dio \u2018interamente\u2019 e per tutta la vita\u201d, afferma con convinzione Fr. Juan Diego, richiamando una frase ispiratrice attribuita a F\u00ebdor Dostoevskij: \u201c<\/span><b>Il segreto dell\u2019esistenza umana non sta solo nel vivere, ma nel sapere per cosa si vive<\/b><span style=\"font-weight: 400;\">\u201d.<\/span><\/p>\n<p><span style=\"font-weight: 400;\">\u201cDopo la mia esperienza a Cagu\u00e1n e quella che sto vivendo in Messico, ci\u00f2 che oggi mi permette di consacrarmi a Dio per tutta la vita \u00e8 sapere per cosa vivo, \u00e8 sapere che ho la possibilit\u00e0 di trasmettere il desiderio di vivere e di amare la vita, di sognare e di lavorare per i sogni, di costruire e crescere con gli altri, di smettere di vederci come nemici e scoprirci fratelli, di <\/span><b>prendere coscienza che un altro mondo \u00e8 possibile, che un\u2019altra Colombia \u00e8 possibile<\/b><span style=\"font-weight: 400;\">\u201d, continua il giovane religioso.<\/span><\/p>\n<p><span style=\"font-weight: 400;\">\u201cDesidero profondamente <\/span><b>che la mia vita di Fratello continui a essere quella risposta alla domanda sul perch\u00e9 vivo<\/b><span style=\"font-weight: 400;\"> e, cos\u00ec, continuare ad essere, forse per qualcuno, una ragione per vivere e per sperare\u201d, conclude Fr. Juan Diego.<\/span><\/p>\n<p><span style=\"font-weight: 400;\">Come Lasalliani <\/span><b>rendiamo grazie a Dio, insieme al Distretto di Bogot\u00e1, per la consacrazione definitiva al Signore dei Fratelli Jes\u00fas Daniel Mosquera e Juan Diego Ram\u00edrez<\/b><span style=\"font-weight: 400;\">. Chiediamo a San Giovanni Battista de La Salle di intercedere affinch\u00e9 continuino a rafforzare il loro cammino evangelico e vocazionale, d&#8217;impegno in impegno.<\/span><\/p>\n<\/div><div class=\"fusion-text fusion-text-4\" style=\"--awb-font-size:16px;\"><p><i><span style=\"font-weight: 400;\">* Articolo redatto in collaborazione con il Distretto di Bogot\u00e1. Foto: archivio privato.<\/span><\/i><\/p>\n<\/div><\/div><\/div><\/div><\/div>\n","protected":false},"excerpt":{"rendered":"","protected":false},"author":9,"featured_media":125026,"comment_status":"closed","ping_status":"closed","sticky":false,"template":"","format":"standard","meta":{"_tec_requires_first_save":true,"_monsterinsights_skip_tracking":false,"_monsterinsights_sitenote_active":false,"_monsterinsights_sitenote_note":"","_monsterinsights_sitenote_category":0,"_EventAllDay":false,"_EventTimezone":"","_EventStartDate":"","_EventEndDate":"","_EventStartDateUTC":"","_EventEndDateUTC":"","_EventShowMap":false,"_EventShowMapLink":false,"_EventURL":"","_EventCost":"","_EventCostDescription":"","_EventCurrencySymbol":"","_EventCurrencyCode":"","_EventCurrencyPosition":"","_EventDateTimeSeparator":"","_EventTimeRangeSeparator":"","_EventOrganizerID":[],"_EventVenueID":[],"_OrganizerEmail":"","_OrganizerPhone":"","_OrganizerWebsite":"","_VenueAddress":"","_VenueCity":"","_VenueCountry":"","_VenueProvince":"","_VenueState":"","_VenueZip":"","_VenuePhone":"","_VenueURL":"","_VenueStateProvince":"","_VenueLat":"","_VenueLng":"","_VenueShowMap":false,"_VenueShowMapLink":false,"_tribe_blocks_recurrence_rules":"","_tribe_blocks_recurrence_description":"","_tribe_blocks_recurrence_exclusions":"","footnotes":""},"categories":[3366,3488],"tags":[],"class_list":["post-125034","post","type-post","status-publish","format-standard","has-post-thumbnail","hentry","category-notizie","category-relal-it"],"_links":{"self":[{"href":"https:\/\/www.lasalle.org\/it\/wp-json\/wp\/v2\/posts\/125034","targetHints":{"allow":["GET"]}}],"collection":[{"href":"https:\/\/www.lasalle.org\/it\/wp-json\/wp\/v2\/posts"}],"about":[{"href":"https:\/\/www.lasalle.org\/it\/wp-json\/wp\/v2\/types\/post"}],"author":[{"embeddable":true,"href":"https:\/\/www.lasalle.org\/it\/wp-json\/wp\/v2\/users\/9"}],"replies":[{"embeddable":true,"href":"https:\/\/www.lasalle.org\/it\/wp-json\/wp\/v2\/comments?post=125034"}],"version-history":[{"count":1,"href":"https:\/\/www.lasalle.org\/it\/wp-json\/wp\/v2\/posts\/125034\/revisions"}],"predecessor-version":[{"id":125035,"href":"https:\/\/www.lasalle.org\/it\/wp-json\/wp\/v2\/posts\/125034\/revisions\/125035"}],"wp:featuredmedia":[{"embeddable":true,"href":"https:\/\/www.lasalle.org\/it\/wp-json\/wp\/v2\/media\/125026"}],"wp:attachment":[{"href":"https:\/\/www.lasalle.org\/it\/wp-json\/wp\/v2\/media?parent=125034"}],"wp:term":[{"taxonomy":"category","embeddable":true,"href":"https:\/\/www.lasalle.org\/it\/wp-json\/wp\/v2\/categories?post=125034"},{"taxonomy":"post_tag","embeddable":true,"href":"https:\/\/www.lasalle.org\/it\/wp-json\/wp\/v2\/tags?post=125034"}],"curies":[{"name":"wp","href":"https:\/\/api.w.org\/{rel}","templated":true}]}}