{"id":125211,"date":"2026-04-30T12:40:28","date_gmt":"2026-04-30T10:40:28","guid":{"rendered":"https:\/\/www.lasalle.org\/?p=125211"},"modified":"2026-04-30T14:35:18","modified_gmt":"2026-04-30T12:35:18","slug":"nelle-filippine-la-de-la-salle-university-dasmarinas-sta-cambiando-la-vita-dei-giovani-rifugiati-rohingya","status":"publish","type":"post","link":"https:\/\/www.lasalle.org\/it\/nelle-filippine-la-de-la-salle-university-dasmarinas-sta-cambiando-la-vita-dei-giovani-rifugiati-rohingya\/","title":{"rendered":"Nelle Filippine, la De La Salle University-Dasmari\u00f1as sta cambiando la vita dei giovani rifugiati Rohingya"},"content":{"rendered":"<div class=\"pdfprnt-buttons pdfprnt-buttons-post pdfprnt-top-right\"><a href=\"https:\/\/www.lasalle.org\/it\/wp-json\/wp\/v2\/posts\/125211?print=pdf\" class=\"pdfprnt-button pdfprnt-button-pdf\" target=\"_blank\" ><img decoding=\"async\" src=\"https:\/\/www.lasalle.org\/wp-content\/plugins\/pdf-print\/images\/pdf.png\" alt=\"image_pdf\" title=\"Scarica il pdf\" \/><span class=\"pdfprnt-button-title pdfprnt-button-pdf-title\">PDF<\/span><\/a><a href=\"https:\/\/www.lasalle.org\/it\/wp-json\/wp\/v2\/posts\/125211?print=print\" class=\"pdfprnt-button pdfprnt-button-print\" target=\"_blank\" ><img decoding=\"async\" src=\"https:\/\/www.lasalle.org\/wp-content\/plugins\/pdf-print\/images\/print.png\" alt=\"image_print\" title=\"Stampa contenuto\" \/><span class=\"pdfprnt-button-title pdfprnt-button-print-title\">PRINT<\/span><\/a><\/div><div class=\"fusion-fullwidth fullwidth-box fusion-builder-row-1 fusion-flex-container nonhundred-percent-fullwidth non-hundred-percent-height-scrolling\" style=\"--awb-border-radius-top-left:0px;--awb-border-radius-top-right:0px;--awb-border-radius-bottom-right:0px;--awb-border-radius-bottom-left:0px;--awb-flex-wrap:wrap;\" ><div class=\"fusion-builder-row fusion-row fusion-flex-align-items-flex-start fusion-flex-content-wrap\" style=\"max-width:1248px;margin-left: calc(-4% \/ 2 );margin-right: calc(-4% \/ 2 );\"><div class=\"fusion-layout-column fusion_builder_column fusion-builder-column-0 fusion_builder_column_1_1 1_1 fusion-flex-column\" style=\"--awb-bg-size:cover;--awb-width-large:100%;--awb-margin-top-large:0px;--awb-spacing-right-large:1.92%;--awb-margin-bottom-large:0px;--awb-spacing-left-large:1.92%;--awb-width-medium:100%;--awb-spacing-right-medium:1.92%;--awb-spacing-left-medium:1.92%;--awb-width-small:100%;--awb-spacing-right-small:1.92%;--awb-spacing-left-small:1.92%;\"><div class=\"fusion-column-wrapper fusion-flex-justify-content-flex-start fusion-content-layout-column\"><div class=\"fusion-text fusion-text-1\"><p><i><span style=\"font-weight: 400;\">\u201cDove il cuore trova una casa\u201d<\/span><\/i><span style=\"font-weight: 400;\"> (\u201c<\/span><i><span style=\"font-weight: 400;\">Where the heart finds a home<\/span><\/i><span style=\"font-weight: 400;\">\u201d) \u00e8 il titolo dell\u2019ultima storia pubblicata dal <\/span><span style=\"font-weight: 400;\">De La Salle University-Damari\u00f1as<\/span><span style=\"font-weight: 400;\">, in formato video, nell\u2019ambito del <\/span><a href=\"https:\/\/www.facebook.com\/profile.php?id=61562432970199\"><i><span style=\"font-weight: 400;\">Festival de la Misi\u00f3n Lasaliana<\/span><\/i><\/a><span style=\"font-weight: 400;\">* (<\/span><i><span style=\"font-weight: 400;\">Lasallian Mission Festival<\/span><\/i><span style=\"font-weight: 400;\">) che si celebra questa settimana, con lo scopo di riflettere su come la <\/span><b>Missione Lasalliana continui a trasformare le vite, specialmente quelle di coloro che sono stati colpiti dal conflitto e dallo sfollamento<\/b><span style=\"font-weight: 400;\">.<\/span><\/p>\n<p><span style=\"font-weight: 400;\">\u201cPi\u00f9 che una serie di attivit\u00e0, il Festival \u00e8 un invito a rinnovare il nostro impegno con la Missione Lasalliana: formare comunit\u00e0 che difendano la dignit\u00e0 umana, promuovano l\u2019inclusione e rispondano in modo concreto alle necessit\u00e0 dei tempi\u201d, commenta il direttore della Missione Lasalliana, Jose Ritche. In questo senso, aggiunge, \u201cle storie di Ash e Lio sono state condivise come potenti testimonianze di speranza, resilienza e accompagnamento, ricordandoci che <\/span><b>la Missione Lasalliana va oltre l\u2019aula e si concretizza nel modo in cui accogliamo, accompagniamo e responsabilizziamo gli altri<\/b><span style=\"font-weight: 400;\">\u201d.<\/span><\/p>\n<p><span style=\"font-weight: 400;\">Il cortometraggio \u2013 della durata di 13 minuti e 2 secondi e girato in inglese \u2013\u00a0 racconta la storia di <\/span><b>Shafiul Kader (Lio) e Asmatullah (Ash), due giovani originari del Myanmar che da bambini sono emigrati in Malesia<\/b><span style=\"font-weight: 400;\"> insieme alle loro famiglie, in fuga dalle persecuzioni e dalle violenze contro i Rohingya.<\/span><\/p>\n<\/div><div class=\"fusion-title title fusion-title-1 fusion-sep-none fusion-title-text fusion-title-size-two\" style=\"--awb-text-color:var(--awb-custom17);--awb-font-size:22px;\"><h2 class=\"fusion-title-heading title-heading-left\" style=\"margin:0;font-size:1em;\"><b>Una comunit\u00e0 apolide e perseguitata<\/b><\/h2><\/div><div class=\"fusion-text fusion-text-2\"><p><span style=\"font-weight: 400;\"><img decoding=\"async\" class=\"alignright size-medium wp-image-125201\" src=\"https:\/\/www.lasalle.org\/wp-content\/uploads\/2026\/04\/STRATCOM-12-300x169.jpg\" alt=\"\" width=\"300\" height=\"169\" srcset=\"https:\/\/www.lasalle.org\/wp-content\/uploads\/2026\/04\/STRATCOM-12-200x112.jpg 200w, https:\/\/www.lasalle.org\/wp-content\/uploads\/2026\/04\/STRATCOM-12-300x169.jpg 300w, https:\/\/www.lasalle.org\/wp-content\/uploads\/2026\/04\/STRATCOM-12-400x225.jpg 400w, https:\/\/www.lasalle.org\/wp-content\/uploads\/2026\/04\/STRATCOM-12-600x337.jpg 600w, https:\/\/www.lasalle.org\/wp-content\/uploads\/2026\/04\/STRATCOM-12-768x432.jpg 768w, https:\/\/www.lasalle.org\/wp-content\/uploads\/2026\/04\/STRATCOM-12-800x450.jpg 800w, https:\/\/www.lasalle.org\/wp-content\/uploads\/2026\/04\/STRATCOM-12-1200x675.jpg 1200w, https:\/\/www.lasalle.org\/wp-content\/uploads\/2026\/04\/STRATCOM-12-1536x864.jpg 1536w, https:\/\/www.lasalle.org\/wp-content\/uploads\/2026\/04\/STRATCOM-12-1800x1012.jpg 1800w\" sizes=\"(max-width: 300px) 100vw, 300px\" \/><\/span><span style=\"font-weight: 400;\">Il conflitto dei Rohingya ha lasciato questa comunit\u00e0 senza patria ed esposta alla persecuzione. <\/span><b>Nel 2017, la violenza militare ha costretto oltre 700.000 Rohingya a fuggire in Bangladesh<\/b><span style=\"font-weight: 400;\">.<\/span><\/p>\n<p><span style=\"font-weight: 400;\">\u201cQuando avevo circa sette anni, mi sono trasferito in Malesia con i miei genitori\u201d, ricorda Lio. \u201cCos\u00ec ho studiato l\u00ec. Ho finito le scuole superiori. Da piccolo volevo diventare un calciatore. Mi ispirava Lionel Messi, il miglior giocatore di tutti i tempi. E da allora adoro guardare il calcio e giocare a calcio. <\/span><b>Ma siccome non ho un paese, ho lasciato che quel sogno svanisse<\/b><span style=\"font-weight: 400;\">\u201d.<\/span><\/p>\n<p><span style=\"font-weight: 400;\">\u201cQuando \u00e8 scoppiata la guerra nel 2017, tutti i miei parenti sono dovuti fuggire dal Paese ed emigrare in Bangladesh\u201d, prosegue Lio. Cos\u00ec ora si trovano tutti nei campi profughi del Bangladesh. E la vita l\u00ec \u00e8 molto dura. Quando ci penso&#8230; mi sento davvero male (\u2026). <\/span><b>Diverse famiglie condividono un unico bagno (\u2026) e vivono in tende. Quando piove, il terreno diventa molto fangoso<\/b><span style=\"font-weight: 400;\">\u201d.<\/span><\/p>\n<p><span style=\"font-weight: 400;\">Ash, dal canto suo, \u00e8 emigrato in Malesia quando era molto piccolo, all\u2019et\u00e0 di cinque o sei anni. \u201cNon sapevo molto di ci\u00f2 che stava accadendo in Myanmar\u201d, racconta. \u201c<\/span><b>Ho chiesto ai miei genitori perch\u00e9 fossimo venuti qui. Tutti mi hanno risposto che era a causa della guerra in corso. Insomma, tutti volevano mettersi in salvo<\/b><span style=\"font-weight: 400;\">\u201d.<\/span><\/p>\n<p><span style=\"font-weight: 400;\">La barriera linguistica \u00e8 stata una delle sue prime sfide: \u201cAll\u2019inizio \u00e8 stato un po\u2019 difficile perch\u00e9 volevo comunicare con la gente del posto. Ci prendevano in giro (\u2026). Cos\u00ec, ogni volta che andavamo a giocare a calcio, ci dicevano che non potevamo giocare l\u00ec, perch\u00e9 non eravamo di quel paese (\u2026). Abbiamo affrontato molte difficolt\u00e0, come le prese in giro e le critiche, ma poi, <b>man mano che crescevamo, abbiamo iniziato a imparare la loro lingua e a fare amicizia. <\/b>Hanno iniziato ad accettarci, anche se non tutti\u201d.<br \/>\n<\/span><\/p>\n<\/div><div class=\"fusion-title title fusion-title-2 fusion-sep-none fusion-title-text fusion-title-size-two\" style=\"--awb-text-color:var(--awb-custom17);--awb-font-size:22px;\"><h2 class=\"fusion-title-heading title-heading-left\" style=\"margin:0;font-size:1em;\"><b>Un raggio di speranza attraverso l&#8217;istruzione<\/b><\/h2><\/div><div class=\"fusion-text fusion-text-3\"><div id=\"attachment_125203\" style=\"width: 310px\" class=\"wp-caption alignleft\"><img decoding=\"async\" aria-describedby=\"caption-attachment-125203\" class=\"size-medium wp-image-125203\" src=\"https:\/\/www.lasalle.org\/wp-content\/uploads\/2026\/04\/Ash_STRATCOM-12-2-300x169.jpg\" alt=\"\" width=\"300\" height=\"169\" srcset=\"https:\/\/www.lasalle.org\/wp-content\/uploads\/2026\/04\/Ash_STRATCOM-12-2-200x112.jpg 200w, https:\/\/www.lasalle.org\/wp-content\/uploads\/2026\/04\/Ash_STRATCOM-12-2-300x169.jpg 300w, https:\/\/www.lasalle.org\/wp-content\/uploads\/2026\/04\/Ash_STRATCOM-12-2-400x225.jpg 400w, https:\/\/www.lasalle.org\/wp-content\/uploads\/2026\/04\/Ash_STRATCOM-12-2-600x337.jpg 600w, https:\/\/www.lasalle.org\/wp-content\/uploads\/2026\/04\/Ash_STRATCOM-12-2-768x432.jpg 768w, https:\/\/www.lasalle.org\/wp-content\/uploads\/2026\/04\/Ash_STRATCOM-12-2-800x450.jpg 800w, https:\/\/www.lasalle.org\/wp-content\/uploads\/2026\/04\/Ash_STRATCOM-12-2-1200x675.jpg 1200w, https:\/\/www.lasalle.org\/wp-content\/uploads\/2026\/04\/Ash_STRATCOM-12-2-1536x864.jpg 1536w, https:\/\/www.lasalle.org\/wp-content\/uploads\/2026\/04\/Ash_STRATCOM-12-2-1800x1012.jpg 1800w\" sizes=\"(max-width: 300px) 100vw, 300px\" \/><p id=\"caption-attachment-125203\" class=\"wp-caption-text\"><span style=\"font-size: 8pt;\">Ash<\/span><\/p><\/div>\n<p>I Rohingya continuano a essere uno dei gruppi di apolidi pi\u00f9 numerosi al mondo, e alcuni paesi offrono loro rifugio, ma non la piena cittadinanza. Tuttavia, Lio e Ash non hanno perso la speranza e <b>hanno aderito al programma<\/b> <b><i>Complementary Pathways <\/i><\/b><b>(CPath) delle Filippine<\/b>, <b>promosso dalle Nazioni Unite<\/b>, per fornire ad alcuni rifugiati Rohingya sfollati nel Sud-Est asiatico, un percorso sicuro e regolamentato di ammissione e soggiorno nelle Filippine attraverso l&#8217;istruzione, in modo da poter soddisfare le loro esigenze di protezione e i loro diritti fondamentali.<\/p>\n<p><span style=\"font-weight: 400;\">\u201c\u00c8 stato l\u2019Alto Commissariato delle Nazioni Unite per i Rifugiati (UNHCR) a contattare diverse universit\u00e0 filippine, tra cui il <\/span><i><span style=\"font-weight: 400;\">Columban College<\/span><\/i><span style=\"font-weight: 400;\"> e la <\/span><span style=\"font-weight: 400;\">De La Salle Brothers, Inc. (DLSBI)<\/span><span style=\"font-weight: 400;\">\u201d, commenta Jose Ritche. \u201cPartendo da questa rete iniziale, l\u2019iniziativa si \u00e8 trasformata in un consorzio che ora si chiama Pathways Pilipinas, un gruppo di istituzioni educative che attuano il Programma CPath nelle Filippine\u201d, di cui fa parte la <\/span><span style=\"font-weight: 400;\">De La Salle University-Damari\u00f1as<\/span><span style=\"font-weight: 400;\">**.<\/span><\/p>\n<p><span style=\"font-weight: 400;\">\u201cQuando ho saputo di questo programma, mi sono rallegrato moltissimo perch\u00e9 ho sentito di avere l\u2019opportunit\u00e0 di cambiare il mio futuro\u201d, afferma con entusiasmo Ash. \u201cVoglio rompere quel circolo vizioso, il circolo vizioso dell\u2019essere rifugiato. Provengo da una famiglia in cui nessuno aveva mai frequentato l\u2019universit\u00e0 prima d\u2019ora. Quindi <\/span><b>sono il primo della mia famiglia a conseguire una laurea, qui nella mia universit\u00e0<\/b><span style=\"font-weight: 400;\">\u201d.<\/span><\/p>\n<p><span style=\"font-weight: 400;\">Da parte sua, Lio dice: \u201cSono molto grato per questa opportunit\u00e0 che mi \u00e8 stata offerta. \u00c8 qualcosa di molto raro. E <\/span><b>le Filippine sono l\u2019unico paese che ha concesso borse di studio ai rifugiati Rohingya che si trovano in Malesia e in Bangladesh<\/b><span style=\"font-weight: 400;\">. Quando finir\u00f2 i miei studi, spero di poter restituire qualcosa alla comunit\u00e0 di La Salle\u201d, sostiene.<\/span><\/p>\n<p><span style=\"font-weight: 400;\">In qualit\u00e0 di borsisti del programma CPath, Lio e Ash <\/span><b>ricevono il sostegno della De La Salle University-Damari\u00f1as per il proseguimento dei loro studi superiori<\/b><span style=\"font-weight: 400;\">, oltre a un contributo mensile per le spese di sostentamento, la partecipazione ad altri programmi di sviluppo e l&#8217;alloggio gratuito nelle strutture residenziali dell&#8217;universit\u00e0.<\/span><\/p>\n<p><span style=\"font-weight: 400;\">\u201c<\/span><b>Quando la nostra Universit\u00e0 ha accettato l\u2019invito a partecipare all\u2019iniziativa, ha riconosciuto un richiamo sempre pi\u00f9 forte ad abbracciare l\u2019inclusione e la diversit\u00e0. <\/b><span style=\"font-weight: 400;\">I rifugiati Rohingya sono la popolazione pi\u00f9 numerosa e pi\u00f9 colpita, privata della cittadinanza e vittima di persecuzioni\u201d, afferma il direttore della Missione Lasalliana<\/span><b>.\u00a0<\/b><\/p>\n<\/div><div class=\"fusion-title title fusion-title-3 fusion-sep-none fusion-title-text fusion-title-size-two\" style=\"--awb-text-color:var(--awb-custom17);--awb-font-size:22px;\"><h2 class=\"fusion-title-heading title-heading-left\" style=\"margin:0;font-size:1em;\"><b>Insieme come un&#8217;unica famiglia lasalliana<\/b><\/h2><\/div><div class=\"fusion-text fusion-text-4\"><div id=\"attachment_125204\" style=\"width: 310px\" class=\"wp-caption alignright\"><img decoding=\"async\" aria-describedby=\"caption-attachment-125204\" class=\"size-medium wp-image-125204\" src=\"https:\/\/www.lasalle.org\/wp-content\/uploads\/2026\/04\/Lio_STRATCOM-26-2-300x169.jpg\" alt=\"\" width=\"300\" height=\"169\" srcset=\"https:\/\/www.lasalle.org\/wp-content\/uploads\/2026\/04\/Lio_STRATCOM-26-2-200x112.jpg 200w, https:\/\/www.lasalle.org\/wp-content\/uploads\/2026\/04\/Lio_STRATCOM-26-2-300x169.jpg 300w, https:\/\/www.lasalle.org\/wp-content\/uploads\/2026\/04\/Lio_STRATCOM-26-2-400x225.jpg 400w, https:\/\/www.lasalle.org\/wp-content\/uploads\/2026\/04\/Lio_STRATCOM-26-2-600x337.jpg 600w, https:\/\/www.lasalle.org\/wp-content\/uploads\/2026\/04\/Lio_STRATCOM-26-2-768x432.jpg 768w, https:\/\/www.lasalle.org\/wp-content\/uploads\/2026\/04\/Lio_STRATCOM-26-2-800x450.jpg 800w, https:\/\/www.lasalle.org\/wp-content\/uploads\/2026\/04\/Lio_STRATCOM-26-2-1200x675.jpg 1200w, https:\/\/www.lasalle.org\/wp-content\/uploads\/2026\/04\/Lio_STRATCOM-26-2-1536x864.jpg 1536w, https:\/\/www.lasalle.org\/wp-content\/uploads\/2026\/04\/Lio_STRATCOM-26-2-1800x1012.jpg 1800w\" sizes=\"(max-width: 300px) 100vw, 300px\" \/><p id=\"caption-attachment-125204\" class=\"wp-caption-text\"><span style=\"font-size: 8pt;\">Lio<\/span><\/p><\/div>\n<p>Partecipando ai programmi di studio offerti, i giovani Rohingya non solo si inseriscono nelle dinamiche educative di alta qualit\u00e0 proposte dall\u2019Universit\u00e0, ma vengono accolti con calore e fraternit\u00e0 e si sentono incoraggiati a ripensare la propria vita e a sognare in grande. Ecco perch\u00e9 \u201cle loro storie fanno parte del Festival della Missione Lasalliana di quest\u2019anno, offrendo alla comunit\u00e0 <b>una testimonianza viva di ci\u00f2 che significa realizzare la speranza: insieme, come un\u2019unica famiglia lasalliana<\/b>\u201d, sottolinea Jose Ritche.<\/p>\n<p><span style=\"font-weight: 400;\">Lio aspira a diventare un informatico. Con la sua formazione spera di trovare un lavoro ben retribuito \u201cperch\u00e9 voglio mantenere me stesso e la mia famiglia\u201d. \u201cStudier\u00f2 molto e li render\u00f2 orgogliosi\u201d. \u201c<\/span><b>Il mio sogno \u00e8 riunire tutta la mia famiglia in un unico posto (\u2026) in Malesia, da qualche parte<\/b><span style=\"font-weight: 400;\">. Per riuscirci, devo guadagnare molti soldi. E poi, ovviamente, ottenere la cittadinanza di un paese qualsiasi. Credo che l\u2019unica cosa che ci manca rispetto agli altri, a chi ha un Paese, sia la libert\u00e0, la libert\u00e0 di movimento per andare in altri luoghi. Dato che siamo rifugiati, non possiamo viaggiare all\u2019estero\u201d.<\/span><\/p>\n<p><span style=\"font-weight: 400;\">Ash vuole lavorare come analista di dati. \u201c<\/span><b>Sto anche pensando di avviare un\u2019attivit\u00e0 in proprio<\/b><span style=\"font-weight: 400;\">\u201d. Con il suo lavoro spera di avere risorse sufficienti per prendersi cura dei suoi genitori: \u201cMi hanno dato tanto e vorrei ricambiarli in qualche modo. Mi hanno sempre sostenuto e mi hanno sempre dato tutto ci\u00f2 che desideravo, anche se ci sono stati momenti in cui abbiamo avuto difficolt\u00e0 economiche (\u2026). Cercher\u00f2 di aiutare il pi\u00f9 possibile\u201d.<\/span><\/p>\n<p><span style=\"font-weight: 400;\">\u201cContinuare a sognare\u201d, \u201cstudiare e lavorare sodo\u201d, \u201csostenere la mia famiglia e la mia comunit\u00e0\u201d. Le testimonianze di Lio e Ash commuovono e ispirano. Sanno di <\/span><b>poter contare sull\u2019intera comunit\u00e0 della De La Salle University-Dasmari\u00f1as per scrivere una nuova pagina delle loro storie<\/b><span style=\"font-weight: 400;\">.<\/span><\/p>\n<p><span style=\"font-weight: 400;\">\u201cAiuta chi ha bisogno e rendili orgogliosi. E credi in te stesso. Certo che ce la puoi fare. <\/span><b>Non importa da dove vieni. Credi anche in Dio e continua a impegnarti<\/b><span style=\"font-weight: 400;\">\u201d, \u00e8 il consiglio di Lio.<\/span><\/p>\n<p><span style=\"font-weight: 400;\">\u201c<\/span><b>Prendi la vita sul serio. Ricorda che ci sono persone che contano su di te<\/b><span style=\"font-weight: 400;\">. I tuoi genitori, i tuoi fratelli e il resto della tua famiglia contano su di te. E non dimenticare la tua scuola, i tuoi insegnanti. Hanno sempre creduto in te. Quindi rendi tutti orgogliosi di te\u201d, aggiunge Ash.<\/span><\/p>\n<p><span style=\"font-weight: 400;\">Nel mezzo del conflitto che continua a colpire il loro popolo, i Rohingya si aggrappano alla speranza di poter un giorno trovare <\/span><b>un luogo da chiamare casa<\/b><span style=\"font-weight: 400;\">. Una casa come quella che hanno trovato a La Salle, dove \u201ctutto \u00e8 connesso\u201d, compresi i sogni condivisi. <\/span><\/p>\n<\/div><div class=\"fusion-title title fusion-title-4 fusion-sep-none fusion-title-text fusion-title-size-two\" style=\"--awb-text-color:var(--awb-custom17);--awb-font-size:22px;\"><h2 class=\"fusion-title-heading title-heading-left\" style=\"margin:0;font-size:1em;\"><b><i>Ti invitiamo a guardare il video realizzato dalla De La Salle University-Dasmari\u00f1as:<\/i><\/b><\/h2><\/div><div class=\"fusion-video fusion-youtube\" style=\"--awb-max-width:1000px;--awb-max-height:650px;--awb-align-self:center;--awb-width:100%;\"><div class=\"video-shortcode\"><div class=\"fluid-width-video-wrapper\" style=\"padding-top:65%;\" ><iframe title=\"YouTube video player 1\" src=\"https:\/\/www.youtube.com\/embed\/2ihF51O4w4Q?wmode=transparent&autoplay=0\" width=\"1000\" height=\"650\" allowfullscreen allow=\"autoplay; clipboard-write; encrypted-media; gyroscope; picture-in-picture;\"><\/iframe><\/div><\/div><\/div><div class=\"fusion-separator fusion-full-width-sep\" style=\"align-self: center;margin-left: auto;margin-right: auto;margin-top:10px;margin-bottom:10px;width:100%;\"><div class=\"fusion-separator-border sep-single sep-solid\" style=\"--awb-height:20px;--awb-amount:20px;border-color:#e0dede;border-top-width:1px;\"><\/div><\/div><div class=\"fusion-text fusion-text-5\" style=\"--awb-font-size:14px;\"><p><i><span style=\"font-weight: 400;\">* Il <\/span><\/i><a href=\"https:\/\/www.facebook.com\/profile.php?id=61562432970199\"><i><span style=\"font-weight: 400;\">Festival de la Misi\u00f3n Lasaliana<\/span><\/i><\/a><i><span style=\"font-weight: 400;\"> \u00e8 la celebrazione annuale con cui l\u2019Universit\u00e0 afferma la propria identit\u00e0 lasalliana, riunendo l\u2019intera comunit\u00e0 accademica in un\u2019esperienza condivisa di fede, servizio e comunione. Basato sul tema \u201cFratres in Unum: Fede in comunione, missione in azione\u201d, l\u2019LMF 2026 sottolinea che <\/span><\/i><b><i>la nostra missione si vive in modo pi\u00f9 significativo nella relazione \u2013 con Dio e tra di noi \u2013 specialmente con gli emarginati<\/i><\/b><i><span style=\"font-weight: 400;\">.<\/span><\/i><\/p>\n<\/div><div class=\"fusion-text fusion-text-6\" style=\"--awb-font-size:14px;\"><p><i><span style=\"font-weight: 400;\">** Attualmente il consorzio Pathways Pilipinas \u00e8 composto dal De La Salle Filippine (De La Salle Brothers, Inc.) \u2013 attraverso la sua Unit\u00e0 di Azione Sociale (SAU), che funge da coordinatrice della rete \u2013 la De La Salle Araneta University, la University of St. La Salle, la De La Salle University-Dasmari\u00f1as, il Columban College Incorporated, la San Beda University, la St. Louis University e la Tarlac State University.<\/span><\/i><\/p>\n<\/div><div class=\"fusion-text fusion-text-7\" style=\"--awb-font-size:14px;\"><p><i><span style=\"font-weight: 400;\">Articolo redatto in collaborazione con la De La Salle University-Dasmari\u00f1as.<\/span><\/i><\/p>\n<\/div><\/div><\/div><\/div><\/div>\n","protected":false},"excerpt":{"rendered":"","protected":false},"author":9,"featured_media":125198,"comment_status":"closed","ping_status":"closed","sticky":false,"template":"","format":"standard","meta":{"_tec_requires_first_save":true,"_monsterinsights_skip_tracking":false,"_monsterinsights_sitenote_active":false,"_monsterinsights_sitenote_note":"","_monsterinsights_sitenote_category":0,"_EventAllDay":false,"_EventTimezone":"","_EventStartDate":"","_EventEndDate":"","_EventStartDateUTC":"","_EventEndDateUTC":"","_EventShowMap":false,"_EventShowMapLink":false,"_EventURL":"","_EventCost":"","_EventCostDescription":"","_EventCurrencySymbol":"","_EventCurrencyCode":"","_EventCurrencyPosition":"","_EventDateTimeSeparator":"","_EventTimeRangeSeparator":"","_EventOrganizerID":[],"_EventVenueID":[],"_OrganizerEmail":"","_OrganizerPhone":"","_OrganizerWebsite":"","_VenueAddress":"","_VenueCity":"","_VenueCountry":"","_VenueProvince":"","_VenueState":"","_VenueZip":"","_VenuePhone":"","_VenueURL":"","_VenueStateProvince":"","_VenueLat":"","_VenueLng":"","_VenueShowMap":false,"_VenueShowMapLink":false,"_tribe_blocks_recurrence_rules":"","_tribe_blocks_recurrence_description":"","_tribe_blocks_recurrence_exclusions":"","footnotes":""},"categories":[3366,3446],"tags":[],"class_list":["post-125211","post","type-post","status-publish","format-standard","has-post-thumbnail","hentry","category-notizie","category-parc-it"],"_links":{"self":[{"href":"https:\/\/www.lasalle.org\/it\/wp-json\/wp\/v2\/posts\/125211","targetHints":{"allow":["GET"]}}],"collection":[{"href":"https:\/\/www.lasalle.org\/it\/wp-json\/wp\/v2\/posts"}],"about":[{"href":"https:\/\/www.lasalle.org\/it\/wp-json\/wp\/v2\/types\/post"}],"author":[{"embeddable":true,"href":"https:\/\/www.lasalle.org\/it\/wp-json\/wp\/v2\/users\/9"}],"replies":[{"embeddable":true,"href":"https:\/\/www.lasalle.org\/it\/wp-json\/wp\/v2\/comments?post=125211"}],"version-history":[{"count":2,"href":"https:\/\/www.lasalle.org\/it\/wp-json\/wp\/v2\/posts\/125211\/revisions"}],"predecessor-version":[{"id":125213,"href":"https:\/\/www.lasalle.org\/it\/wp-json\/wp\/v2\/posts\/125211\/revisions\/125213"}],"wp:featuredmedia":[{"embeddable":true,"href":"https:\/\/www.lasalle.org\/it\/wp-json\/wp\/v2\/media\/125198"}],"wp:attachment":[{"href":"https:\/\/www.lasalle.org\/it\/wp-json\/wp\/v2\/media?parent=125211"}],"wp:term":[{"taxonomy":"category","embeddable":true,"href":"https:\/\/www.lasalle.org\/it\/wp-json\/wp\/v2\/categories?post=125211"},{"taxonomy":"post_tag","embeddable":true,"href":"https:\/\/www.lasalle.org\/it\/wp-json\/wp\/v2\/tags?post=125211"}],"curies":[{"name":"wp","href":"https:\/\/api.w.org\/{rel}","templated":true}]}}