{"id":125215,"date":"2026-04-30T14:44:33","date_gmt":"2026-04-30T12:44:33","guid":{"rendered":"https:\/\/www.lasalle.org\/?p=125215"},"modified":"2026-04-30T14:57:33","modified_gmt":"2026-04-30T12:57:33","slug":"relazione-speciale-la-missione-lasalliana-a-cuba","status":"publish","type":"post","link":"https:\/\/www.lasalle.org\/it\/relazione-speciale-la-missione-lasalliana-a-cuba\/","title":{"rendered":"Relazione speciale: la missione lasalliana a Cuba"},"content":{"rendered":"<div class=\"pdfprnt-buttons pdfprnt-buttons-post pdfprnt-top-right\"><a href=\"https:\/\/www.lasalle.org\/it\/wp-json\/wp\/v2\/posts\/125215?print=pdf\" class=\"pdfprnt-button pdfprnt-button-pdf\" target=\"_blank\" ><img decoding=\"async\" src=\"https:\/\/www.lasalle.org\/wp-content\/plugins\/pdf-print\/images\/pdf.png\" alt=\"image_pdf\" title=\"Scarica il pdf\" \/><span class=\"pdfprnt-button-title pdfprnt-button-pdf-title\">PDF<\/span><\/a><a href=\"https:\/\/www.lasalle.org\/it\/wp-json\/wp\/v2\/posts\/125215?print=print\" class=\"pdfprnt-button pdfprnt-button-print\" target=\"_blank\" ><img decoding=\"async\" src=\"https:\/\/www.lasalle.org\/wp-content\/plugins\/pdf-print\/images\/print.png\" alt=\"image_print\" title=\"Stampa contenuto\" \/><span class=\"pdfprnt-button-title pdfprnt-button-print-title\">PRINT<\/span><\/a><\/div><div class=\"fusion-fullwidth fullwidth-box fusion-builder-row-1 fusion-flex-container nonhundred-percent-fullwidth non-hundred-percent-height-scrolling\" style=\"--awb-border-radius-top-left:0px;--awb-border-radius-top-right:0px;--awb-border-radius-bottom-right:0px;--awb-border-radius-bottom-left:0px;--awb-flex-wrap:wrap;\" ><div class=\"fusion-builder-row fusion-row fusion-flex-align-items-flex-start fusion-flex-content-wrap\" style=\"max-width:1248px;margin-left: calc(-4% \/ 2 );margin-right: calc(-4% \/ 2 );\"><div class=\"fusion-layout-column fusion_builder_column fusion-builder-column-0 fusion_builder_column_1_1 1_1 fusion-flex-column\" style=\"--awb-bg-size:cover;--awb-width-large:100%;--awb-margin-top-large:0px;--awb-spacing-right-large:1.92%;--awb-margin-bottom-large:0px;--awb-spacing-left-large:1.92%;--awb-width-medium:100%;--awb-spacing-right-medium:1.92%;--awb-spacing-left-medium:1.92%;--awb-width-small:100%;--awb-spacing-right-small:1.92%;--awb-spacing-left-small:1.92%;\"><div class=\"fusion-column-wrapper fusion-flex-justify-content-flex-start fusion-content-layout-column\"><div class=\"fusion-text fusion-text-1\"><p><span style=\"font-weight: 400;\">Da diversi decenni la missione della Chiesa cattolica sull\u2019isola di Cuba e, in particolare, la Missione Educativa Lasalliana, \u00e8 stata profondamente influenzata da diverse realt\u00e0 interne ed esterne derivanti dalla Rivoluzione cubana (1953), che ha costretto numerose congregazioni religiose all\u2019esilio.<\/span><\/p>\n<p><span style=\"font-weight: 400;\">\u201cOggi continuiamo a essere preoccupati per la situazione socio-politica dell\u2019isola e, naturalmente, per quella dei quattro Fratelli che compongono la comunit\u00e0 di Santiago de Cuba, cos\u00ec come per la comunit\u00e0 che fa parte del nostro Centro di Formazione in questa citt\u00e0\u201d, commenta Fr. Jos\u00e9 Francisco Flores, Visitatore del Distretto Antille-Messico Sud, dopo la sua pi\u00f9 recente visita a questa comunit\u00e0.<\/span><\/p>\n<\/div><div class=\"fusion-title title fusion-title-1 fusion-sep-none fusion-title-text fusion-title-size-two\" style=\"--awb-text-color:var(--awb-custom17);--awb-font-size:22px;\"><h2 class=\"fusion-title-heading title-heading-left\" style=\"margin:0;font-size:1em;\"><b>Carenza e degrado nel Paese<\/b><\/h2><\/div><div class=\"fusion-text fusion-text-2\"><p><span style=\"font-weight: 400;\">Negli ultimi otto anni la situazione del Paese si \u00e8 progressivamente deteriorata a causa delle continue interruzioni di corrente, della carenza di benzina e gasolio \u2013 venduti a prezzi esorbitanti \u2013, della mancanza di gas da cucina, del razionamento dell\u2019acqua e della carenza, in generale, di ogni tipo di bene di prima necessit\u00e0, quali medicinali, vestiti, attrezzi, pezzi di ricambio, contante e generi alimentari. Inoltre, \u201c\u00e8 crollato il sistema di razionamento tramite tessere nei negozi, con il quale lo Stato forniva cibo alla popolazione\u201d.<\/span><\/p>\n<p><span style=\"font-weight: 400;\">Quest&#8217;anno, a seguito delle complesse condizioni geopolitiche imposte nella regione a partire dal mese di gennaio, questa situazione si \u00e8 aggravata. La carenza di beni di prima necessit\u00e0 e di generi alimentari ha indotto un aumento inusuale dei prezzi, mentre il razionamento del carburante da parte del governo limita le opzioni di trasporto motorizzato. \u201cNon c\u2019\u00e8 modo nemmeno di far funzionare le motociclette elettriche, a causa delle lunghe ore senza energia elettrica e del poco tempo in cui l\u2019elettricit\u00e0 \u00e8 disponibile dopo due o tre giorni di \u2018blackout\u2019\u201d.<\/span><\/p>\n<p><span style=\"font-weight: 400;\">\u201cNon resta che andare a piedi a procurarsi i beni di prima necessit\u00e0. Inoltre, da quasi un anno la gente cucina a carbone, perch\u00e9 manca la fornitura di gas per uso domestico\u201d.<\/span><\/p>\n<p><span style=\"font-weight: 400;\">A tutto ci\u00f2 si aggiunge la progressiva riduzione dei servizi di vario genere da parte delle aziende statali, a causa dell\u2019impossibilit\u00e0 di operare, con le relative conseguenze sulla vita della popolazione.<\/span><\/p>\n<p><span style=\"font-weight: 400;\">Ad esempio, dal punto di vista sanitario \u201cl&#8217;accumulo di rifiuti nei centri urbani \u2013 come avviene nella citt\u00e0 di Santiago \u2013, a causa della mancanza del servizio pubblico di raccolta, \u00e8 diventato un potenziale focolaio di malattie e di proliferazione di fauna nociva\u201d.\u00a0<\/span><\/p>\n<p><span style=\"font-weight: 400;\">Alla luce di tutto ci\u00f2, sebbene sia evidente che la popolazione \u00e8 disperata, essa dimostra anche di essere resiliente e non si registrano episodi di violenza.<\/span><\/p>\n<\/div><div class=\"fusion-title title fusion-title-2 fusion-sep-none fusion-title-text fusion-title-size-two\" style=\"--awb-text-color:var(--awb-custom17);--awb-font-size:22px;\"><h2 class=\"fusion-title-heading title-heading-left\" style=\"margin:0;font-size:1em;\"><b>Solidariet\u00e0 e fiducia nella Chiesa<\/b><\/h2><\/div><div class=\"fusion-text fusion-text-3\"><p><span style=\"font-weight: 400;\">\u201cLa Chiesa cattolica riceve alcune donazioni, ma non sono mai sufficienti per alleviare le difficolt\u00e0 di cos\u00ec tante persone. \u00c8 l\u2019unica organizzazione di cui la gente si fida affinch\u00e9 gli aiuti giungano ai destinatari finali\u201d, commentano i Fratelli della comunit\u00e0 di Santiago de Cuba.<\/span><\/p>\n<p><span style=\"font-weight: 400;\">Questa comunit\u00e0, infatti, si \u00e8 dimostrata molto solidale con gli insegnanti e gli alunni del centro, nonch\u00e9 con i missionari e i vicini con cui condivide la catechesi durante i fine settimana. \u201cLa gente apprezza molto il modesto servizio educativo che il centro \u00e8 attualmente in grado di offrire, la condivisione delle poche risorse di cui dispone la comunit\u00e0 e, soprattutto, la sua presenza solidale\u201d, sottolinea il Fratel Jos\u00e9 Francisco.<\/span><\/p>\n<p><span style=\"font-weight: 400;\">Per consentire alla Missione Lasalliana di proseguire, seppur con ritmi diversi, i Fratelli hanno razionato il poco carburante che hanno risparmiato per garantire il funzionamento del generatore elettrico per brevi periodi, in modo che alcune delle attivit\u00e0 del Centro di Formazione possano continuare. Anche i vicini approfittano di questi brevi periodi di elettricit\u00e0 per ricaricare le batterie dei propri dispositivi. Con loro, inoltre, la comunit\u00e0 lasalliana condivide il poco aiuto in beni di consumo che le arriva.<\/span><\/p>\n<p><span style=\"font-weight: 400;\">\u201cNessuno dei Fratelli n\u00e9 la comunit\u00e0 nel suo insieme ha chiesto di lasciare Cuba\u201d, sottolinea il Visitatore del Distretto di Antille-Messico Sud. \u201cRimangono solidali, affermano che Dio \u00e8 la nostra forza e che lo Spirito ci guida\u201d, conclude.<\/span><\/p>\n<\/div><div class=\"fusion-text fusion-text-4\" style=\"--awb-font-size:14px;\"><p><i><span style=\"font-weight: 400;\">* Rapporto redatto in collaborazione con il Distretto delle Antille-Messico Meridionale. Foto: archivio privato.<\/span><\/i><\/p>\n<\/div><\/div><\/div><\/div><\/div>\n","protected":false},"excerpt":{"rendered":"","protected":false},"author":9,"featured_media":125216,"comment_status":"closed","ping_status":"closed","sticky":false,"template":"","format":"standard","meta":{"_tec_requires_first_save":true,"_monsterinsights_skip_tracking":false,"_monsterinsights_sitenote_active":false,"_monsterinsights_sitenote_note":"","_monsterinsights_sitenote_category":0,"_EventAllDay":false,"_EventTimezone":"","_EventStartDate":"","_EventEndDate":"","_EventStartDateUTC":"","_EventEndDateUTC":"","_EventShowMap":false,"_EventShowMapLink":false,"_EventURL":"","_EventCost":"","_EventCostDescription":"","_EventCurrencySymbol":"","_EventCurrencyCode":"","_EventCurrencyPosition":"","_EventDateTimeSeparator":"","_EventTimeRangeSeparator":"","_EventOrganizerID":[],"_EventVenueID":[],"_OrganizerEmail":"","_OrganizerPhone":"","_OrganizerWebsite":"","_VenueAddress":"","_VenueCity":"","_VenueCountry":"","_VenueProvince":"","_VenueState":"","_VenueZip":"","_VenuePhone":"","_VenueURL":"","_VenueStateProvince":"","_VenueLat":"","_VenueLng":"","_VenueShowMap":false,"_VenueShowMapLink":false,"_tribe_blocks_recurrence_rules":"","_tribe_blocks_recurrence_description":"","_tribe_blocks_recurrence_exclusions":"","footnotes":""},"categories":[3357,3366,3488],"tags":[],"class_list":["post-125215","post","type-post","status-publish","format-standard","has-post-thumbnail","hentry","category-missione-e-solidarieta","category-notizie","category-relal-it"],"_links":{"self":[{"href":"https:\/\/www.lasalle.org\/it\/wp-json\/wp\/v2\/posts\/125215","targetHints":{"allow":["GET"]}}],"collection":[{"href":"https:\/\/www.lasalle.org\/it\/wp-json\/wp\/v2\/posts"}],"about":[{"href":"https:\/\/www.lasalle.org\/it\/wp-json\/wp\/v2\/types\/post"}],"author":[{"embeddable":true,"href":"https:\/\/www.lasalle.org\/it\/wp-json\/wp\/v2\/users\/9"}],"replies":[{"embeddable":true,"href":"https:\/\/www.lasalle.org\/it\/wp-json\/wp\/v2\/comments?post=125215"}],"version-history":[{"count":1,"href":"https:\/\/www.lasalle.org\/it\/wp-json\/wp\/v2\/posts\/125215\/revisions"}],"predecessor-version":[{"id":125217,"href":"https:\/\/www.lasalle.org\/it\/wp-json\/wp\/v2\/posts\/125215\/revisions\/125217"}],"wp:featuredmedia":[{"embeddable":true,"href":"https:\/\/www.lasalle.org\/it\/wp-json\/wp\/v2\/media\/125216"}],"wp:attachment":[{"href":"https:\/\/www.lasalle.org\/it\/wp-json\/wp\/v2\/media?parent=125215"}],"wp:term":[{"taxonomy":"category","embeddable":true,"href":"https:\/\/www.lasalle.org\/it\/wp-json\/wp\/v2\/categories?post=125215"},{"taxonomy":"post_tag","embeddable":true,"href":"https:\/\/www.lasalle.org\/it\/wp-json\/wp\/v2\/tags?post=125215"}],"curies":[{"name":"wp","href":"https:\/\/api.w.org\/{rel}","templated":true}]}}